{"id":24441,"date":"2014-03-26T18:19:48","date_gmt":"2014-03-26T15:19:48","guid":{"rendered":"https:\/\/www.enerjigazetesi.ist\/?p=24441"},"modified":"2014-03-26T18:19:48","modified_gmt":"2014-03-26T15:19:48","slug":"turkiyenin-kurulu-gucu-iki-ayda-41-santralle-birlikte-64-bin-483-megavata-ulasti","status":"publish","type":"post","link":"https:\/\/www.enerjigazetesi.ist\/en\/turkiyenin-kurulu-gucu-iki-ayda-41-santralle-birlikte-64-bin-483-megavata-ulasti\/","title":{"rendered":"(Turkish) T\u00fcrkiye\u2019nin Kurulu G\u00fcc\u00fc, \u0130ki Ayda 41 Santralle Birlikte 64 Bin 483 Megavata Ula\u015ft\u0131&#8230;"},"content":{"rendered":"<p class=\"qtranxs-available-languages-message qtranxs-available-languages-message-en\">Sorry, this entry is only available in <a href=\"https:\/\/www.enerjigazetesi.ist\/tr\/wp-json\/wp\/v2\/posts\/24441\" class=\"qtranxs-available-language-link qtranxs-available-language-link-tr\" title=\"Turkish\">Turkish<\/a>. For the sake of viewer convenience, the content is shown below in the alternative language. You may click the link to switch the active language.<\/p><p><strong>Son y\u0131llarda ivme kazanan enerji yat\u0131r\u0131mlar\u0131yla birlikte devreye al\u0131nan santrallerin say\u0131s\u0131 da artmaya devam ediyor. T\u00fcrkiye\u2019nin elektrikteki toplam kurulu g\u00fcc\u00fc ge\u00e7en y\u0131l\u0131n \u015fubat ay\u0131na g\u00f6re y\u00fczde 12 art\u0131\u015f g\u00f6sterdi. Enerji ve Tabii Kaynaklar Bakanl\u0131\u011f\u0131 verilerinden derlenen bilgilere g\u00f6re, ocak ve \u015fubat aylar\u0131 i\u00e7inde 507 megavatl\u0131k g\u00fcce sahip toplam<a href=\"https:\/\/www.enerjigazetesi.ist\/wp-content\/uploads\/2014\/03\/turkiyenin-kurulu-gucu-iki-ayda-41-santralle-birlikte-64-bin-483-megavata-ulasti.jpg\"><img loading=\"lazy\" class=\"alignright size-medium wp-image-24442\" title=\"turkiyenin-kurulu-gucu-iki-ayda-41-santralle-birlikte-64-bin-483-megavata-ulasti\" src=\"https:\/\/www.enerjigazetesi.ist\/wp-content\/uploads\/2014\/03\/turkiyenin-kurulu-gucu-iki-ayda-41-santralle-birlikte-64-bin-483-megavata-ulasti-300x203.jpg\" alt=\"\" width=\"300\" height=\"203\" srcset=\"https:\/\/www.enerjigazetesi.ist\/wp-content\/uploads\/2014\/03\/turkiyenin-kurulu-gucu-iki-ayda-41-santralle-birlikte-64-bin-483-megavata-ulasti-300x203.jpg 300w, https:\/\/www.enerjigazetesi.ist\/wp-content\/uploads\/2014\/03\/turkiyenin-kurulu-gucu-iki-ayda-41-santralle-birlikte-64-bin-483-megavata-ulasti-73x50.jpg 73w, https:\/\/www.enerjigazetesi.ist\/wp-content\/uploads\/2014\/03\/turkiyenin-kurulu-gucu-iki-ayda-41-santralle-birlikte-64-bin-483-megavata-ulasti.jpg 483w\" sizes=\"(max-width: 300px) 100vw, 300px\" \/><\/a> 41 santral devreye al\u0131nd\u0131. \u0130\u015fletmeye al\u0131nan 41 santralin 20\u2032si HES, 11\u2032i r\u00fczgar, 8\u2032i do\u011fal gaz \u00e7evrim ve 2\u2032si de biyogaz santrallerinden olu\u015ftu.<\/strong><\/p>\n<p>\u0130\u015fletmeye al\u0131nanlar aras\u0131nda kurulu g\u00fcce en fazla katk\u0131y\u0131 hidro elektrik santralleri (HES) sa\u011flad\u0131. Y\u0131l\u0131n ilk 2 ay\u0131nda devreye al\u0131nan enerji yat\u0131r\u0131mlar\u0131n\u0131n 353 megavatl\u0131k k\u0131sm\u0131 HES\u2019lerden, 110 megavatl\u0131k k\u0131sm\u0131 r\u00fczgar enerjisi santrallerinden, 35 megavatl\u0131k k\u0131sm\u0131 termik santrallerden, 7,5 megavatl\u0131k b\u00f6l\u00fcm\u00fc de jeotermal, \u00e7\u00f6p, at\u0131k \u0131s\u0131 ve biyogaz santrallerinden olu\u015ftu. Bu y\u0131l devreye al\u0131nan kurulu g\u00fcc\u00fc en b\u00fcy\u00fck santral ise 61,95 megavatla Adana\u2019daki Kav\u015fak Bendi Hidroelektrik Santrali oldu.<\/p>\n<p>\u00d6te yandan \u015fubat ay\u0131ndaki elektrik t\u00fcketimi ge\u00e7en y\u0131l\u0131n ayn\u0131 ay\u0131na g\u00f6re y\u00fczde 4,2 art\u0131\u015f g\u00f6sterdi. Ge\u00e7en y\u0131l\u0131n \u015fubat ay\u0131nda 188 bin 42 gigavatsaat olan t\u00fcketim, bu y\u0131l\u0131n ayn\u0131 ay\u0131nda 19 bin 634 gigavatsaate \u00e7\u0131kt\u0131.<\/p>\n<p>Elektrik \u00fcretimi ise t\u00fcketimdeki art\u0131\u015ftan fazla oldu. S\u00f6z konusu d\u00f6nemde elektrik \u00fcretimindeki art\u0131\u015f y\u00fczde 5,2\u2019yi buldu. Ge\u00e7en y\u0131l\u0131n \u015fubat ay\u0131nda 18 bin 287 gigavatsaat olan elektrik \u00fcretimi bu y\u0131l\u0131n ayn\u0131 ay\u0131nda 19 bin 237 gigavatsaate y\u00fckseldi.<\/p>\n<p>Kaynak: <a href=\"http:\/\/www.ensonhaber.com\/turkiyede-elektrik-gucune-santral-destegi-2014-03-25.html\" target=\"_blank\">ensonhaber<\/a><\/p>","protected":false},"excerpt":{"rendered":"<p>Sorry, this entry is only available in Turkish. For the sake of viewer convenience, the content is shown below in the alternative language. You may click the link to switch the active language.Son y\u0131llarda ivme kazanan enerji yat\u0131r\u0131mlar\u0131yla birlikte devreye al\u0131nan santrallerin say\u0131s\u0131 da artmaya devam ediyor. T\u00fcrkiye\u2019nin elektrikteki toplam kurulu g\u00fcc\u00fc ge\u00e7en y\u0131l\u0131n \u015fubat [&hellip;]<\/p>\n","protected":false},"author":1,"featured_media":24442,"comment_status":"open","ping_status":"open","sticky":false,"template":"","format":"standard","meta":[],"categories":[51,53],"tags":[6100,1162,68,61,19,12441,63,67,1009,165,35370,13814,69],"views":821,"_links":{"self":[{"href":"https:\/\/www.enerjigazetesi.ist\/en\/wp-json\/wp\/v2\/posts\/24441"}],"collection":[{"href":"https:\/\/www.enerjigazetesi.ist\/en\/wp-json\/wp\/v2\/posts"}],"about":[{"href":"https:\/\/www.enerjigazetesi.ist\/en\/wp-json\/wp\/v2\/types\/post"}],"author":[{"embeddable":true,"href":"https:\/\/www.enerjigazetesi.ist\/en\/wp-json\/wp\/v2\/users\/1"}],"replies":[{"embeddable":true,"href":"https:\/\/www.enerjigazetesi.ist\/en\/wp-json\/wp\/v2\/comments?post=24441"}],"version-history":[{"count":2,"href":"https:\/\/www.enerjigazetesi.ist\/en\/wp-json\/wp\/v2\/posts\/24441\/revisions"}],"predecessor-version":[{"id":24444,"href":"https:\/\/www.enerjigazetesi.ist\/en\/wp-json\/wp\/v2\/posts\/24441\/revisions\/24444"}],"wp:featuredmedia":[{"embeddable":true,"href":"https:\/\/www.enerjigazetesi.ist\/en\/wp-json\/wp\/v2\/media\/24442"}],"wp:attachment":[{"href":"https:\/\/www.enerjigazetesi.ist\/en\/wp-json\/wp\/v2\/media?parent=24441"}],"wp:term":[{"taxonomy":"category","embeddable":true,"href":"https:\/\/www.enerjigazetesi.ist\/en\/wp-json\/wp\/v2\/categories?post=24441"},{"taxonomy":"post_tag","embeddable":true,"href":"https:\/\/www.enerjigazetesi.ist\/en\/wp-json\/wp\/v2\/tags?post=24441"}],"curies":[{"name":"wp","href":"https:\/\/api.w.org\/{rel}","templated":true}]}}