{"id":24418,"date":"2014-03-25T17:33:58","date_gmt":"2014-03-25T14:33:58","guid":{"rendered":"https:\/\/www.enerjigazetesi.ist\/?p=24418"},"modified":"2014-03-25T17:33:58","modified_gmt":"2014-03-25T14:33:58","slug":"almanyada-yenilenebilir-enerjiye-gecisi-hizlandirmak-icin-gosteriler","status":"publish","type":"post","link":"https:\/\/www.enerjigazetesi.ist\/en\/almanyada-yenilenebilir-enerjiye-gecisi-hizlandirmak-icin-gosteriler\/","title":{"rendered":"(Turkish) Almanya\u2019da Yenilenebilir Enerjiye Ge\u00e7i\u015fi H\u0131zland\u0131rmak \u0130\u00e7in G\u00f6steriler&#8230;"},"content":{"rendered":"<p class=\"qtranxs-available-languages-message qtranxs-available-languages-message-en\">Sorry, this entry is only available in <a href=\"https:\/\/www.enerjigazetesi.ist\/tr\/wp-json\/wp\/v2\/posts\/24418\" class=\"qtranxs-available-language-link qtranxs-available-language-link-tr\" title=\"Turkish\">Turkish<\/a>. For the sake of viewer convenience, the content is shown below in the alternative language. You may click the link to switch the active language.<\/p><p><strong>Almanya\u2019n\u0131n bir\u00e7ok kentinde hafta sonunda yenilenebilir enerjiye ge\u00e7i\u015f i\u00e7in yap\u0131lan g\u00f6sterilere binlerce ki\u015fi kat\u0131ld\u0131. D\u00fcsseldorf, Hannover, Kiel, Potsdam, M\u00fcnchen, Mainz ve Wiesbaden kentlerinde d\u00fczenlenen miting ve y\u00fcr\u00fcy\u00fc\u015flerde, r\u00fczg\u00e2r ve g\u00fcne\u015f enerjisi santrallerinin yap\u0131m\u0131n\u0131n h\u0131zland\u0131r\u0131lmas\u0131 istendi. G\u00f6stericiler, yenilenebilir enerjiye verilen te\u015fvi\u011fin k\u0131s\u0131tlanmak istenmesine de kar\u015f\u0131 \u00e7\u0131kt\u0131lar.<\/strong><\/p>\n<p>G\u00f6steriler Alman \u00c7evre ve Do\u011fay\u0131 Koruma Birli\u011fi (BUND), \u201cAnti-Atom\u201d \u00d6rg\u00fct\u00fc, \u201ccampact\u201d ve \u201c<a href=\"https:\/\/www.enerjigazetesi.ist\/wp-content\/uploads\/2014\/03\/almanyada-yenilenebilir-enerjiye-gecisi-hizlandirmak-icin-gosteriler.jpg\"><img loading=\"lazy\" class=\"alignright size-medium wp-image-24419\" title=\"almanyada-yenilenebilir-enerjiye-gecisi-hizlandirmak-icin-gosteriler\" src=\"https:\/\/www.enerjigazetesi.ist\/wp-content\/uploads\/2014\/03\/almanyada-yenilenebilir-enerjiye-gecisi-hizlandirmak-icin-gosteriler-300x191.jpg\" alt=\"\" width=\"300\" height=\"191\" srcset=\"https:\/\/www.enerjigazetesi.ist\/wp-content\/uploads\/2014\/03\/almanyada-yenilenebilir-enerjiye-gecisi-hizlandirmak-icin-gosteriler-300x191.jpg 300w, https:\/\/www.enerjigazetesi.ist\/wp-content\/uploads\/2014\/03\/almanyada-yenilenebilir-enerjiye-gecisi-hizlandirmak-icin-gosteriler-78x50.jpg 78w, https:\/\/www.enerjigazetesi.ist\/wp-content\/uploads\/2014\/03\/almanyada-yenilenebilir-enerjiye-gecisi-hizlandirmak-icin-gosteriler.jpg 386w\" sizes=\"(max-width: 300px) 100vw, 300px\" \/><\/a>.ausgestrahlt\u201d isimli platformlar taraf\u0131ndan \u00f6rg\u00fctlendi. Ye\u015filler, Sol Parti ve Korsanlar Partisi de eylemlere destek verdi.<\/p>\n<p>Ye\u015filler Partisi E\u015f Ba\u015fkan\u0131 Simone Peter, Ekonomi Bakan\u0131 ve Ba\u015fbakan Yard\u0131mc\u0131s\u0131 Sigmar Gabriel\u2019i yenilebilir enerji yasas\u0131 (EEG) reformunu yeniden d\u00fczenlerken halk\u0131n tepkisini dikkate almaya \u00e7a\u011f\u0131rd\u0131.<\/p>\n<h2>\u2018N\u00fckleere veda \u00f6ne al\u0131ns\u0131n\u2019<\/h2>\n<p>\u201c.ausgestrahlt\u201d isimli platformun s\u00f6zc\u00fclerinden Jochen Stay, federal h\u00fck\u00fcmeti, n\u00fckleer santralleri 2022 y\u0131l\u0131na kadar kapatma karar\u0131n\u0131 daha da erkene almaya \u00e7a\u011f\u0131rd\u0131. Stay, \u201cEnerji d\u00f6n\u00fc\u015f\u00fcm\u00fcn\u00fcn pahal\u0131ya mal oldu\u011funu iddia edenler, iklim facias\u0131 ve n\u00fckleer at\u0131k felaketinin yol a\u00e7t\u0131\u011f\u0131 harcamalar\u0131 kamuoyundan sakl\u0131yor\u201d dedi.<\/p>\n<p>Federal h\u00fck\u00fcmetin EEG\u2019de nisan ay\u0131 ba\u015f\u0131nda yapmay\u0131 \u00f6ng\u00f6rd\u00fc\u011f\u00fc d\u00fczenlemeler tepki topluyor. H\u00fck\u00fcmet, enerji d\u00f6n\u00fc\u015f\u00fcm\u00fcn\u00fcn maliyetini d\u00fc\u015f\u00fcrmek amac\u0131yla r\u00fczg\u00e2r enerjisine verilen te\u015fvikte y\u00fczde 20\u2032lere kadar varan indirime gitmeyi planl\u0131yor.<\/p>\n<p>Kaynak: <a href=\"http:\/\/www.dw.de\/almanyada-temiz-enerji-g%C3%B6sterileri\/a-17516006\" target=\"_blank\">Deutche Welle<\/a><\/p>","protected":false},"excerpt":{"rendered":"<p>Sorry, this entry is only available in Turkish. For the sake of viewer convenience, the content is shown below in the alternative language. You may click the link to switch the active language.Almanya\u2019n\u0131n bir\u00e7ok kentinde hafta sonunda yenilenebilir enerjiye ge\u00e7i\u015f i\u00e7in yap\u0131lan g\u00f6sterilere binlerce ki\u015fi kat\u0131ld\u0131. D\u00fcsseldorf, Hannover, Kiel, Potsdam, M\u00fcnchen, Mainz ve Wiesbaden kentlerinde [&hellip;]<\/p>\n","protected":false},"author":1,"featured_media":24419,"comment_status":"open","ping_status":"open","sticky":false,"template":"","format":"standard","meta":[],"categories":[53,49,50],"tags":[929,63,67,1009,165,2326,227,13,2569,13806,474,69,16,231,13807,13805],"views":754,"_links":{"self":[{"href":"https:\/\/www.enerjigazetesi.ist\/en\/wp-json\/wp\/v2\/posts\/24418"}],"collection":[{"href":"https:\/\/www.enerjigazetesi.ist\/en\/wp-json\/wp\/v2\/posts"}],"about":[{"href":"https:\/\/www.enerjigazetesi.ist\/en\/wp-json\/wp\/v2\/types\/post"}],"author":[{"embeddable":true,"href":"https:\/\/www.enerjigazetesi.ist\/en\/wp-json\/wp\/v2\/users\/1"}],"replies":[{"embeddable":true,"href":"https:\/\/www.enerjigazetesi.ist\/en\/wp-json\/wp\/v2\/comments?post=24418"}],"version-history":[{"count":2,"href":"https:\/\/www.enerjigazetesi.ist\/en\/wp-json\/wp\/v2\/posts\/24418\/revisions"}],"predecessor-version":[{"id":24421,"href":"https:\/\/www.enerjigazetesi.ist\/en\/wp-json\/wp\/v2\/posts\/24418\/revisions\/24421"}],"wp:featuredmedia":[{"embeddable":true,"href":"https:\/\/www.enerjigazetesi.ist\/en\/wp-json\/wp\/v2\/media\/24419"}],"wp:attachment":[{"href":"https:\/\/www.enerjigazetesi.ist\/en\/wp-json\/wp\/v2\/media?parent=24418"}],"wp:term":[{"taxonomy":"category","embeddable":true,"href":"https:\/\/www.enerjigazetesi.ist\/en\/wp-json\/wp\/v2\/categories?post=24418"},{"taxonomy":"post_tag","embeddable":true,"href":"https:\/\/www.enerjigazetesi.ist\/en\/wp-json\/wp\/v2\/tags?post=24418"}],"curies":[{"name":"wp","href":"https:\/\/api.w.org\/{rel}","templated":true}]}}