{"id":24372,"date":"2014-03-25T10:57:10","date_gmt":"2014-03-25T07:57:10","guid":{"rendered":"https:\/\/www.enerjigazetesi.ist\/?p=24372"},"modified":"2014-03-25T10:57:10","modified_gmt":"2014-03-25T07:57:10","slug":"japonya-abdye-nukleer-madde-gonderecek","status":"publish","type":"post","link":"https:\/\/www.enerjigazetesi.ist\/en\/japonya-abdye-nukleer-madde-gonderecek\/","title":{"rendered":"(Turkish) Japonya ABD\u2019ye N\u00fckleer Madde G\u00f6nderecek!"},"content":{"rendered":"<p class=\"qtranxs-available-languages-message qtranxs-available-languages-message-en\">Sorry, this entry is only available in <a href=\"https:\/\/www.enerjigazetesi.ist\/tr\/wp-json\/wp\/v2\/posts\/24372\" class=\"qtranxs-available-language-link qtranxs-available-language-link-tr\" title=\"Turkish\">Turkish<\/a>. For the sake of viewer convenience, the content is shown below in the alternative language. You may click the link to switch the active language.<\/p><p><strong>\u0130talya ve Bel\u00e7ika, daha \u00f6nceki anla\u015fmalar \u0131\u015f\u0131\u011f\u0131nda n\u00fckleer madde fazlas\u0131n\u0131 ABD\u2019ye g\u00f6nderirken, Japonya benzer bir ad\u0131m atma karar\u0131 ald\u0131. \u0130talya ve Bel\u00e7ika, 58 \u00fclke liderini bir araya getiren N\u00fckleer G\u00fc<a href=\"https:\/\/www.enerjigazetesi.ist\/wp-content\/uploads\/2014\/03\/japonya-abdye-nukleer-madde-gonderecek.jpg\"><img loading=\"lazy\" class=\"alignright size-medium wp-image-24373\" title=\"japonya-abdye-nukleer-madde-gonderecek\" src=\"https:\/\/www.enerjigazetesi.ist\/wp-content\/uploads\/2014\/03\/japonya-abdye-nukleer-madde-gonderecek-300x220.jpg\" alt=\"\" width=\"300\" height=\"220\" srcset=\"https:\/\/www.enerjigazetesi.ist\/wp-content\/uploads\/2014\/03\/japonya-abdye-nukleer-madde-gonderecek-300x220.jpg 300w, https:\/\/www.enerjigazetesi.ist\/wp-content\/uploads\/2014\/03\/japonya-abdye-nukleer-madde-gonderecek-68x50.jpg 68w, https:\/\/www.enerjigazetesi.ist\/wp-content\/uploads\/2014\/03\/japonya-abdye-nukleer-madde-gonderecek.jpg 426w\" sizes=\"(max-width: 300px) 100vw, 300px\" \/><\/a>venlik Zirvesi (NSS) \u00f6ncesinde, \u00fclkelerinde bulunan n\u00fckleer madde fazlas\u0131n\u0131 ge\u00e7mi\u015f anla\u015fmalar \u0131\u015f\u0131\u011f\u0131nda Amerika Birle\u015fik Devletlerine (ABD) g\u00f6nderdiklerini duyurdu.<\/strong><\/p>\n<p>\u0130talya, 20 kilogram y\u00fcksek d\u00fczeyde zenginle\u015ftirilmi\u015f uranyum ve ayr\u0131lm\u0131\u015f pl\u00fctonyumu ABD\u2019ye g\u00f6nderdi\u011fini a\u00e7\u0131klarken, Bel\u00e7ika oran belirtmeden \u201c\u00f6nemli bir miktar\u0131n\u201d g\u00f6nderildi\u011fini duyurdu.<\/p>\n<p>Bu maddeler ayr\u0131\u015ft\u0131r\u0131lana ya da sivil kullan\u0131m ama\u00e7l\u0131 d\u00fc\u015f\u00fck d\u00fczeyde zenginle\u015ftirilmi\u015f uranyuma d\u00f6n\u00fc\u015ft\u00fcr\u00fclene dek ABD\u2019de depolanacak.<\/p>\n<p>Zirve \u00f6ncesi yap\u0131lan bir ba\u015fka a\u00e7\u0131klamada ise Japonya ile ABD aras\u0131nda 315 kilogram pl\u00fctonyum ve zenginle\u015ftirilmi\u015f uranyumun ABD\u2019ye g\u00f6nderilmesi konusunda anla\u015fma sa\u011fland\u0131\u011f\u0131 belirtildi.<\/p>\n<p>Bu anla\u015fma, n\u00fckleer maddelerin g\u00fcvenli\u011fini art\u0131rma \u00e7abas\u0131 i\u00e7inde olan ABD Ba\u015fkan\u0131 Barack Obama a\u00e7\u0131s\u0131ndan \u00f6nemli bir ba\u015far\u0131 olarak de\u011ferlendiriliyor.<\/p>\n<p>Kaynak: <a href=\"http:\/\/www.dunyabulteni.net\/haberler\/293255\/japonya-abdye-nukleer-madde-gonderecek\" target=\"_blank\">D\u00fcnya B\u00fclteni<\/a><\/p>","protected":false},"excerpt":{"rendered":"<p>Sorry, this entry is only available in Turkish. For the sake of viewer convenience, the content is shown below in the alternative language. You may click the link to switch the active language.\u0130talya ve Bel\u00e7ika, daha \u00f6nceki anla\u015fmalar \u0131\u015f\u0131\u011f\u0131nda n\u00fckleer madde fazlas\u0131n\u0131 ABD\u2019ye g\u00f6nderirken, Japonya benzer bir ad\u0131m atma karar\u0131 ald\u0131. \u0130talya ve Bel\u00e7ika, 58 [&hellip;]<\/p>\n","protected":false},"author":1,"featured_media":24373,"comment_status":"open","ping_status":"open","sticky":false,"template":"","format":"standard","meta":[],"categories":[53,43],"tags":[1198,13767,63,67,1009,165,1547,71,21,13765,13766],"views":710,"_links":{"self":[{"href":"https:\/\/www.enerjigazetesi.ist\/en\/wp-json\/wp\/v2\/posts\/24372"}],"collection":[{"href":"https:\/\/www.enerjigazetesi.ist\/en\/wp-json\/wp\/v2\/posts"}],"about":[{"href":"https:\/\/www.enerjigazetesi.ist\/en\/wp-json\/wp\/v2\/types\/post"}],"author":[{"embeddable":true,"href":"https:\/\/www.enerjigazetesi.ist\/en\/wp-json\/wp\/v2\/users\/1"}],"replies":[{"embeddable":true,"href":"https:\/\/www.enerjigazetesi.ist\/en\/wp-json\/wp\/v2\/comments?post=24372"}],"version-history":[{"count":1,"href":"https:\/\/www.enerjigazetesi.ist\/en\/wp-json\/wp\/v2\/posts\/24372\/revisions"}],"predecessor-version":[{"id":24374,"href":"https:\/\/www.enerjigazetesi.ist\/en\/wp-json\/wp\/v2\/posts\/24372\/revisions\/24374"}],"wp:featuredmedia":[{"embeddable":true,"href":"https:\/\/www.enerjigazetesi.ist\/en\/wp-json\/wp\/v2\/media\/24373"}],"wp:attachment":[{"href":"https:\/\/www.enerjigazetesi.ist\/en\/wp-json\/wp\/v2\/media?parent=24372"}],"wp:term":[{"taxonomy":"category","embeddable":true,"href":"https:\/\/www.enerjigazetesi.ist\/en\/wp-json\/wp\/v2\/categories?post=24372"},{"taxonomy":"post_tag","embeddable":true,"href":"https:\/\/www.enerjigazetesi.ist\/en\/wp-json\/wp\/v2\/tags?post=24372"}],"curies":[{"name":"wp","href":"https:\/\/api.w.org\/{rel}","templated":true}]}}