{"id":24250,"date":"2014-03-22T15:37:48","date_gmt":"2014-03-22T12:37:48","guid":{"rendered":"https:\/\/www.enerjigazetesi.ist\/?p=24250"},"modified":"2014-03-22T15:37:48","modified_gmt":"2014-03-22T12:37:48","slug":"abd-lefkosa-buyukelcisi-kibrista-cozum-olmadan-dogalgazin-tasinmasi-zor","status":"publish","type":"post","link":"https:\/\/www.enerjigazetesi.ist\/en\/abd-lefkosa-buyukelcisi-kibrista-cozum-olmadan-dogalgazin-tasinmasi-zor\/","title":{"rendered":"(Turkish) ABD Lefko\u015fa B\u00fcy\u00fckel\u00e7isi: \u2018K\u0131br\u0131s\u2019ta \u00c7\u00f6z\u00fcm Olmadan Do\u011falgaz\u0131n Ta\u015f\u0131nmas\u0131 Zor&#8230;\u2019"},"content":{"rendered":"<p class=\"qtranxs-available-languages-message qtranxs-available-languages-message-en\">Sorry, this entry is only available in <a href=\"https:\/\/www.enerjigazetesi.ist\/tr\/wp-json\/wp\/v2\/posts\/24250\" class=\"qtranxs-available-language-link qtranxs-available-language-link-tr\" title=\"Turkish\">Turkish<\/a>. For the sake of viewer convenience, the content is shown below in the alternative language. You may click the link to switch the active language.<\/p><p><strong>ABD\u2019nin Lefko\u015fa B\u00fcy\u00fckel\u00e7isi John Koenig, adada bir \u00e7\u00f6z\u00fcm olmadan Akdeniz\u2019de ke\u015ffedilen do\u011falgaz kaynaklar\u0131n\u0131n di\u011fer yollardan Avrupa veya T\u00fcrkiye pazar\u0131na ta\u015f\u0131nmas\u0131n\u0131n, \u00e7ok zor yada imkans\u0131z olaca\u011f\u0131n\u0131 s\u00f6yledi. B\u00fcy\u00fckel\u00e7i Koenig, AP Haber Ajans\u0131\u2019na yapt\u0131\u011f\u0131 a\u00e7\u0131klamada, b\u00f6lgede k<a href=\"https:\/\/www.enerjigazetesi.ist\/wp-content\/uploads\/2014\/03\/abd-lefkosa-buyukelcisi-kibrista-cozum-olmadan-dogalgazin-tasinmasi-zor.jpg\"><img loading=\"lazy\" class=\"alignleft size-medium wp-image-24251\" title=\"abd-lefkosa-buyukelcisi-kibrista-cozum-olmadan-dogalgazin-tasinmasi-zor\" src=\"https:\/\/www.enerjigazetesi.ist\/wp-content\/uploads\/2014\/03\/abd-lefkosa-buyukelcisi-kibrista-cozum-olmadan-dogalgazin-tasinmasi-zor-300x189.jpg\" alt=\"\" width=\"300\" height=\"189\" srcset=\"https:\/\/www.enerjigazetesi.ist\/wp-content\/uploads\/2014\/03\/abd-lefkosa-buyukelcisi-kibrista-cozum-olmadan-dogalgazin-tasinmasi-zor-300x189.jpg 300w, https:\/\/www.enerjigazetesi.ist\/wp-content\/uploads\/2014\/03\/abd-lefkosa-buyukelcisi-kibrista-cozum-olmadan-dogalgazin-tasinmasi-zor-80x50.jpg 80w, https:\/\/www.enerjigazetesi.ist\/wp-content\/uploads\/2014\/03\/abd-lefkosa-buyukelcisi-kibrista-cozum-olmadan-dogalgazin-tasinmasi-zor.jpg 447w\" sizes=\"(max-width: 300px) 100vw, 300px\" \/><\/a>e\u015ffedilen do\u011falgaz\u0131n son y\u0131llarda ekonomik olarak zor g\u00fcnler ge\u00e7iren G\u00fcney K\u0131br\u0131s\u2019\u0131n ekonomisine katk\u0131 sa\u011flayaca\u011f\u0131n\u0131 kaydetti.<\/strong><\/p>\n<p>Adada olabilecek bir anla\u015fman\u0131n do\u011falgaz\u0131n T\u00fcrkiye \u00fczerinden Avrupa\u2019ya ula\u015fmas\u0131na olanak sa\u011flayaca\u011f\u0131n\u0131 ifade eden Koenig, bunun Avrupa\u2019n\u0131n enerji kaynaklar\u0131n\u0131n \u00e7e\u015fitlenmesine ve T\u00fcrkiye\u2019nin enerji ihtiyac\u0131n\u0131n kar\u015f\u0131lamas\u0131na da yard\u0131mc\u0131 olaca\u011f\u0131n\u0131 dile getirdi.<\/p>\n<p>\u201cK\u0131br\u0131s\u2019taki bir \u00e7\u00f6z\u00fcm, ekonomiye de b\u00fcy\u00fck destek sa\u011flayacak\u201d diyen Koenig, adada bir \u00e7\u00f6z\u00fcm olmadan Akdeniz\u2019de ke\u015ffedilen do\u011falgaz kaynaklar\u0131n\u0131n di\u011fer yollardan Avrupa veya T\u00fcrkiye pazar\u0131na ta\u015f\u0131nmas\u0131n\u0131n \u00e7ok zor ya da imkans\u0131z olaca\u011f\u0131n\u0131 s\u00f6yledi.<\/p>\n<p>G\u00fcney K\u0131br\u0131s\u2019\u0131n enerji planlamas\u0131n\u0131n \u00f6z\u00fcnde k\u00fcresel pazarlara daha kolay ula\u015f\u0131m oldu\u011funu kaydeden B\u00fcy\u00fckelci Koenig, gaz\u0131n T\u00fcrkiye \u00fczerinden Avrupa\u2019ya boru hatt\u0131 ile ta\u015f\u0131nmas\u0131n\u0131n, gaz\u0131n s\u0131v\u0131la\u015ft\u0131r\u0131larak gemilerle ta\u015f\u0131nmas\u0131ndan \u00e7ok daha kolay oldu\u011funu bildirdi.<\/p>\n<p>Kaynak: <a href=\"http:\/\/www.kibrispostasi.com\/index.php\/cat\/35\/news\/129033\/PageName\/KIBRIS_HABERLERI\" target=\"_blank\">K\u0131br\u0131s Postas\u0131<\/a><\/p>","protected":false},"excerpt":{"rendered":"<p>Sorry, this entry is only available in Turkish. For the sake of viewer convenience, the content is shown below in the alternative language. You may click the link to switch the active language.ABD\u2019nin Lefko\u015fa B\u00fcy\u00fckel\u00e7isi John Koenig, adada bir \u00e7\u00f6z\u00fcm olmadan Akdeniz\u2019de ke\u015ffedilen do\u011falgaz kaynaklar\u0131n\u0131n di\u011fer yollardan Avrupa veya T\u00fcrkiye pazar\u0131na ta\u015f\u0131nmas\u0131n\u0131n, \u00e7ok zor yada [&hellip;]<\/p>\n","protected":false},"author":1,"featured_media":24251,"comment_status":"open","ping_status":"open","sticky":false,"template":"","format":"standard","meta":[],"categories":[46,53],"tags":[13720,13722,92,226,13723,63,67,1009,165,13721],"views":710,"_links":{"self":[{"href":"https:\/\/www.enerjigazetesi.ist\/en\/wp-json\/wp\/v2\/posts\/24250"}],"collection":[{"href":"https:\/\/www.enerjigazetesi.ist\/en\/wp-json\/wp\/v2\/posts"}],"about":[{"href":"https:\/\/www.enerjigazetesi.ist\/en\/wp-json\/wp\/v2\/types\/post"}],"author":[{"embeddable":true,"href":"https:\/\/www.enerjigazetesi.ist\/en\/wp-json\/wp\/v2\/users\/1"}],"replies":[{"embeddable":true,"href":"https:\/\/www.enerjigazetesi.ist\/en\/wp-json\/wp\/v2\/comments?post=24250"}],"version-history":[{"count":2,"href":"https:\/\/www.enerjigazetesi.ist\/en\/wp-json\/wp\/v2\/posts\/24250\/revisions"}],"predecessor-version":[{"id":24253,"href":"https:\/\/www.enerjigazetesi.ist\/en\/wp-json\/wp\/v2\/posts\/24250\/revisions\/24253"}],"wp:featuredmedia":[{"embeddable":true,"href":"https:\/\/www.enerjigazetesi.ist\/en\/wp-json\/wp\/v2\/media\/24251"}],"wp:attachment":[{"href":"https:\/\/www.enerjigazetesi.ist\/en\/wp-json\/wp\/v2\/media?parent=24250"}],"wp:term":[{"taxonomy":"category","embeddable":true,"href":"https:\/\/www.enerjigazetesi.ist\/en\/wp-json\/wp\/v2\/categories?post=24250"},{"taxonomy":"post_tag","embeddable":true,"href":"https:\/\/www.enerjigazetesi.ist\/en\/wp-json\/wp\/v2\/tags?post=24250"}],"curies":[{"name":"wp","href":"https:\/\/api.w.org\/{rel}","templated":true}]}}