{"id":24240,"date":"2014-03-21T17:34:52","date_gmt":"2014-03-21T14:34:52","guid":{"rendered":"https:\/\/www.enerjigazetesi.ist\/?p=24240"},"modified":"2014-03-21T17:34:52","modified_gmt":"2014-03-21T14:34:52","slug":"yildiz-metsamor-nukleer-santralinin-kapatilmasi-icin-girisimde-bulunuldu","status":"publish","type":"post","link":"https:\/\/www.enerjigazetesi.ist\/en\/yildiz-metsamor-nukleer-santralinin-kapatilmasi-icin-girisimde-bulunuldu\/","title":{"rendered":"(Turkish) Y\u0131ld\u0131z: Metsamor N\u00fckleer Santrali\u2019nin Kapat\u0131lmas\u0131 \u0130\u00e7in Giri\u015fimde Bulunuldu!"},"content":{"rendered":"<p class=\"qtranxs-available-languages-message qtranxs-available-languages-message-en\">Sorry, this entry is only available in <a href=\"https:\/\/www.enerjigazetesi.ist\/tr\/wp-json\/wp\/v2\/posts\/24240\" class=\"qtranxs-available-language-link qtranxs-available-language-link-tr\" title=\"Turkish\">Turkish<\/a>. For the sake of viewer convenience, the content is shown below in the alternative language. You may click the link to switch the active language.<\/p><p><strong>Enerji ve Tabii Kaynaklar Bakan\u0131 Taner Y\u0131ld\u0131z, Metsamor N\u00fckleer Santrali\u2019ne ili\u015fkin, \u201cBizler uluslararas\u0131 b\u00fct\u00fcn arenada Metsamor N\u00fckleer Santrali\u2019nin kapat\u0131lmas\u0131 i\u00e7in giri\u015fimlerde bulunuyoruz. Merkezi Avusturya\u2019da bulunan Uluslararas\u0131 Atom Enerjisi Kurumu\u2019na da konuyu bildirdik\u201d dedi.<a href=\"https:\/\/www.enerjigazetesi.ist\/wp-content\/uploads\/2014\/03\/yildiz-metsamor-nukleer-santralinin-kapatilmasi-icin-girisimde-bulunuldu.jpg\"><img loading=\"lazy\" class=\"alignright size-medium wp-image-24241\" title=\"yildiz-metsamor-nukleer-santralinin-kapatilmasi-icin-girisimde-bulunuldu\" src=\"https:\/\/www.enerjigazetesi.ist\/wp-content\/uploads\/2014\/03\/yildiz-metsamor-nukleer-santralinin-kapatilmasi-icin-girisimde-bulunuldu-300x219.jpg\" alt=\"\" width=\"300\" height=\"219\" srcset=\"https:\/\/www.enerjigazetesi.ist\/wp-content\/uploads\/2014\/03\/yildiz-metsamor-nukleer-santralinin-kapatilmasi-icin-girisimde-bulunuldu-300x219.jpg 300w, https:\/\/www.enerjigazetesi.ist\/wp-content\/uploads\/2014\/03\/yildiz-metsamor-nukleer-santralinin-kapatilmasi-icin-girisimde-bulunuldu-68x50.jpg 68w, https:\/\/www.enerjigazetesi.ist\/wp-content\/uploads\/2014\/03\/yildiz-metsamor-nukleer-santralinin-kapatilmasi-icin-girisimde-bulunuldu.jpg 479w\" sizes=\"(max-width: 300px) 100vw, 300px\" \/><\/a><\/strong><\/p>\n<p>Enerji ve Tabii Kaynaklar Bakan\u0131 Taner Y\u0131ld\u0131z, I\u011fd\u0131r\u2019da Metsamor N\u00fckleer Santrali ile ilgili bas\u0131n mensuplar\u0131n\u0131n sorular\u0131n\u0131 cevaplad\u0131. Y\u0131ld\u0131z, \u201cBizler uluslararas\u0131 b\u00fct\u00fcn arenada Metsamor N\u00fckleer Santrali\u2019nin kapat\u0131lmas\u0131 i\u00e7in giri\u015fimlerde bulunuyoruz. Merkezi Avusturya\u2019da bulunan Uluslararas\u0131 Atom Enerjisi Kurumu\u2019na da konuyu bildirdik. 1980 y\u0131l\u0131nda devreye giren bu santralin 30 y\u0131ll\u0131k \u00f6mr\u00fc var. Art\u0131k bu santral \u00f6mr\u00fcn\u00fc doldurdu. Behemehal kapat\u0131lmas\u0131 laz\u0131m. Bu santral I\u011fd\u0131r\u2019\u0131n merkezine 31 km, s\u0131n\u0131ra 16 km mesafede. Bu manada uluslararas\u0131 ve toplumsal bir ayr\u0131cal\u0131k olu\u015fturmam\u0131z laz\u0131m.<\/p>\n<p>Ben \u0130stanbul Taksim\u2019de eylem yapan arkada\u015flar\u0131m\u0131za birazc\u0131k da I\u011fd\u0131r\u2019a gelip Metsamor\u2019la alakal\u0131 yapacaklar\u0131 eylemi geni\u015fletmelerini isterim, bari hay\u0131rl\u0131 bir i\u015f yapm\u0131\u015f olurlar. Biz 3. nesil ve 60 y\u0131ll\u0131k \u00f6mr\u00fc olan, b\u00fct\u00fcn teknolojileri ve b\u00fct\u00fcn g\u00fcvenlik ve korumayla alakal\u0131 i\u015flemleri yap\u0131lm\u0131\u015f en g\u00fcvenilir santrali kuruyoruz. Ama 1960\u2019lar\u0131n, 70\u2019lerin modelindeki ve 80\u2019de a\u00e7\u0131lan bu santrali \u00e7al\u0131\u015ft\u0131rmak do\u011fru de\u011fil. B\u00f6ylece \u0130stanbul Taksim\u2019deki arkada\u015flar\u0131m\u0131z do\u011fru \u00e7evre ve enerji politikalar\u0131na katk\u0131 yapm\u0131\u015f olurlar\u201d diye konu\u015ftu.<\/p>\n<p>Kaynak: <a href=\"http:\/\/haberciniz.biz\/bakan-yildizdan-metsamor-nukleer-santraline-iliskin-aciklama-2714596h.htm\" target=\"_blank\">Haberciniz<\/a><\/p>","protected":false},"excerpt":{"rendered":"<p>Sorry, this entry is only available in Turkish. For the sake of viewer convenience, the content is shown below in the alternative language. You may click the link to switch the active language.Enerji ve Tabii Kaynaklar Bakan\u0131 Taner Y\u0131ld\u0131z, Metsamor N\u00fckleer Santrali\u2019ne ili\u015fkin, \u201cBizler uluslararas\u0131 b\u00fct\u00fcn arenada Metsamor N\u00fckleer Santrali\u2019nin kapat\u0131lmas\u0131 i\u00e7in giri\u015fimlerde bulunuyoruz. Merkezi [&hellip;]<\/p>\n","protected":false},"author":1,"featured_media":24241,"comment_status":"open","ping_status":"open","sticky":false,"template":"","format":"standard","meta":[],"categories":[53,43],"tags":[710,63,67,1009,165,880,71,21,667,946],"views":834,"_links":{"self":[{"href":"https:\/\/www.enerjigazetesi.ist\/en\/wp-json\/wp\/v2\/posts\/24240"}],"collection":[{"href":"https:\/\/www.enerjigazetesi.ist\/en\/wp-json\/wp\/v2\/posts"}],"about":[{"href":"https:\/\/www.enerjigazetesi.ist\/en\/wp-json\/wp\/v2\/types\/post"}],"author":[{"embeddable":true,"href":"https:\/\/www.enerjigazetesi.ist\/en\/wp-json\/wp\/v2\/users\/1"}],"replies":[{"embeddable":true,"href":"https:\/\/www.enerjigazetesi.ist\/en\/wp-json\/wp\/v2\/comments?post=24240"}],"version-history":[{"count":2,"href":"https:\/\/www.enerjigazetesi.ist\/en\/wp-json\/wp\/v2\/posts\/24240\/revisions"}],"predecessor-version":[{"id":24243,"href":"https:\/\/www.enerjigazetesi.ist\/en\/wp-json\/wp\/v2\/posts\/24240\/revisions\/24243"}],"wp:featuredmedia":[{"embeddable":true,"href":"https:\/\/www.enerjigazetesi.ist\/en\/wp-json\/wp\/v2\/media\/24241"}],"wp:attachment":[{"href":"https:\/\/www.enerjigazetesi.ist\/en\/wp-json\/wp\/v2\/media?parent=24240"}],"wp:term":[{"taxonomy":"category","embeddable":true,"href":"https:\/\/www.enerjigazetesi.ist\/en\/wp-json\/wp\/v2\/categories?post=24240"},{"taxonomy":"post_tag","embeddable":true,"href":"https:\/\/www.enerjigazetesi.ist\/en\/wp-json\/wp\/v2\/tags?post=24240"}],"curies":[{"name":"wp","href":"https:\/\/api.w.org\/{rel}","templated":true}]}}