{"id":24221,"date":"2014-03-21T14:31:39","date_gmt":"2014-03-21T11:31:39","guid":{"rendered":"https:\/\/www.enerjigazetesi.ist\/?p=24221"},"modified":"2014-03-21T14:36:22","modified_gmt":"2014-03-21T11:36:22","slug":"sanliurfanin-gobekli-koyunde-bolgenin-ilk-gunes-enerjisi-santrali-kuruldu","status":"publish","type":"post","link":"https:\/\/www.enerjigazetesi.ist\/en\/sanliurfanin-gobekli-koyunde-bolgenin-ilk-gunes-enerjisi-santrali-kuruldu\/","title":{"rendered":"(Turkish) \u015eanl\u0131urfa\u2019n\u0131n G\u00f6bekli K\u00f6y\u00fc\u2019nde \u2018B\u00f6lgenin \u0130lk G\u00fcne\u015f Enerjisi Santrali&#8230;\u2019"},"content":{"rendered":"<p class=\"qtranxs-available-languages-message qtranxs-available-languages-message-en\">Sorry, this entry is only available in <a href=\"https:\/\/www.enerjigazetesi.ist\/tr\/wp-json\/wp\/v2\/posts\/24221\" class=\"qtranxs-available-language-link qtranxs-available-language-link-tr\" title=\"Turkish\">Turkish<\/a>. For the sake of viewer convenience, the content is shown below in the alternative language. You may click the link to switch the active language.<\/p><p><strong>ODA\u015e Enerji A.\u015e.nin \u015eanl\u0131urfa do\u011fal gaz santralinin hemen arkas\u0131nda bulunan alanda yer alan 250 kWp g\u00fcc\u00fcndeki \u00a0b\u00f6lgenin ilk g\u00fcne\u015f enerjisi santralinin devreye al\u0131m i\u015flemleri tamamland\u0131 ve sistemin ge\u00e7ici kabulu TEDA\u015e taraf\u0131ndan yap\u0131ld\u0131. Devreye al\u0131m i\u015flemleri;d\u00fcnya \u00e7ap\u0131nda 165MW\u2019a varan referans\u00a0 sahibi GROUPO ASUNIM\u2019in b\u00fcnyesinde, 2012 y\u0131l\u0131nda Ankara\u2019da kurulan <em>ASUN\u0130M T\u00dcRK\u0130YE<\/em> taraf\u0131ndan ba\u015far\u0131yla ger\u00e7ekle\u015ftirilmi\u015ftir.<\/strong><\/p>\n<p>ODA\u015e Enerji gibi \u0130stanbul borsas\u0131nda i\u015flem g\u00f6ren ve yapt\u0131\u011f\u0131 at\u0131l\u0131mlarla enerji sekt\u00f6r\u00fcnde \u00f6r<a href=\"https:\/\/www.enerjigazetesi.ist\/wp-content\/uploads\/2014\/03\/sanliurfanin-gobekli-koyunde-bolgenin-ilk-gunes-enerjisi-santralii.jpg\"><img loading=\"lazy\" class=\"alignright size-medium wp-image-24223\" title=\"sanliurfanin-gobekli-koyunde-bolgenin-ilk-gunes-enerjisi-santralii\" src=\"https:\/\/www.enerjigazetesi.ist\/wp-content\/uploads\/2014\/03\/sanliurfanin-gobekli-koyunde-bolgenin-ilk-gunes-enerjisi-santralii-300x206.jpg\" alt=\"\" width=\"300\" height=\"206\" srcset=\"https:\/\/www.enerjigazetesi.ist\/wp-content\/uploads\/2014\/03\/sanliurfanin-gobekli-koyunde-bolgenin-ilk-gunes-enerjisi-santralii-300x206.jpg 300w, https:\/\/www.enerjigazetesi.ist\/wp-content\/uploads\/2014\/03\/sanliurfanin-gobekli-koyunde-bolgenin-ilk-gunes-enerjisi-santralii-500x343.jpg 500w, https:\/\/www.enerjigazetesi.ist\/wp-content\/uploads\/2014\/03\/sanliurfanin-gobekli-koyunde-bolgenin-ilk-gunes-enerjisi-santralii-72x50.jpg 72w, https:\/\/www.enerjigazetesi.ist\/wp-content\/uploads\/2014\/03\/sanliurfanin-gobekli-koyunde-bolgenin-ilk-gunes-enerjisi-santralii.jpg 600w\" sizes=\"(max-width: 300px) 100vw, 300px\" \/><\/a>nek te\u015fkil eden bir kurulu\u015fun, bu projede <strong><em>Asunim<\/em><\/strong>\u2019i se\u00e7mesinden dolay\u0131 memnuniyetini dile getiren <strong><em>Asunim T\u00fcrkiye Genel<\/em><\/strong> <strong><em>M\u00fcd\u00fcr\u00fc<\/em><\/strong> <strong><em>Umut G\u00fcrb\u00fcz<\/em><\/strong> s\u00f6zlerine \u015f\u00f6yle devam etti:<\/p>\n<p>\u2018\u0130lklere imza atmay\u0131 ilke edinen bir \u015firket olarak; T\u00fcrkiye\u2019nin en b\u00fcy\u00fck \u00e7at\u0131 \u00fczerine kurulu g\u00fcne\u015f enerjisi santralini Adana\u2019da devreye ald\u0131ktan sonra, \u015eanl\u0131urfa\u2019n\u0131n da ilk g\u00fcne\u015f enerjisi santralini devreye alman\u0131n mutlulu\u011funu ya\u015famaktay\u0131z. \u015eanl\u0131urfa gibi g\u00fcne\u015flenme potansiyeli son derece y\u00fcksek olan bir ilimizde; bu tip projelerin hayata ge\u00e7irilmesi, sekt\u00f6r\u00fcm\u00fcz\u00fcn gelece\u011fi ve yat\u0131r\u0131mc\u0131lar\u0131n bilin\u00e7lendirilmesi a\u00e7\u0131s\u0131ndan \u00e7ok \u00f6nemlidir. \u00d6zellikle do\u011fu illerimizde son y\u0131llarda ya\u015fanan kalk\u0131nmaya paralel olarak, yenilenebilir enerji kaynaklar\u0131na a\u011f\u0131rl\u0131k verilmesinin hayati \u00f6nem ta\u015f\u0131d\u0131\u011f\u0131n\u0131 d\u00fc\u015f\u00fcn\u00fcyoruz. Devreye al\u0131m\u0131 tamamlanan bu projenin, Urfa b\u00f6lgesi g\u00fcne\u015f enerjisi potansiyelini ortaya \u00e7\u0131karmada \u00f6nemli bir \u00f6rnek te\u015fkil edece\u011fine inan\u0131yoruz.\u2019<\/p>\n<p><strong><em>Umut G\u00fcrb\u00fcz<\/em><\/strong> \u2018Son derece zorlu hava ko\u015fullar\u0131na ra\u011fmen kurulumu hi\u00e7 aksat\u0131lmadan\u00a0 tamamlanan sistemde, son teknoloji \u00fcr\u00fcn\u00fc 1000 adet CSUN marka g\u00fcne\u015f paneli ve 15 adet SMA marka inverter kullan\u0131lm\u0131\u015ft\u0131r.<\/p>\n<p>Sistem, y\u0131lda yakla\u015f\u0131k olarak 357 bin kg\u2019l\u0131k karbondioksit gaz\u0131 sal\u0131n\u0131m\u0131n\u0131 \u00f6nleyecek ve ileti\u015fim ekipmanlar\u0131 ile anl\u0131k olarak uzaktan izlenebilecektir. Sistemin kullan\u0131m \u00f6mr\u00fc olan 30 senenin sonunda, yakla\u015f\u0131k olarak 1.05 milyon euroluk elektrik tasarrufu sa\u011flanacak ve \u00fclkemiz ekonomisine olduk\u00e7a b\u00fcy\u00fck\u00a0 katk\u0131 sa\u011flanacakt\u0131r.\u2019diyerek s\u00f6zlerine son verdi.<\/p>\n<p>Yay\u0131nc\u0131: <a href=\"https:\/\/www.enerjigazetesi.ist\" target=\"_blank\">Enerji Gazetesi<\/a><\/p>","protected":false},"excerpt":{"rendered":"<p>Sorry, this entry is only available in Turkish. For the sake of viewer convenience, the content is shown below in the alternative language. You may click the link to switch the active language.ODA\u015e Enerji A.\u015e.nin \u015eanl\u0131urfa do\u011fal gaz santralinin hemen arkas\u0131nda bulunan alanda yer alan 250 kWp g\u00fcc\u00fcndeki \u00a0b\u00f6lgenin ilk g\u00fcne\u015f enerjisi santralinin devreye al\u0131m [&hellip;]<\/p>\n","protected":false},"author":1,"featured_media":24223,"comment_status":"open","ping_status":"open","sticky":false,"template":"","format":"standard","meta":[],"categories":[53,49],"tags":[6743,13707,13711,104,63,67,1009,165,2326,13704,227,13,2569,13705,13709,1867,2097,13708,8494,13710,5844,13706],"views":1280,"_links":{"self":[{"href":"https:\/\/www.enerjigazetesi.ist\/en\/wp-json\/wp\/v2\/posts\/24221"}],"collection":[{"href":"https:\/\/www.enerjigazetesi.ist\/en\/wp-json\/wp\/v2\/posts"}],"about":[{"href":"https:\/\/www.enerjigazetesi.ist\/en\/wp-json\/wp\/v2\/types\/post"}],"author":[{"embeddable":true,"href":"https:\/\/www.enerjigazetesi.ist\/en\/wp-json\/wp\/v2\/users\/1"}],"replies":[{"embeddable":true,"href":"https:\/\/www.enerjigazetesi.ist\/en\/wp-json\/wp\/v2\/comments?post=24221"}],"version-history":[{"count":9,"href":"https:\/\/www.enerjigazetesi.ist\/en\/wp-json\/wp\/v2\/posts\/24221\/revisions"}],"predecessor-version":[{"id":24226,"href":"https:\/\/www.enerjigazetesi.ist\/en\/wp-json\/wp\/v2\/posts\/24221\/revisions\/24226"}],"wp:featuredmedia":[{"embeddable":true,"href":"https:\/\/www.enerjigazetesi.ist\/en\/wp-json\/wp\/v2\/media\/24223"}],"wp:attachment":[{"href":"https:\/\/www.enerjigazetesi.ist\/en\/wp-json\/wp\/v2\/media?parent=24221"}],"wp:term":[{"taxonomy":"category","embeddable":true,"href":"https:\/\/www.enerjigazetesi.ist\/en\/wp-json\/wp\/v2\/categories?post=24221"},{"taxonomy":"post_tag","embeddable":true,"href":"https:\/\/www.enerjigazetesi.ist\/en\/wp-json\/wp\/v2\/tags?post=24221"}],"curies":[{"name":"wp","href":"https:\/\/api.w.org\/{rel}","templated":true}]}}