{"id":24210,"date":"2014-03-21T11:18:30","date_gmt":"2014-03-21T08:18:30","guid":{"rendered":"https:\/\/www.enerjigazetesi.ist\/?p=24210"},"modified":"2014-03-21T11:18:30","modified_gmt":"2014-03-21T08:18:30","slug":"erbil-bagdata-gunluk-100-bin-varil-petrol-gondermeye-karar-verdi","status":"publish","type":"post","link":"https:\/\/www.enerjigazetesi.ist\/en\/erbil-bagdata-gunluk-100-bin-varil-petrol-gondermeye-karar-verdi\/","title":{"rendered":"(Turkish) Erbil Ba\u011fdat\u2019a, G\u00fcnl\u00fck 100 Bin Varil Petrol G\u00f6ndermeye Karar Verdi&#8230;"},"content":{"rendered":"<p class=\"qtranxs-available-languages-message qtranxs-available-languages-message-en\">Sorry, this entry is only available in <a href=\"https:\/\/www.enerjigazetesi.ist\/tr\/wp-json\/wp\/v2\/posts\/24210\" class=\"qtranxs-available-language-link qtranxs-available-language-link-tr\" title=\"Turkish\">Turkish<\/a>. For the sake of viewer convenience, the content is shown below in the alternative language. You may click the link to switch the active language.<\/p><p><strong>Irak K\u00fcrdistan \u00d6zerk B\u00f6lgesi h\u00fck\u00fcmeti, ihra\u00e7 etmesi i\u00e7in, Ba\u011fdat\u2019a g\u00fcnl\u00fck 100 bin varil petrol g\u00f6ndermeye karar verdi. K\u00fcrt y\u00f6netimi, ihracat\u0131n taraflar aras\u0131ndaki g\u00f6r\u00fc\u015fmeleri olumlu etkileyece\u011fi g\u00f6r\u00fc\u015f\u00fcnde. Karar, Irak K\u00fcrdistan \u00d6zerk B\u00f6lgesi y\u00f6netiminin internet sayfas\u0131ndan duyuruldu. A\u00e7\u0131klamada, Erbil ve Ba\u011fdat\u2019\u0131n petrol ihracat\u0131 konusunda hen\u00fcz anla\u015famad\u0131\u011f\u0131 belirtildi ancak K\u00fcrt y\u00f6netiminin iyi niyet g\u00f6stergesi olarak bu karar\u0131 ald\u0131\u011f\u0131 belirtildi.<a href=\"https:\/\/www.enerjigazetesi.ist\/wp-content\/uploads\/2014\/03\/erbil-bagdata-gunluk-100-bin-varil-petrol-gondermeye-karar-verdi.jpg\"><img loading=\"lazy\" class=\"alignleft size-medium wp-image-24211\" title=\"erbil-bagdata-gunluk-100-bin-varil-petrol-gondermeye-karar-verdi\" src=\"https:\/\/www.enerjigazetesi.ist\/wp-content\/uploads\/2014\/03\/erbil-bagdata-gunluk-100-bin-varil-petrol-gondermeye-karar-verdi-300x195.jpg\" alt=\"\" width=\"300\" height=\"195\" srcset=\"https:\/\/www.enerjigazetesi.ist\/wp-content\/uploads\/2014\/03\/erbil-bagdata-gunluk-100-bin-varil-petrol-gondermeye-karar-verdi-300x195.jpg 300w, https:\/\/www.enerjigazetesi.ist\/wp-content\/uploads\/2014\/03\/erbil-bagdata-gunluk-100-bin-varil-petrol-gondermeye-karar-verdi-76x50.jpg 76w, https:\/\/www.enerjigazetesi.ist\/wp-content\/uploads\/2014\/03\/erbil-bagdata-gunluk-100-bin-varil-petrol-gondermeye-karar-verdi.jpg 441w\" sizes=\"(max-width: 300px) 100vw, 300px\" \/><\/a><\/strong><\/p>\n<p>Buna g\u00f6re, 1 Nisan tarihinden itibaren, K\u00fcrt b\u00f6lgesinde \u00fcretilecek petrolden, g\u00fcnde 100 bin varil Ba\u011fdat taraf\u0131ndan i\u015fletilen boru hatlar\u0131na aktar\u0131lacak. K\u00fcrt taraf\u0131 bu giri\u015fim i\u00e7in herhangi bir \u015fart \u00f6ne s\u00fcrmedi. Ba\u011fdat \u00fczerinden petrol ihracat\u0131, K\u00fcrt y\u00f6netimi ve merkezi h\u00fck\u00fcmet aras\u0131nda uzla\u015fma sa\u011flanana kadar s\u00fcrecek.<\/p>\n<p>K\u00fcrt y\u00f6netiminin T\u00fcrkiye \u00fczerinden petrol ihra\u00e7 etme giri\u015fimi, Ba\u011fdat engeline tak\u0131lm\u0131\u015ft\u0131. Boru hatt\u0131 in\u015fa eden ve T\u00fcrk h\u00fck\u00fcmetiyle petrol anla\u015fmas\u0131 imzalayan K\u00fcrt y\u00f6netimi, ge\u00e7en y\u0131l\u0131n sonunda T\u00fcrkiye\u2019ye deneme ama\u00e7l\u0131 petrol sevkiyat\u0131 bile yapt\u0131. Ancak merkezi h\u00fck\u00fcmet petrol\u00fcn Ba\u011fdat \u00fczerinden sat\u0131lmas\u0131 gerekti\u011fini gerek\u00e7e g\u00f6stererek, ihracata izin vermedi.<\/p>\n<p>Taraflar, ihracattan elde edilecek gelirin nerede toplanaca\u011f\u0131 ve payla\u015f\u0131m\u0131 ba\u015fta olmak \u00fczere bir\u00e7ok konuda anla\u015fam\u0131yor. Anla\u015fma sa\u011flanmamas\u0131 nedeniyle Maliki y\u00f6netimi K\u00fcrt B\u00f6lgesinin b\u00fct\u00e7esini kesmi\u015fti.<\/p>\n<p>Kaynak: <a href=\"http:\/\/www.aljazeera.com.tr\/haber\/erbilden-bagdata-petrol-jesti\" target=\"_blank\">Aljazeera<\/a><\/p>","protected":false},"excerpt":{"rendered":"<p>Sorry, this entry is only available in Turkish. For the sake of viewer convenience, the content is shown below in the alternative language. You may click the link to switch the active language.Irak K\u00fcrdistan \u00d6zerk B\u00f6lgesi h\u00fck\u00fcmeti, ihra\u00e7 etmesi i\u00e7in, Ba\u011fdat\u2019a g\u00fcnl\u00fck 100 bin varil petrol g\u00f6ndermeye karar verdi. K\u00fcrt y\u00f6netimi, ihracat\u0131n taraflar aras\u0131ndaki g\u00f6r\u00fc\u015fmeleri [&hellip;]<\/p>\n","protected":false},"author":1,"featured_media":24211,"comment_status":"open","ping_status":"open","sticky":false,"template":"","format":"standard","meta":[],"categories":[53,44],"tags":[1535,63,67,1009,165,3845,12524,59,79,10661,628],"views":541,"_links":{"self":[{"href":"https:\/\/www.enerjigazetesi.ist\/en\/wp-json\/wp\/v2\/posts\/24210"}],"collection":[{"href":"https:\/\/www.enerjigazetesi.ist\/en\/wp-json\/wp\/v2\/posts"}],"about":[{"href":"https:\/\/www.enerjigazetesi.ist\/en\/wp-json\/wp\/v2\/types\/post"}],"author":[{"embeddable":true,"href":"https:\/\/www.enerjigazetesi.ist\/en\/wp-json\/wp\/v2\/users\/1"}],"replies":[{"embeddable":true,"href":"https:\/\/www.enerjigazetesi.ist\/en\/wp-json\/wp\/v2\/comments?post=24210"}],"version-history":[{"count":1,"href":"https:\/\/www.enerjigazetesi.ist\/en\/wp-json\/wp\/v2\/posts\/24210\/revisions"}],"predecessor-version":[{"id":24212,"href":"https:\/\/www.enerjigazetesi.ist\/en\/wp-json\/wp\/v2\/posts\/24210\/revisions\/24212"}],"wp:featuredmedia":[{"embeddable":true,"href":"https:\/\/www.enerjigazetesi.ist\/en\/wp-json\/wp\/v2\/media\/24211"}],"wp:attachment":[{"href":"https:\/\/www.enerjigazetesi.ist\/en\/wp-json\/wp\/v2\/media?parent=24210"}],"wp:term":[{"taxonomy":"category","embeddable":true,"href":"https:\/\/www.enerjigazetesi.ist\/en\/wp-json\/wp\/v2\/categories?post=24210"},{"taxonomy":"post_tag","embeddable":true,"href":"https:\/\/www.enerjigazetesi.ist\/en\/wp-json\/wp\/v2\/tags?post=24210"}],"curies":[{"name":"wp","href":"https:\/\/api.w.org\/{rel}","templated":true}]}}