{"id":24175,"date":"2014-03-20T16:12:14","date_gmt":"2014-03-20T13:12:14","guid":{"rendered":"https:\/\/www.enerjigazetesi.ist\/?p=24175"},"modified":"2014-03-20T16:12:14","modified_gmt":"2014-03-20T13:12:14","slug":"yildiz-rusya-ile-stratejik-iliskilerimiz-var-gazda-kesinti-olmaz","status":"publish","type":"post","link":"https:\/\/www.enerjigazetesi.ist\/en\/yildiz-rusya-ile-stratejik-iliskilerimiz-var-gazda-kesinti-olmaz\/","title":{"rendered":"(Turkish) Y\u0131ld\u0131z: Rusya \u0130le Stratejik \u0130li\u015fkilerimiz Var, Gazda Kesinti Olmaz!"},"content":{"rendered":"<p class=\"qtranxs-available-languages-message qtranxs-available-languages-message-en\">Sorry, this entry is only available in <a href=\"https:\/\/www.enerjigazetesi.ist\/tr\/wp-json\/wp\/v2\/posts\/24175\" class=\"qtranxs-available-language-link qtranxs-available-language-link-tr\" title=\"Turkish\">Turkish<\/a>. For the sake of viewer convenience, the content is shown below in the alternative language. You may click the link to switch the active language.<\/p><p><strong>Enerji ve Tabii Kaynaklar Bakan\u0131 Taner Y\u0131ld\u0131z, Rusya\u2019n\u0131n T\u00fcrkiye ile farkl\u0131 stratejik ili\u015fkileri oldu\u011funu ve bu nedenle do\u011falgaz ak\u0131\u015f\u0131nda herhangi bir kesinti beklemedi\u011fini s\u00f6yledi.<\/strong><\/p>\n<p>Enerji ve Tabii Kaynaklar Bakan\u0131 Taner Y\u0131ld\u0131z, yerel se\u00e7im \u00e7al\u0131\u015fmalar\u0131 i\u00e7in gitti\u011fi Yahyal\u0131 il\u00e7esinde yapt\u0131\u011f\u0131 konu\u015fmada,\u201cRusya\u2019n\u0131n bir\u00e7ok Avrupa \u00fclkesiyle ve ayn\u0131 zamanda Ukrayna, Romanya, Bulgaristan ve T\u00fcrkiye ile do\u011falgaz ak\u0131\u015f\u0131 var ve b<a href=\"https:\/\/www.enerjigazetesi.ist\/wp-content\/uploads\/2014\/03\/yildiz-rusya-ile-stratejik-iliskilerimiz-var-gazda-kesinti-olmaz.jpg\"><img loading=\"lazy\" class=\"alignright size-medium wp-image-24176\" title=\"yildiz-rusya-ile-stratejik-iliskilerimiz-var-gazda-kesinti-olmaz\" src=\"https:\/\/www.enerjigazetesi.ist\/wp-content\/uploads\/2014\/03\/yildiz-rusya-ile-stratejik-iliskilerimiz-var-gazda-kesinti-olmaz-300x218.jpg\" alt=\"\" width=\"300\" height=\"218\" srcset=\"https:\/\/www.enerjigazetesi.ist\/wp-content\/uploads\/2014\/03\/yildiz-rusya-ile-stratejik-iliskilerimiz-var-gazda-kesinti-olmaz-300x218.jpg 300w, https:\/\/www.enerjigazetesi.ist\/wp-content\/uploads\/2014\/03\/yildiz-rusya-ile-stratejik-iliskilerimiz-var-gazda-kesinti-olmaz-68x50.jpg 68w, https:\/\/www.enerjigazetesi.ist\/wp-content\/uploads\/2014\/03\/yildiz-rusya-ile-stratejik-iliskilerimiz-var-gazda-kesinti-olmaz.jpg 366w\" sizes=\"(max-width: 300px) 100vw, 300px\" \/><\/a>iz de komple b\u00fct\u00fcn enerji ihtiyac\u0131m\u0131z\u0131n y\u00fczde 12,5\u2032lik k\u0131sm\u0131n\u0131, yani 8\u2032de birini o hat \u00fczerinden sa\u011fl\u0131yoruz. O a\u00e7\u0131dan o hat \u00fczerindeki herhangi bir kesintinin T\u00fcrkiye\u2019yi de etkileyece\u011fini s\u00f6ylemek laz\u0131m. \u015eu anda ben b\u00f6yle bir \u015fey beklemiyorum. \u00c7\u00fcnk\u00fc Rusya\u2019n\u0131n T\u00fcrkiye ile geli\u015ftirdi\u011fi \u00e7ok farkl\u0131 stratejik ili\u015fkiler var\u201d dedi.<\/p>\n<p>Enerji Bakan\u0131, T\u00fcrkiye ile Azerbaycan taraf\u0131ndan y\u00fcr\u00fct\u00fclen Trans Anadolu Do\u011falgaz Boru Hatt\u0131 Projesi\u2019nin (TANAP) Rusya ile Ukrayna aras\u0131nda \u00e7\u0131kan krizin ard\u0131ndan daha da \u00f6nem arz etti\u011fini ve bunun ger\u00e7ekte \u00fcz\u00fcc\u00fc oldu\u011funu kaydeden Y\u0131ld\u0131z, \u201c\u00c7\u00fcnk\u00fc b\u00f6lgemizdeki istikrar bir\u00e7ok a\u00e7\u0131dan \u00f6nemli. TANAP, geldi\u011fimiz noktada ciddi bir avantaj ciddi bir y\u00f6n ald\u0131. Onun ger\u00e7ekle\u015ftirilmesini mutlaka sa\u011flamam\u0131z gerekiyor. Azeri karde\u015flerimizle beraber ve yeni gelecek ortaklar\u0131m\u0131zla bunu ger\u00e7ekle\u015ftirece\u011fiz. Biz orada hisse oran\u0131m\u0131z\u0131 art\u0131r\u0131yoruz ve yakla\u015f\u0131k bin 800 kilometrelik yerli \u00fcretimle beraber bu projeyi kazand\u0131raca\u011f\u0131z\u201d diye konu\u015ftu.<\/p>\n<p><strong>YOLUMUZA TANAP\u2019LA DEVAM EDECE\u011e\u0130Z<\/strong><br \/>\n\u00d6zellikle K\u0131r\u0131m\u2019da yap\u0131lan referandumun b\u00f6lgedeki siyasi istikrar\u0131 olumsuz y\u00f6nde etkiledi\u011fine ve Ukrayna\u2019n\u0131n toprak b\u00fct\u00fcnl\u00fc\u011f\u00fcn\u00fc bu manada s\u0131k\u0131nt\u0131ya soktu\u011funa dikkati \u00e7eken Y\u0131ld\u0131z, \u201cBu a\u00e7\u0131dan biz elimizdeki b\u00fct\u00fcn projelere devam edece\u011fiz. \u00d6zellikle yolumuza TANAP\u2019la devam edece\u011fiz. Hem T\u00fcrkiye\u2019nin do\u011falgaz arz g\u00fcvenli\u011fiyle alakal\u0131 \u00f6nemli bir kaynak hem de Avrupa Birli\u011fine giden \u00f6nemli bir g\u00fczergah olarak biz bu projenin takip\u00e7isi olaca\u011f\u0131z. T\u00fcrkiye\u2019nin ve Avrupa\u2019n\u0131n enerji politika ve stratejilerinde \u00f6zellikle kaynak g\u00fczergah \u00e7e\u015fitlendirme esast\u0131r. Yani siz bir kayna\u011f\u0131 bir \u00fclkeden bulursunuz. Ama ba\u015fka \u00fclkelerden de benzer kayna\u011f\u0131 farkl\u0131 g\u00fczergahlardan da getirerek do\u011falgaz konusunda ya\u015fanabilecek s\u0131k\u0131nt\u0131lar\u0131 \u00f6nlemek isterseniz. TANAP bu konuda \u00f6nemli bir alternatif olacak\u201d diye konu\u015ftu.<\/p>\n<p>TANAP\u2019\u0131n kapasitesinin 16 milyar metrek\u00fcp do\u011falgazla ba\u015flad\u0131\u011f\u0131n\u0131 belirten Y\u0131ld\u0131z, \u00e7ok k\u0131sa bir s\u00fcrede 31 milyar metrek\u00fcpe ula\u015fmas\u0131n\u0131 bekledi\u011fini vurgulad\u0131.<\/p>\n<p><strong>TANAP KAMULA\u015eTIRMALARI ONAYLANDI<\/strong><br \/>\nTANAP\u2019\u0131n kamula\u015ft\u0131rma karar\u0131n\u0131n da onayland\u0131\u011f\u0131n\u0131 ifade eden Y\u0131ld\u0131z, 21 g\u00fczergah \u00fczerinde bulunan 21 \u015fehirdeki alanlar kamula\u015ft\u0131r\u0131larak, hem oradaki insanlara yeni bir kaynak olu\u015fturulaca\u011f\u0131n\u0131 hem de istihdam a\u00e7\u0131s\u0131ndan \u00f6nemli kazan\u0131mlar olaca\u011f\u0131n\u0131 kaydetti. Y\u0131ld\u0131z, bu a\u00e7\u0131dan da TANAP\u2019\u0131 \u00e7ok ciddi bir hareket olarak g\u00f6rd\u00fcklerini ve T\u00fcrkiye\u2019ye kazand\u0131racaklar\u0131n\u0131 s\u00f6yledi.<\/p>\n<p><strong>K\u00dcRT PETROL\u00dc YURTDI\u015eINA SATILAB\u0130L\u0130R<\/strong><br \/>\n\u00d6te yandan Bakan Y\u0131ld\u0131z bir ba\u015fka a\u00e7\u0131klamas\u0131nda,Ceyhan\u2019da bug\u00fcne kadar 1 milyon 350 bin varil petrol depoland\u0131\u011f\u0131n\u0131 belirterek, Ceyhan\u2019da biriken Kuzey Irak petrol\u00fc i\u00e7in 2.5 milyon varillik depolama kapasitesinin nisandan \u00f6nce dolaca\u011f\u0131n\u0131, bu a\u015famadan sonra petrol\u00fcn yurtd\u0131\u015f\u0131na sat\u0131\u015f\u0131na ba\u015flanabilece\u011fini s\u00f6yledi.<\/p>\n<p><strong>BANKA TARTI\u015eMASI HEN\u00dcZ B\u0130TMED\u0130<\/strong><br \/>\nAnla\u015famama durumunda 2.5 milyon varile \u00e7\u0131kan petrol\u00fc T\u00fcpra\u015f alamasa da ba\u015fka al\u0131c\u0131lar\u0131 olaca\u011f\u0131n\u0131 belirten Y\u0131ld\u0131z, Petrol paras\u0131n\u0131n hangi bankaya yat\u0131r\u0131laca\u011f\u0131 tart\u0131\u015fmas\u0131n\u0131n da bitmedi\u011fini belirterek,\u201cEn \u00f6nemli konu bu diyebiliriz. Merkezi Irak diyor ki; \u2018Ben SOMO (Irak petrol \u015firketi) arac\u0131l\u0131\u011f\u0131 ile bu ihracat\u0131m\u0131 yapay\u0131m, paran\u0131n tasarrufu da Amerika \u00fczerinden bende olsun\u2019. Kuzey Irak; \u2018Bunun sevkiyat\u0131n\u0131 KOMO (K\u00fcrt y\u00f6netimi petrol \u015firketi) \u00fczerinden ben yapay\u0131m, \u00e7\u00fcnk\u00fc genel b\u00fct\u00e7eden para alam\u0131yorum. Banka i\u00e7in de \u2018T\u00fcrkiye\u2019deki bankalar\u2019 diyor.\u201d dedi.<\/p>\n<p>Kaynak: <a href=\"http:\/\/www.enerjigunlugu.net\/yildiz:-rusya-ile-stratejik-iliskilerimiz-var-gazd_7616.html\" target=\"_blank\">Enerji G\u00fcnl\u00fc\u011f\u00fc<\/a><\/p>","protected":false},"excerpt":{"rendered":"<p>Sorry, this entry is only available in Turkish. For the sake of viewer convenience, the content is shown below in the alternative language. You may click the link to switch the active language.Enerji ve Tabii Kaynaklar Bakan\u0131 Taner Y\u0131ld\u0131z, Rusya\u2019n\u0131n T\u00fcrkiye ile farkl\u0131 stratejik ili\u015fkileri oldu\u011funu ve bu nedenle do\u011falgaz ak\u0131\u015f\u0131nda herhangi bir kesinti beklemedi\u011fini [&hellip;]<\/p>\n","protected":false},"author":1,"featured_media":24176,"comment_status":"open","ping_status":"open","sticky":false,"template":"","format":"standard","meta":[],"categories":[46,53],"tags":[710,92,13667,226,13665,63,67,1009,165,7338,885,13666,2297,667,7850,13603],"views":584,"_links":{"self":[{"href":"https:\/\/www.enerjigazetesi.ist\/en\/wp-json\/wp\/v2\/posts\/24175"}],"collection":[{"href":"https:\/\/www.enerjigazetesi.ist\/en\/wp-json\/wp\/v2\/posts"}],"about":[{"href":"https:\/\/www.enerjigazetesi.ist\/en\/wp-json\/wp\/v2\/types\/post"}],"author":[{"embeddable":true,"href":"https:\/\/www.enerjigazetesi.ist\/en\/wp-json\/wp\/v2\/users\/1"}],"replies":[{"embeddable":true,"href":"https:\/\/www.enerjigazetesi.ist\/en\/wp-json\/wp\/v2\/comments?post=24175"}],"version-history":[{"count":2,"href":"https:\/\/www.enerjigazetesi.ist\/en\/wp-json\/wp\/v2\/posts\/24175\/revisions"}],"predecessor-version":[{"id":24178,"href":"https:\/\/www.enerjigazetesi.ist\/en\/wp-json\/wp\/v2\/posts\/24175\/revisions\/24178"}],"wp:featuredmedia":[{"embeddable":true,"href":"https:\/\/www.enerjigazetesi.ist\/en\/wp-json\/wp\/v2\/media\/24176"}],"wp:attachment":[{"href":"https:\/\/www.enerjigazetesi.ist\/en\/wp-json\/wp\/v2\/media?parent=24175"}],"wp:term":[{"taxonomy":"category","embeddable":true,"href":"https:\/\/www.enerjigazetesi.ist\/en\/wp-json\/wp\/v2\/categories?post=24175"},{"taxonomy":"post_tag","embeddable":true,"href":"https:\/\/www.enerjigazetesi.ist\/en\/wp-json\/wp\/v2\/tags?post=24175"}],"curies":[{"name":"wp","href":"https:\/\/api.w.org\/{rel}","templated":true}]}}