{"id":24137,"date":"2014-03-23T17:12:27","date_gmt":"2014-03-23T14:12:27","guid":{"rendered":"https:\/\/www.enerjigazetesi.ist\/?p=24137"},"modified":"2014-03-23T17:13:55","modified_gmt":"2014-03-23T14:13:55","slug":"solarex-istanbul-dunya-gunes-enerjisi-sektorune-ev-sahipligine-hazirlaniyor","status":"publish","type":"post","link":"https:\/\/www.enerjigazetesi.ist\/en\/solarex-istanbul-dunya-gunes-enerjisi-sektorune-ev-sahipligine-hazirlaniyor\/","title":{"rendered":"(Turkish) \u201cSolarex \u0130stanbul, G\u00fcne\u015f Enerjisi Sekt\u00f6r\u00fcne Ev Sahipli\u011fine Haz\u0131rlan\u0131yor!\u201d"},"content":{"rendered":"<p class=\"qtranxs-available-languages-message qtranxs-available-languages-message-en\">Sorry, this entry is only available in <a href=\"https:\/\/www.enerjigazetesi.ist\/tr\/wp-json\/wp\/v2\/posts\/24137\" class=\"qtranxs-available-language-link qtranxs-available-language-link-tr\" title=\"Turkish\">Turkish<\/a>. For the sake of viewer convenience, the content is shown below in the alternative language. You may click the link to switch the active language.<\/p><p><\/p>\n<p style=\"text-align: left;\" align=\"center\"><strong>G\u00fcne\u015f Enerjisi Sekt\u00f6r\u00fcn\u00fcn Gururu, \u00dclkenin Beklenen Bulu\u015fmas\u0131 <\/strong><strong>Solarex \u0130stanbul Ba\u015fl\u0131yor!<\/strong><\/p>\n<p><strong>\u00dclkemizin ilk ve tek g\u00fcne\u015f enerjisi konulu fuar\u0131 olan Solarex \u0130stanbul, T\u00fcrkiye\u2019nin g\u00fcne\u015f enerjisi alan\u0131nda \u00fcretim merkezi olmas\u0131 yolunda b\u00fcy\u00fck ad\u0131mlar atmas\u0131na f\u0131rsat tan\u0131yor. Bu sene, 10 -12 Nisan 2014 tarihleri aras\u0131nda yedinci kez sekt\u00f6re kap\u0131lar\u0131n\u0131 a\u00e7acak olan fuar, d\u00fcnyadaki son teknolojilerin ve T\u00fcrkiye\u2019de \u00fcretilen yeni \u00fcr\u00fcnlerin bir arada sunuldu\u011fu ticari bir platforma ev sahipli\u011fi yap\u0131yor.<\/strong><\/p>\n<p>Avrupa\u2019n\u0131n en g\u00fcne\u015fli \u00fclkelerinden biri olarak kabul edilen T\u00fcrkiye\u2019de g\u00fcne\u015f enerjisi sekt\u00f6r\u00fcne yo\u011funla\u015fan bir fuar\u0131n olmas\u0131, d\u00fcnya \u00e7ap\u0131nda tan\u0131nm\u0131\u015f ve T\u00fcrkiye\u2019de yat\u0131r\u0131m yapmaya g\u00f6n\u00fcll\u00fc \u00e7ok say\u0131da d\u00fcnya markas\u0131 taraf\u0131ndan da yo\u011fun bir ilgi ile kar\u015f\u0131lan\u0131yor.<\/p>\n<p><strong>D\u00fcnya G\u00fcne\u015f Enerjisine Y\u00f6nelirken, T\u00fcrkiye\u2019de Yeni Yat\u0131r\u0131mc\u0131lar Bekleniyor\u2026<\/strong><\/p>\n<p>\u00c7ok say\u0131da seminere ve firma konferans\u0131na ev sahipli\u011fi yapacak fuarda, t\u00fcm etkinlikler \u00fccretsiz izlenilebilecek. Yat\u0131r\u0131mlar\u0131n y\u00fczde 80\u2019inin yenilenebilir enerji alan\u0131nda ger\u00e7ekle\u015fti\u011fi T\u00fcrkiye\u2019de, G\u00fcney Afrika, Irak, G\u00fcrcistan, Cezayir ve Pakistan g<a href=\"https:\/\/www.enerjigazetesi.ist\/wp-content\/uploads\/2014\/03\/solarex-istanbul-dunya-gunes-enerjisi-sektorune-ev-sahipligine-hazirlaniyor.jpg\"><img loading=\"lazy\" class=\"alignright size-medium wp-image-24138\" title=\"Isolated on white photovoltaic Panel for Alternative Energy\" src=\"https:\/\/www.enerjigazetesi.ist\/wp-content\/uploads\/2014\/03\/solarex-istanbul-dunya-gunes-enerjisi-sektorune-ev-sahipligine-hazirlaniyor-300x213.jpg\" alt=\"\" width=\"300\" height=\"213\" srcset=\"https:\/\/www.enerjigazetesi.ist\/wp-content\/uploads\/2014\/03\/solarex-istanbul-dunya-gunes-enerjisi-sektorune-ev-sahipligine-hazirlaniyor-300x213.jpg 300w, https:\/\/www.enerjigazetesi.ist\/wp-content\/uploads\/2014\/03\/solarex-istanbul-dunya-gunes-enerjisi-sektorune-ev-sahipligine-hazirlaniyor-500x355.jpg 500w, https:\/\/www.enerjigazetesi.ist\/wp-content\/uploads\/2014\/03\/solarex-istanbul-dunya-gunes-enerjisi-sektorune-ev-sahipligine-hazirlaniyor-70x50.jpg 70w, https:\/\/www.enerjigazetesi.ist\/wp-content\/uploads\/2014\/03\/solarex-istanbul-dunya-gunes-enerjisi-sektorune-ev-sahipligine-hazirlaniyor.jpg 600w\" sizes=\"(max-width: 300px) 100vw, 300px\" \/><\/a>ibi \u00fclkelerden yo\u011fun bir \u015fekilde proje talepleri geliyor.<\/p>\n<p>Avrupa\u2019n\u0131n ve Orta Do\u011fu\u2019nun en umut verici pv piyasalar\u0131ndan biri olma yolunda olan T\u00fcrkiye\u2019de, g\u00fcne\u015f enerjisinden elektrik \u00fcretimi sa\u011flayacak olan pv g\u00fcne\u015f panellerinin \u00fcretimine ba\u015fland\u0131. Sadece yerli pazara de\u011fil, Avrupa, Ortado\u011fu ve Afrika pazar\u0131na da \u00fcretim yapmaya haz\u0131rlanan firmalar, yat\u0131r\u0131mlar\u0131n\u0131 her ge\u00e7en g\u00fcn art\u0131yor.<\/p>\n<p>G\u00fcne\u015f ku\u015fa\u011f\u0131 ad\u0131 verilen ve g\u00fcne\u015f enerjisince zengin bir b\u00f6lgede yer alan T\u00fcrkiye, y\u0131ll\u0131k 2640 saatlik g\u00fcne\u015flenme kapasitesi ile g\u00fcne\u015f enerjisinden elektrik \u00fcretme potansiyeli a\u00e7\u0131s\u0131ndan Avrupa \u00fclkeleri aras\u0131nda ikinci s\u0131rada yer al\u0131yor. Bu kapasite y\u0131ll\u0131k 380 milyar\/kwh enerji potansiyeli anlam\u0131na geliyor. \u00a0G\u00fcne\u015f enerjisi ile ilgili y\u00f6netmelikler ve devlet politikalar\u0131, sekt\u00f6rde canlanmaya sebep olurken, T\u00fcrkiye\u2019de her y\u0131l artan solar enerji yat\u0131r\u0131mlar\u0131 da h\u0131z kazan\u0131yor.<\/p>\n<p><strong>Fotovoltaik Panel \u00dcretimi Her Ge\u00e7en G\u00fcn Art\u0131yor\u2026<\/strong><\/p>\n<p>\u00dclkemizde fotovoltaik panel \u00fcretimi yapan firma say\u0131s\u0131 her hecen ay artarken, bu art\u0131\u015fla orant\u0131l\u0131 olarak piyasada \u00e7ok \u00e7e\u015fitli kalitelerde paneller bulunuyor. Panel \u00fcretimindeki hareketlili\u011fe kar\u015f\u0131n yat\u0131r\u0131mc\u0131lar, h\u00fccre \u00fcretiminde olduk\u00e7a temkinli bir duru\u015f sergiliyorlar. Yat\u0131r\u0131mc\u0131lara sa\u011flanacak g\u00fcven ortam\u0131 ve te\u015fvikler ile sekt\u00f6rde istikrar\u0131n yakalanmas\u0131, h\u00fccre \u00fcretimi konusunda da geli\u015fmeler ya\u015fanmas\u0131na sebep oluyor.<\/p>\n<p>Fotovoltaik sistemler olarak adland\u0131r\u0131lan g\u00fcne\u015ften elektrik \u00fcreten sistemler, g\u00fcne\u015ften gelen ve foton ismini ta\u015f\u0131yan tanecikler ile elektrik \u00fcretimini ger\u00e7ekle\u015ftiriyor. G\u00fcn ge\u00e7tik\u00e7e s\u00fcrekli yeni geli\u015fmeler ya\u015fanan g\u00fcne\u015f enerjisi sekt\u00f6r\u00fcnde h\u00fccre verimlilikleri \u00fczerinde yo\u011fun \u00e7al\u0131\u015fmalar da devam ediyor. Yap\u0131lan yasal d\u00fczenlemeler ile birlikte fabrikalar\u0131n, otellerin, hastanelerin, okullar\u0131n, devlet kurumlar\u0131n\u0131n, benzin istasyonlar\u0131n\u0131n, \u00e7iftliklerin, seralar\u0131n ve daha bir\u00e7ok alan\u0131n enerji ihtiyac\u0131 g\u00fcne\u015f enerjisi ile kar\u015f\u0131lan\u0131yor.<\/p>\n<p>Yenilenebilir enerji kaynaklar\u0131n\u0131n \u00fclkemizdeki kullan\u0131m\u0131n\u0131n art\u0131r\u0131lmas\u0131 i\u00e7i \u00f6ncelikle bilgilendirme seminerlerine a\u011f\u0131rl\u0131k verilmeli, bu konuda devletin sunduklar\u0131yla beraber\u00a0 yat\u0131r\u0131mc\u0131ya sa\u011flanan faydalar, net bir \u015fekilde anla\u015f\u0131lmal\u0131d\u0131r. \u00a0\u00d6zellikle Bat\u0131 Avrupa\u2019n\u0131n bu konuda ne kadar ileride oldu\u011fu, g\u00fcne\u015f a\u00e7\u0131s\u0131ndan zengin bir \u00fclke olan T\u00fcrkiye\u2019de bu sistemin hem ucuz hem de temiz enerji y\u00f6n\u00fcnden ne kadar \u00f6nemli oldu\u011fu dile getirilmelidir. Kamunun, \u00fcniversitelerin ve Sivil Toplum \u00f6rg\u00fctlerinin Yerli ve Yenilenebilir Enerji kaynaklar\u0131n\u0131n kullan\u0131lmas\u0131 ve yat\u0131r\u0131mlar\u0131n yap\u0131lmas\u0131 i\u00e7in, g\u00fc\u00e7 birli\u011fi i\u00e7inde olunmal\u0131d\u0131r.<\/p>\n<p><strong>Enerji Sekt\u00f6r\u00fc; T\u00fcrkiye Ekonomisi \u0130\u00e7inde En \u00c7ekici Yat\u0131r\u0131m Alan\u0131\u2026<\/strong><\/p>\n<p>Enerji sekt\u00f6r\u00fc T\u00fcrkiye ekonomisi i\u00e7inde b\u00fcy\u00fck gelecek imkan\u0131 sunan, en \u00e7ekici yat\u0131r\u0131m alan\u0131 olarak kabul ediliyor. \u00d6zelle\u015ftirme s\u00fcrecine paralel olarak sekt\u00f6rde rekabet\u00e7i bir piyasa yap\u0131s\u0131na do\u011fru ge\u00e7i\u015f ya\u015fan\u0131yor. Son d\u00f6nemdeki \u00f6zelle\u015ftirmeler, lisans ihaleleri ve stratejik ortakl\u0131klarla, enerji piyasas\u0131 h\u0131zl\u0131 bir b\u00fcy\u00fcme ve liberalle\u015fme s\u00fcrecine sahne oluyor. G\u00fcn\u00fcm\u00fczde son derece aktif olan sekt\u00f6r, yat\u0131r\u0131mc\u0131lar\u0131na da \u00f6nemli f\u0131rsatlar sunuyor. Bat\u0131 Avrupa \u00fclkelerine k\u0131yasla T\u00fcrkiye\u2019de d\u00fc\u015f\u00fck seviyede olan enerji t\u00fcketimi, her ge\u00e7en g\u00fcn art\u0131yor. T\u00fcrkiye\u2019de gen\u00e7 ve g\u00fcn ge\u00e7tik\u00e7e biraz daha kentle\u015fmekte olan n\u00fcfus, b\u00fcy\u00fcme potansiyelinin varl\u0131\u011f\u0131na i\u015faret ediyor. T\u00fcrkiye g\u00fcn\u00fcm\u00fczde, enerji t\u00fcketimindeki art\u0131\u015f h\u0131z\u0131n\u0131n \u00fclkedeki \u00fcretim h\u0131z\u0131n\u0131 a\u015fmas\u0131na ba\u011fl\u0131 olarak, \u00f6nemli bir enerji ithalat\u00e7\u0131s\u0131 konumunda yer al\u0131yor. Sekt\u00f6rdeki artan talebi kar\u015f\u0131lamak i\u00e7in yak\u0131n gelecekte \u00f6nemli miktarda yat\u0131r\u0131m gerekecek.<\/p>\n<p>Cari a\u00e7\u0131\u011f\u0131m\u0131z\u0131n en \u00f6nemli nedeni olan enerji kaynakl\u0131 ithalat\u0131m\u0131z\u0131n bir an \u00f6nce azalt\u0131lmas\u0131 i\u00e7in her t\u00fcrl\u00fc yerli ve yenilenebilir kaynaklar\u0131n kullan\u0131lmas\u0131 \u00e7ok \u00f6nemli.<\/p>\n<p>Son olarak yerli kaynaklar\u0131n kullan\u0131m\u0131 ve enerji verimlili\u011fi konusunda toplumsal bilin\u00e7lendirme art\u0131r\u0131lmal\u0131d\u0131r. \u0130nsano\u011flunun g\u00fcn ge\u00e7tikte katlanarak artan enerji ihtiyac\u0131, \u201cfosil yak\u0131tlara ba\u011f\u0131ml\u0131 olma\u201d korkusunu beraberinde getirmektedir. Ba\u015fta Avrupa olmak \u00fczere enerji ihtiyac\u0131n\u0131 b\u00fcy\u00fck oranda fosil ve ithal yak\u0131tlarla kar\u015f\u0131lamaya \u00e7al\u0131\u015fan \u00fclkeler, yenilenebilir enerjinin \u00f6nemini fark etmekte ve bu y\u00f6nde ciddi ad\u0131mlar atmaktad\u0131rlar.<\/p>\n<p>Fosil yak\u0131tlardaki \u00f6nlenemez fiyat art\u0131\u015flar\u0131 ve buna dair gelecek beklentilerindeki belirsizlik yenilenebilir enerjiye y\u00f6nelimi zorunlu k\u0131l\u0131yor.<\/p>\n<p>Enerji t\u00fcketilen her alanda enerjinin daha verimli elde edilmesi amac\u0131yla; yenilenebilir enerji kaynaklar\u0131ndan faydalanan etkin ve s\u00fcrd\u00fcr\u00fclebilir m\u00fchendislik projeleri geli\u015ftirilip uygulan\u0131yor. Bu projeler vas\u0131tas\u0131yla enerji maliyetleri minimize edilmekte, d\u00fcnya ekonomisine katk\u0131 sa\u011flanmakta ve gelecek nesillere ya\u015fanabilir bir do\u011fa b\u0131rakmak ama\u00e7 ediniliyor. End\u00fcstriyel Tesisler, Turizm Tesisleri, Konutlar, Mimarl\u0131k ve \u0130n\u015faat Firmalar\u0131, Kamu Kurum ve Kurulu\u015flar\u0131 ile Tar\u0131msal \u00dcretim Tesisleri g\u00fcne\u015f enerjisinin yo\u011fun olarak kullan\u0131ld\u0131\u011f\u0131 temel kitleyi olu\u015fturuyor.<\/p>\n<p>Yay\u0131nc\u0131: <a href=\"https:\/\/www.enerjigazetesi.ist\" target=\"_blank\">Enerji Gazetesi<\/a><\/p>","protected":false},"excerpt":{"rendered":"<p>Sorry, this entry is only available in Turkish. For the sake of viewer convenience, the content is shown below in the alternative language. You may click the link to switch the active language. G\u00fcne\u015f Enerjisi Sekt\u00f6r\u00fcn\u00fcn Gururu, \u00dclkenin Beklenen Bulu\u015fmas\u0131 Solarex \u0130stanbul Ba\u015fl\u0131yor! \u00dclkemizin ilk ve tek g\u00fcne\u015f enerjisi konulu fuar\u0131 olan Solarex \u0130stanbul, T\u00fcrkiye\u2019nin [&hellip;]<\/p>\n","protected":false},"author":1,"featured_media":24138,"comment_status":"open","ping_status":"open","sticky":false,"template":"","format":"standard","meta":[],"categories":[53,49],"tags":[63,67,1009,165,13641,607,227,13,9921,2206,13671,12474,13640,13487,13639,13672,2207,842,508],"views":712,"_links":{"self":[{"href":"https:\/\/www.enerjigazetesi.ist\/en\/wp-json\/wp\/v2\/posts\/24137"}],"collection":[{"href":"https:\/\/www.enerjigazetesi.ist\/en\/wp-json\/wp\/v2\/posts"}],"about":[{"href":"https:\/\/www.enerjigazetesi.ist\/en\/wp-json\/wp\/v2\/types\/post"}],"author":[{"embeddable":true,"href":"https:\/\/www.enerjigazetesi.ist\/en\/wp-json\/wp\/v2\/users\/1"}],"replies":[{"embeddable":true,"href":"https:\/\/www.enerjigazetesi.ist\/en\/wp-json\/wp\/v2\/comments?post=24137"}],"version-history":[{"count":6,"href":"https:\/\/www.enerjigazetesi.ist\/en\/wp-json\/wp\/v2\/posts\/24137\/revisions"}],"predecessor-version":[{"id":24266,"href":"https:\/\/www.enerjigazetesi.ist\/en\/wp-json\/wp\/v2\/posts\/24137\/revisions\/24266"}],"wp:featuredmedia":[{"embeddable":true,"href":"https:\/\/www.enerjigazetesi.ist\/en\/wp-json\/wp\/v2\/media\/24138"}],"wp:attachment":[{"href":"https:\/\/www.enerjigazetesi.ist\/en\/wp-json\/wp\/v2\/media?parent=24137"}],"wp:term":[{"taxonomy":"category","embeddable":true,"href":"https:\/\/www.enerjigazetesi.ist\/en\/wp-json\/wp\/v2\/categories?post=24137"},{"taxonomy":"post_tag","embeddable":true,"href":"https:\/\/www.enerjigazetesi.ist\/en\/wp-json\/wp\/v2\/tags?post=24137"}],"curies":[{"name":"wp","href":"https:\/\/api.w.org\/{rel}","templated":true}]}}