{"id":24105,"date":"2014-03-19T16:21:09","date_gmt":"2014-03-19T13:21:09","guid":{"rendered":"https:\/\/www.enerjigazetesi.ist\/?p=24105"},"modified":"2014-03-19T16:21:09","modified_gmt":"2014-03-19T13:21:09","slug":"somada-turkiyenin-ilk-termik-santralden-cikan-buhar-ve-sicak-suyu-ile","status":"publish","type":"post","link":"https:\/\/www.enerjigazetesi.ist\/en\/somada-turkiyenin-ilk-termik-santralden-cikan-buhar-ve-sicak-suyu-ile\/","title":{"rendered":"(Turkish) Soma\u2019da T\u00fcrkiye\u2019nin \u0130lk Termik Santralden \u00c7\u0131kan Buhar ve S\u0131cak Suyu \u0130le&#8230;"},"content":{"rendered":"<p class=\"qtranxs-available-languages-message qtranxs-available-languages-message-en\">Sorry, this entry is only available in <a href=\"https:\/\/www.enerjigazetesi.ist\/tr\/wp-json\/wp\/v2\/posts\/24105\" class=\"qtranxs-available-language-link qtranxs-available-language-link-tr\" title=\"Turkish\">Turkish<\/a>. For the sake of viewer convenience, the content is shown below in the alternative language. You may click the link to switch the active language.<\/p><p><strong>Enerji ve Tabii Kaynaklar Bakan\u0131 Taner Y\u0131ld\u0131z, Soma\u2019da T\u00fcrkiye\u2019nin ilk termik santralden \u00e7\u0131kan buhar ve s\u0131cak suyla konut \u0131s\u0131tma projesini ba\u015flatt\u0131klar\u0131n\u0131 belirterek, bunu 14 termik santralin bulundu\u011fu b\u00f6lgelerde de uygulamak istediklerini belirtti. Y\u0131ld\u0131z, Soma\u2019da sivil toplum kurulu\u015flar\u0131ndan temsilcilerle kahvalt\u0131da bir araya geldi, Soma Nakliyeciler Kooperatifini ziyaret etti. Kamyoncu esnaf\u0131yla sohbet eden Bakan Y\u0131ld\u0131z daha sonra B\u00f6lgesel Is\u0131tma Sistemi Is\u0131 Da\u011f\u0131t\u0131m Merkezi\u2019nin a\u00e7\u0131l\u0131\u015f t\u00f6renine kat\u0131ld\u0131.<\/strong><\/p>\n<p>Merkezi gezerek yetkililerden bilgi alan Y\u0131ld\u0131z, Manisa\u2019ya 9 milyar liral\u0131k yat\u0131r\u0131m yapt\u0131klar\u0131n\u0131, bunun yar\u0131m milyar liradan fazlas\u0131n\u0131n enerji sekt\u00f6r\u00fcyle alakal\u0131 oldu\u011funu, Manisa ve Soma\u2019n\u0131n r\u00fczgar ve termi<a href=\"https:\/\/www.enerjigazetesi.ist\/wp-content\/uploads\/2014\/03\/somada-turkiyenin-ilk-termik-santralden-cikan-buhar-ve-sicak-suyu-ile.png\"><img loading=\"lazy\" class=\"alignright size-medium wp-image-24106\" title=\"somada-turkiyenin-ilk-termik-santralden-cikan-buhar-ve-sicak-suyu-ile\" src=\"https:\/\/www.enerjigazetesi.ist\/wp-content\/uploads\/2014\/03\/somada-turkiyenin-ilk-termik-santralden-cikan-buhar-ve-sicak-suyu-ile-300x196.png\" alt=\"\" width=\"300\" height=\"196\" srcset=\"https:\/\/www.enerjigazetesi.ist\/wp-content\/uploads\/2014\/03\/somada-turkiyenin-ilk-termik-santralden-cikan-buhar-ve-sicak-suyu-ile-300x196.png 300w, https:\/\/www.enerjigazetesi.ist\/wp-content\/uploads\/2014\/03\/somada-turkiyenin-ilk-termik-santralden-cikan-buhar-ve-sicak-suyu-ile-76x50.png 76w, https:\/\/www.enerjigazetesi.ist\/wp-content\/uploads\/2014\/03\/somada-turkiyenin-ilk-termik-santralden-cikan-buhar-ve-sicak-suyu-ile.png 428w\" sizes=\"(max-width: 300px) 100vw, 300px\" \/><\/a>k santralleriyle t\u00fcketti\u011finden daha fazla enerji \u00fcretebilen \u015fehirlerden oldu\u011funu belirtti. B\u00f6lgede bulunan SEA\u015e termik santralinin bir megavat g\u00fc\u00e7 ile \u00fclkenin en \u00f6nemli santralleri aras\u0131nda yer ald\u0131\u011f\u0131n\u0131, bu santralden \u00e7\u0131kan buhar\u0131n ve s\u0131cak suyun de\u011ferlendirilmesi i\u00e7in T\u00dcB\u0130TAK ve \u00fcniversitelerden akademisyenlerin i\u015fbirli\u011fi yaparak \u00f6rnek bir modeli hayata ge\u00e7irdiklerini belirtti.<\/p>\n<p>Kamunun kamuyla i\u015fbirli\u011fi yapt\u0131\u011f\u0131 \u00e7ok fazla \u00f6rnek olmad\u0131\u011f\u0131n\u0131 anlatan Y\u0131ld\u0131z, \u201cMadencilerimizin al\u0131n terini burada enerjiye d\u00f6n\u00fc\u015ft\u00fcrd\u00fckten sonra s\u0131cak suyun, buhar\u0131n de\u011ferlendirildi\u011fi, Soma halk\u0131n\u0131n hizmetine sunuldu\u011fu \u00f6nemli bir projeden bahsediyoruz. T\u00fcrkiye\u2019ye \u00f6rnek olacak, \u00f6nc\u00fcl\u00fck eden bir i\u015ften bahsediyoruz. T\u00fcrkiye\u2019nin en yerli kayna\u011f\u0131 enerji tasarrufundan elde edece\u011fi kaynakt\u0131r. Burada 15 milyar liral\u0131k tasarruf edebilece\u011fimiz bir alan var. Han\u0131mlar 4 milyar lira, sanayiciler 6,5 milyar lira, \u00e7ocuklar 2 milyar lira, toplamda \u00f6l\u00e7\u00fclebilir y\u0131lda 15 milyar liral\u0131k tasarruf etme imkan\u0131m\u0131z var.<\/p>\n<p>Bu g\u00f6rd\u00fc\u011f\u00fcn\u00fcz tesis en \u00f6nemli tasarruf kalemlerinden bir tanesidir. Do\u011falgaz kullan\u0131m\u0131ndan daha temiz ve ucuz bir enerjiyi Soma belediyemiz t\u00fcm sakinlerine g\u00f6t\u00fcrecek. 8 bin konutun enerjisini buradan sa\u011flayaca\u011f\u0131z. Bu projeyi T\u00fcrkiye\u2019ye \u00f6rnek g\u00f6stermek i\u00e7in buraya \u00e7al\u0131\u015fma arkada\u015flar\u0131m\u0131z\u0131 g\u00f6nderece\u011fiz. 14 termik santral i\u00e7in bulunduklar\u0131 yerlerde uygulamas\u0131n\u0131 yapaca\u011f\u0131z.\u201d<\/p>\n<p>Soma\u2019da ilave 205 milyon ton k\u00f6m\u00fcr rezervinin bulundu\u011funu anlatan Bakan Y\u0131ld\u0131z, bunun yeni i\u015f alanlar\u0131 demek oldu\u011funu da s\u00f6zlerine ekledi.<\/p>\n<h2>Kilovat saati 2 kuru\u015f<\/h2>\n<p>Soma Belediye Ba\u015fkan\u0131 Hasan Ergene, termik santrallerin at\u0131k \u0131s\u0131lar\u0131n\u0131n de\u011ferlendirilmesi projesi kapsam\u0131nda ba\u015flat\u0131lan 8 bin 100 konutluk \u0131s\u0131tma projesinin \u015fu ana kadar bin 500 konuta ula\u015ft\u0131r\u0131ld\u0131\u011f\u0131n\u0131, sistemin 2 y\u0131lda tamamlanmas\u0131n\u0131n \u00f6ng\u00f6r\u00fcld\u00fc\u011f\u00fcn\u00fc belirtti.<\/p>\n<p>Proje kapsam\u0131nda serac\u0131l\u0131k gibi ge\u00e7im kaynaklar\u0131n\u0131n da devreye al\u0131naca\u011f\u0131n\u0131 ifade eden Ergene, \u201cYapt\u0131\u011f\u0131m\u0131z 30 y\u0131ll\u0131k al\u0131m anla\u015fmas\u0131na g\u00f6re \u0131s\u0131 enerjisi kilovat saat bedeli 2 kuru\u015f olarak belirlendi. Yani bedavadan biraz pahal\u0131. Ben say\u0131n Bakan\u0131m\u0131z Taner Y\u0131ld\u0131z\u2019a \u015f\u00fckranlar\u0131m\u0131 sunuyorum. Bu sayede Somam\u0131z 30 y\u0131l boyunca ucuz ve temiz \u0131s\u0131nma imkan\u0131na kavu\u015ftu. T\u00fcrkiye\u2019ye \u00f6rnek olacak bir yat\u0131r\u0131m\u0131 ba\u015flatt\u0131\u201d<\/p>\n<h2>Soma\u2019ya enerji OSB<\/h2>\n<p>TBMM Plan ve B\u00fct\u00e7e Komisyonu Ba\u015fkan\u0131 ve Manisa milletvekili Recai Berber, projeyle Soma\u2019n\u0131n hava kirlili\u011finden kurtulaca\u011f\u0131n\u0131, il\u00e7enin bu ad\u0131mla Bat\u0131 Anadolu\u2019nun enerji merkezi olabilece\u011fini belirtti. Berber, Soma\u2019da da bir organize sanayi b\u00f6lgesinin t\u00fczel ki\u015fili\u011finin kuruldu\u011funu, enerji yo\u011fun sekt\u00f6rlerde il\u00e7enin bir sanayi merkezi haline getirilmesinin hedeflendi\u011fini bildirdi.<\/p>\n<p>Manisa B\u00fcy\u00fck\u015fehir Belediye Ba\u015fkan Aday\u0131 H\u00fcseyin Tanr\u0131verdi ise \u0131s\u0131tma sisteminin Soma\u2019n\u0131n ard\u0131ndan kom\u015fu il\u00e7e K\u0131rka\u011fa\u00e7\u2019a da uzat\u0131laca\u011f\u0131n\u0131 ifade etti.<\/p>\n<p>T\u00dcB\u0130TAK Marmara Ara\u015ft\u0131rma Merkezi Ba\u015fkan\u0131 Bahad\u0131r Tunaboylu, Soma\u2019n\u0131n kendileri i\u00e7in bir Ar-Ge merkezi haline geldi\u011fini ifade etti.<\/p>\n<p>Kaynak: <a href=\"http:\/\/www.sondakika.com\/haber\/haber-soma-bolgesel-isitma-sistemi-acilisi-5803994\/\" target=\"_blank\">Son Dakika<\/a><\/p>","protected":false},"excerpt":{"rendered":"<p>Sorry, this entry is only available in Turkish. For the sake of viewer convenience, the content is shown below in the alternative language. You may click the link to switch the active language.Enerji ve Tabii Kaynaklar Bakan\u0131 Taner Y\u0131ld\u0131z, Soma\u2019da T\u00fcrkiye\u2019nin ilk termik santralden \u00e7\u0131kan buhar ve s\u0131cak suyla konut \u0131s\u0131tma projesini ba\u015flatt\u0131klar\u0131n\u0131 belirterek, bunu [&hellip;]<\/p>\n","protected":false},"author":1,"featured_media":24106,"comment_status":"open","ping_status":"open","sticky":false,"template":"","format":"standard","meta":[],"categories":[46,53],"tags":[710,13621,92,226,63,67,1009,165,13626,13625,13622,1719,13623,667,438,13624,846],"views":1032,"_links":{"self":[{"href":"https:\/\/www.enerjigazetesi.ist\/en\/wp-json\/wp\/v2\/posts\/24105"}],"collection":[{"href":"https:\/\/www.enerjigazetesi.ist\/en\/wp-json\/wp\/v2\/posts"}],"about":[{"href":"https:\/\/www.enerjigazetesi.ist\/en\/wp-json\/wp\/v2\/types\/post"}],"author":[{"embeddable":true,"href":"https:\/\/www.enerjigazetesi.ist\/en\/wp-json\/wp\/v2\/users\/1"}],"replies":[{"embeddable":true,"href":"https:\/\/www.enerjigazetesi.ist\/en\/wp-json\/wp\/v2\/comments?post=24105"}],"version-history":[{"count":2,"href":"https:\/\/www.enerjigazetesi.ist\/en\/wp-json\/wp\/v2\/posts\/24105\/revisions"}],"predecessor-version":[{"id":24108,"href":"https:\/\/www.enerjigazetesi.ist\/en\/wp-json\/wp\/v2\/posts\/24105\/revisions\/24108"}],"wp:featuredmedia":[{"embeddable":true,"href":"https:\/\/www.enerjigazetesi.ist\/en\/wp-json\/wp\/v2\/media\/24106"}],"wp:attachment":[{"href":"https:\/\/www.enerjigazetesi.ist\/en\/wp-json\/wp\/v2\/media?parent=24105"}],"wp:term":[{"taxonomy":"category","embeddable":true,"href":"https:\/\/www.enerjigazetesi.ist\/en\/wp-json\/wp\/v2\/categories?post=24105"},{"taxonomy":"post_tag","embeddable":true,"href":"https:\/\/www.enerjigazetesi.ist\/en\/wp-json\/wp\/v2\/tags?post=24105"}],"curies":[{"name":"wp","href":"https:\/\/api.w.org\/{rel}","templated":true}]}}