{"id":24065,"date":"2014-03-19T10:37:49","date_gmt":"2014-03-19T07:37:49","guid":{"rendered":"https:\/\/www.enerjigazetesi.ist\/?p=24065"},"modified":"2014-03-19T10:40:32","modified_gmt":"2014-03-19T07:40:32","slug":"k-irak-petrolunde-2-5-milyon-varillik-depolama-ve-petrol-ihraci","status":"publish","type":"post","link":"https:\/\/www.enerjigazetesi.ist\/en\/k-irak-petrolunde-2-5-milyon-varillik-depolama-ve-petrol-ihraci\/","title":{"rendered":"(Turkish) K.Irak Petrol\u00fcnde 2.5 milyon Varillik Depolama ve Petrol \u0130hrac\u0131!"},"content":{"rendered":"<p class=\"qtranxs-available-languages-message qtranxs-available-languages-message-en\">Sorry, this entry is only available in <a href=\"https:\/\/www.enerjigazetesi.ist\/tr\/wp-json\/wp\/v2\/posts\/24065\" class=\"qtranxs-available-language-link qtranxs-available-language-link-tr\" title=\"Turkish\">Turkish<\/a>. For the sake of viewer convenience, the content is shown below in the alternative language. You may click the link to switch the active language.<\/p><p><strong>Kuzey Irak petrol\u00fcndeki 3\u2019l\u00fc d\u00fc\u011f\u00fcm, bu ay sonu bitecek. Petrol\u00fc daha fazla depolama imk\u00e2n\u0131 kalmayan T\u00fcrkiye, Irak merkezi h\u00fck\u00fcmetinin onay\u0131 olmasa da yurtd\u0131\u015f\u0131na ihra\u00e7 i\u00e7in d\u00fc\u011fmeye basacak. Enerji ve Tabii Kaynaklar Bakan\u0131 Taner Y\u0131ld\u0131z, Ceyhan\u2019da biriken Kuzey Irak petrol\u00fc i\u00e7in 2.5 milyon varillik depolama kapasitesinin nisandan \u00f6nce dolaca\u011f\u0131n\u0131, bu a\u015famadan sonra petrol\u00fcn yurtd\u0131\u015f\u0131na sat\u0131\u015f\u0131na ba\u015flanabilece\u011fini s\u00f6yledi.<\/strong><\/p>\n<p>Ceyhan\u2019da bug\u00fcne kadar 1 milyon 350 bin var<a href=\"https:\/\/www.enerjigazetesi.ist\/wp-content\/uploads\/2014\/03\/k-irak-petrolunde-2-5-milyon-varillik-depolama-ve-petrol-ihraci.jpg\"><img loading=\"lazy\" class=\"alignleft size-medium wp-image-24066\" title=\"k-irak-petrolunde-2-5-milyon-varillik-depolama-ve-petrol-ihraci\" src=\"https:\/\/www.enerjigazetesi.ist\/wp-content\/uploads\/2014\/03\/k-irak-petrolunde-2-5-milyon-varillik-depolama-ve-petrol-ihraci-300x212.jpg\" alt=\"\" width=\"300\" height=\"212\" srcset=\"https:\/\/www.enerjigazetesi.ist\/wp-content\/uploads\/2014\/03\/k-irak-petrolunde-2-5-milyon-varillik-depolama-ve-petrol-ihraci-300x212.jpg 300w, https:\/\/www.enerjigazetesi.ist\/wp-content\/uploads\/2014\/03\/k-irak-petrolunde-2-5-milyon-varillik-depolama-ve-petrol-ihraci-70x50.jpg 70w, https:\/\/www.enerjigazetesi.ist\/wp-content\/uploads\/2014\/03\/k-irak-petrolunde-2-5-milyon-varillik-depolama-ve-petrol-ihraci.jpg 478w\" sizes=\"(max-width: 300px) 100vw, 300px\" \/><\/a>il petrol depoland\u0131.<\/p>\n<p>Y\u0131ld\u0131z, \u201cPetrol 2.5 milyon varile \u00e7\u0131k\u0131nca ve anla\u015f\u0131lamazsa T\u00fcpra\u015f al\u0131r m\u0131?\u201d sorusu \u00fczerine, \u201cT\u00fcpra\u015f olamasa da ba\u015fka al\u0131c\u0131lar\u0131 da olur\u201d dedi.<\/p>\n<h2>Banka i\u015fi \u00e7\u00f6z\u00fclemedi<\/h2>\n<p>Petrol paras\u0131n\u0131n hangi bankaya yat\u0131r\u0131laca\u011f\u0131 tart\u0131\u015fmas\u0131n\u0131n bitmedi\u011fini belirten Y\u0131ld\u0131z, \u015funlar\u0131 s\u00f6yledi:<\/p>\n<p>\u201cEn \u00f6nemli konu bu diyebiliriz. Merkezi Irak diyor ki; \u2018Ben SOMO (Irak petrol \u015firketi) arac\u0131l\u0131\u011f\u0131 ile bu ihracat\u0131m\u0131 yapay\u0131m, paran\u0131n tasarrufu da Amerika \u00fczerinden bende olsun\u2019. Kuzey Irak; \u2018Bunun sevkiyat\u0131n\u0131 KOMO (K\u00fcrt y\u00f6netimi petrol \u015firketi) \u00fczerinden ben yapay\u0131m, \u00e7\u00fcnk\u00fc genel b\u00fct\u00e7eden para alam\u0131yorum. Banka i\u00e7in de \u2018T\u00fcrkiye\u2019deki bankalar\u2019 diyor.\u201d<\/p>\n<p>Y\u0131ld\u0131z, K\u0131r\u0131m\u2019daki durumun T\u00fcrkiye ile Rusya aras\u0131ndaki enerji projelerini etkileyip etkilemeyece\u011fi sorusu \u00fczerine, \u201cSiyaseten bunun t\u0131rmand\u0131r\u0131lmamas\u0131 laz\u0131m. T\u0131rman\u0131yorsa tabii ki baz\u0131 projelere etkisi, yans\u0131malar\u0131 olacakt\u0131r\u201d dedi.<\/p>\n<p>Kaynak: <a href=\"http:\/\/ekonomi.milliyet.com.tr\/depo-doldu-petrol-ihraci-basliyor\/ekonomi\/detay\/1853787\/default.htm\" target=\"_blank\">Milliyet<\/a><\/p>","protected":false},"excerpt":{"rendered":"<p>Sorry, this entry is only available in Turkish. For the sake of viewer convenience, the content is shown below in the alternative language. You may click the link to switch the active language.Kuzey Irak petrol\u00fcndeki 3\u2019l\u00fc d\u00fc\u011f\u00fcm, bu ay sonu bitecek. Petrol\u00fc daha fazla depolama imk\u00e2n\u0131 kalmayan T\u00fcrkiye, Irak merkezi h\u00fck\u00fcmetinin onay\u0131 olmasa da yurtd\u0131\u015f\u0131na [&hellip;]<\/p>\n","protected":false},"author":1,"featured_media":24066,"comment_status":"open","ping_status":"open","sticky":false,"template":"","format":"standard","meta":[],"categories":[53,44],"tags":[13602,63,67,1009,165,746,59,13601,79,1704,846,13603],"views":692,"_links":{"self":[{"href":"https:\/\/www.enerjigazetesi.ist\/en\/wp-json\/wp\/v2\/posts\/24065"}],"collection":[{"href":"https:\/\/www.enerjigazetesi.ist\/en\/wp-json\/wp\/v2\/posts"}],"about":[{"href":"https:\/\/www.enerjigazetesi.ist\/en\/wp-json\/wp\/v2\/types\/post"}],"author":[{"embeddable":true,"href":"https:\/\/www.enerjigazetesi.ist\/en\/wp-json\/wp\/v2\/users\/1"}],"replies":[{"embeddable":true,"href":"https:\/\/www.enerjigazetesi.ist\/en\/wp-json\/wp\/v2\/comments?post=24065"}],"version-history":[{"count":9,"href":"https:\/\/www.enerjigazetesi.ist\/en\/wp-json\/wp\/v2\/posts\/24065\/revisions"}],"predecessor-version":[{"id":24075,"href":"https:\/\/www.enerjigazetesi.ist\/en\/wp-json\/wp\/v2\/posts\/24065\/revisions\/24075"}],"wp:featuredmedia":[{"embeddable":true,"href":"https:\/\/www.enerjigazetesi.ist\/en\/wp-json\/wp\/v2\/media\/24066"}],"wp:attachment":[{"href":"https:\/\/www.enerjigazetesi.ist\/en\/wp-json\/wp\/v2\/media?parent=24065"}],"wp:term":[{"taxonomy":"category","embeddable":true,"href":"https:\/\/www.enerjigazetesi.ist\/en\/wp-json\/wp\/v2\/categories?post=24065"},{"taxonomy":"post_tag","embeddable":true,"href":"https:\/\/www.enerjigazetesi.ist\/en\/wp-json\/wp\/v2\/tags?post=24065"}],"curies":[{"name":"wp","href":"https:\/\/api.w.org\/{rel}","templated":true}]}}