{"id":24012,"date":"2014-03-18T11:02:46","date_gmt":"2014-03-18T08:02:46","guid":{"rendered":"https:\/\/www.enerjigazetesi.ist\/?p=24012"},"modified":"2014-03-18T11:02:46","modified_gmt":"2014-03-18T08:02:46","slug":"bakan-yildiz-28-ab-ulkesi-arasinda-dogalgazi-en-ucuza-satan-ulkeyiz","status":"publish","type":"post","link":"https:\/\/www.enerjigazetesi.ist\/en\/bakan-yildiz-28-ab-ulkesi-arasinda-dogalgazi-en-ucuza-satan-ulkeyiz\/","title":{"rendered":"(Turkish) Bakan Y\u0131ld\u0131z: 28 AB \u00dclkesi Aras\u0131nda Do\u011falgaz\u0131 En Ucuza Satan \u00dclkeyiz!"},"content":{"rendered":"<p class=\"qtranxs-available-languages-message qtranxs-available-languages-message-en\">Sorry, this entry is only available in <a href=\"https:\/\/www.enerjigazetesi.ist\/tr\/wp-json\/wp\/v2\/posts\/24012\" class=\"qtranxs-available-language-link qtranxs-available-language-link-tr\" title=\"Turkish\">Turkish<\/a>. For the sake of viewer convenience, the content is shown below in the alternative language. You may click the link to switch the active language.<\/p><p><strong>Enerji ve Tabii Kaynaklar Bakan\u0131 Taner Y\u0131ld\u0131z, \u201cBiz, 28 Avrupa Birli\u011fi \u00fcyesi \u00fclke aras\u0131nda do\u011falgaz\u0131 en ucuza alan \u00fclke de\u011filiz ama en ucuza satan \u00fclkeyiz\u201d dedi. Y\u0131ld\u0131z, Nev\u015fehir Belediye Ba\u015fkan\u0131 Hasan \u00dcnver\u2019i ziyaretinde yapt\u0131\u011f\u0131 konu\u015fmada, T\u00fcrkiye\u2019nin g\u00fcne\u015f enerjisine, yerli enerjiye, yenilenebilir enerjiye \u00e7ok fazla yat\u0131r\u0131m yapmas\u0131 gerekti\u011fini, bunun bir ihtiya\u00e7 oldu\u011funu s\u00f6yledi.<\/strong><\/p>\n<p>Nev\u015fehir\u2019de g\u00fcne\u015f enerjisi panelleriyle elektrik ihtiyac\u0131n\u0131 kar\u015f\u0131layan bir fabrika oldu\u011funa dikkati \u00e7eken Y\u0131ld\u0131z, bu konunun her y\u00f6n\u00fcyle vurgulanmas\u0131 gerekti\u011fini ifade etti.<\/p>\n<p>\u00d6zellikle yenilenebilir enerjiyle alakal\u0131 konular\u0131n, T\u00fcrkiye\u2019nin yerli kaynaklarla bulu\u015fmas\u0131 ad\u0131na \u00f6n plana \u00e7\u0131kar\u0131lmas\u0131n\u0131 tavsiye eden Y\u0131ld\u0131z, bas\u0131n mensuplar\u0131ndan da bu k<a href=\"https:\/\/www.enerjigazetesi.ist\/wp-content\/uploads\/2014\/03\/bakan-yildiz-28-ab-ulkesi-arasinda-dogalgazi-en-ucuza-satan-ulkeyiz.jpg\"><img loading=\"lazy\" class=\"alignleft size-medium wp-image-24013\" title=\"bakan-yildiz-28-ab-ulkesi-arasinda-dogalgazi-en-ucuza-satan-ulkeyiz\" src=\"https:\/\/www.enerjigazetesi.ist\/wp-content\/uploads\/2014\/03\/bakan-yildiz-28-ab-ulkesi-arasinda-dogalgazi-en-ucuza-satan-ulkeyiz-300x215.jpg\" alt=\"\" width=\"300\" height=\"215\" srcset=\"https:\/\/www.enerjigazetesi.ist\/wp-content\/uploads\/2014\/03\/bakan-yildiz-28-ab-ulkesi-arasinda-dogalgazi-en-ucuza-satan-ulkeyiz-300x215.jpg 300w, https:\/\/www.enerjigazetesi.ist\/wp-content\/uploads\/2014\/03\/bakan-yildiz-28-ab-ulkesi-arasinda-dogalgazi-en-ucuza-satan-ulkeyiz-69x50.jpg 69w, https:\/\/www.enerjigazetesi.ist\/wp-content\/uploads\/2014\/03\/bakan-yildiz-28-ab-ulkesi-arasinda-dogalgazi-en-ucuza-satan-ulkeyiz.jpg 463w\" sizes=\"(max-width: 300px) 100vw, 300px\" \/><\/a>onular\u0131 vurgulamas\u0131n\u0131 istedi.<\/p>\n<p>K\u0131r\u015fehir\u2019in Mucur il\u00e7esinde do\u011falgaz kompres\u00f6r merkezi a\u00e7\u0131l\u0131\u015f\u0131na kat\u0131laca\u011f\u0131n\u0131 ifade eden Y\u0131ld\u0131z, bunun, T\u00fcrkiye\u2019nin bat\u0131daki ihtiyac\u0131n\u0131 kar\u015f\u0131lamak \u00fczere do\u011fudan gelen b\u00fct\u00fcn do\u011falgaz\u0131n bat\u0131ya aktar\u0131labilmesi i\u00e7in Mucur\u2019da \u00f6nemli bir yat\u0131r\u0131m olaca\u011f\u0131n\u0131 kaydetti.<\/p>\n<p>T\u00fcrkiye\u2019nin do\u011fusuyla bat\u0131s\u0131 aras\u0131ndaki mesafenin bin 800 kilometre oldu\u011funa dikkati \u00e7eken Y\u0131ld\u0131z, \u201cEnlem a\u00e7\u0131s\u0131ndan bakt\u0131\u011f\u0131m\u0131zda Avrupa\u2019n\u0131n ikinci uzun \u00fclkesi. Zaman fark\u0131 da yakla\u015f\u0131k 76 dakika. B\u00f6yle bir mesafede do\u011falgaz\u0131n gidebilmesi i\u00e7in bas\u0131nc\u0131 y\u00fckseltmek gerekiyor. Azerbaycan\u2019dan, \u0130ran\u2019dan gelen gaz\u0131 kendi haline b\u0131raksan\u0131z Eski\u015fehir\u2019e, \u0130stanbul\u2019a gitmiyor. Kademeli olarak onlar\u0131n bas\u0131nc\u0131n\u0131n y\u00fckseltilerek daha ileriye aktar\u0131lmas\u0131 gerekiyor. Bu konuda Mucur\u2019un b\u00fcy\u00fck katk\u0131s\u0131 olacak. Erzincan\u2019da, Hanak\u2019ta, Ardahan\u2019da var. Bunlar\u0131n her biri, do\u011fudaki kaynaklar\u0131n bat\u0131ya aktar\u0131lmas\u0131n\u0131 sa\u011flayacak\u201d diye konu\u015ftu.<\/p>\n<h2>\u201cDo\u011falgaz fiyat\u0131 2008 kas\u0131m ay\u0131ndan daha d\u00fc\u015f\u00fck\u201d<\/h2>\n<p>Y\u0131ld\u0131z, daha sonra, Kapadokyagaz Do\u011falgaz Da\u011f\u0131t\u0131m \u015eirketini ziyaret etti.<\/p>\n<p>Bakan Y\u0131ld\u0131z, burada yapt\u0131\u011f\u0131 a\u00e7\u0131klamada, T\u00fcrkiye\u2019nin, 2008\u2032in kas\u0131m ay\u0131ndan itibaren referandum ve genel se\u00e7im ge\u00e7irmesine ra\u011fmen do\u011falgaz fiyatlar\u0131n\u0131n artmad\u0131\u011f\u0131n\u0131 belirterek, \u015f\u00f6yle devam etti:<\/p>\n<p>\u201c\u015eu anda BOTA\u015e\u2019\u0131n satt\u0131\u011f\u0131 do\u011falgaz fiyat\u0131, 2008 kas\u0131m ay\u0131ndan daha d\u00fc\u015f\u00fck. \u2018Bu nominal mi, reel mi, d\u00f6vizle mi al\u0131n\u0131yor?\u2019 diye soruyorlar. Hay\u0131r, T\u00fcrk Liras\u0131 ile. O zaman bin liraya sat\u0131yorsak \u015fu anda 900 k\u00fcs\u00fcr liraya sat\u0131yoruz. 2008\u2032in kas\u0131m ay\u0131ndan bu tarafa petrol, do\u011falgaz fiyatlar\u0131, d\u00f6viz, artm\u0131\u015f olmas\u0131na ra\u011fmen fiyatlar\u0131m\u0131z artmad\u0131. Biz, 28 Avrupa Birli\u011fi \u00fcyesi \u00fclke aras\u0131nda do\u011falgaz\u0131 en ucuza alan \u00fclke de\u011filiz ama en ucuza satan \u00fclkeyiz. O y\u00fczden bunu vatanda\u015flar\u0131m\u0131z\u0131n da de\u011ferlendirmesi gerekiyor.\u201d<\/p>\n<p>Kaynak: <a href=\"http:\/\/ekonomi.haber7.com\/turkiye-ekonomisi\/haber\/1137927-28-ab-ulkesi-arasinda-en-ucuza-biz-satiyoruz\" target=\"_blank\">Haber 7<\/a><\/p>","protected":false},"excerpt":{"rendered":"<p>Sorry, this entry is only available in Turkish. For the sake of viewer convenience, the content is shown below in the alternative language. You may click the link to switch the active language.Enerji ve Tabii Kaynaklar Bakan\u0131 Taner Y\u0131ld\u0131z, \u201cBiz, 28 Avrupa Birli\u011fi \u00fcyesi \u00fclke aras\u0131nda do\u011falgaz\u0131 en ucuza alan \u00fclke de\u011filiz ama en ucuza [&hellip;]<\/p>\n","protected":false},"author":1,"featured_media":24013,"comment_status":"open","ping_status":"open","sticky":false,"template":"","format":"standard","meta":[],"categories":[46,53],"tags":[710,92,226,1363,13566,63,67,1009,165,2432,13,5392,9565,667,846,105,2469,9965],"views":736,"_links":{"self":[{"href":"https:\/\/www.enerjigazetesi.ist\/en\/wp-json\/wp\/v2\/posts\/24012"}],"collection":[{"href":"https:\/\/www.enerjigazetesi.ist\/en\/wp-json\/wp\/v2\/posts"}],"about":[{"href":"https:\/\/www.enerjigazetesi.ist\/en\/wp-json\/wp\/v2\/types\/post"}],"author":[{"embeddable":true,"href":"https:\/\/www.enerjigazetesi.ist\/en\/wp-json\/wp\/v2\/users\/1"}],"replies":[{"embeddable":true,"href":"https:\/\/www.enerjigazetesi.ist\/en\/wp-json\/wp\/v2\/comments?post=24012"}],"version-history":[{"count":2,"href":"https:\/\/www.enerjigazetesi.ist\/en\/wp-json\/wp\/v2\/posts\/24012\/revisions"}],"predecessor-version":[{"id":24015,"href":"https:\/\/www.enerjigazetesi.ist\/en\/wp-json\/wp\/v2\/posts\/24012\/revisions\/24015"}],"wp:featuredmedia":[{"embeddable":true,"href":"https:\/\/www.enerjigazetesi.ist\/en\/wp-json\/wp\/v2\/media\/24013"}],"wp:attachment":[{"href":"https:\/\/www.enerjigazetesi.ist\/en\/wp-json\/wp\/v2\/media?parent=24012"}],"wp:term":[{"taxonomy":"category","embeddable":true,"href":"https:\/\/www.enerjigazetesi.ist\/en\/wp-json\/wp\/v2\/categories?post=24012"},{"taxonomy":"post_tag","embeddable":true,"href":"https:\/\/www.enerjigazetesi.ist\/en\/wp-json\/wp\/v2\/tags?post=24012"}],"curies":[{"name":"wp","href":"https:\/\/api.w.org\/{rel}","templated":true}]}}