{"id":23984,"date":"2014-03-17T16:55:54","date_gmt":"2014-03-17T13:55:54","guid":{"rendered":"https:\/\/www.enerjigazetesi.ist\/?p=23984"},"modified":"2014-03-17T17:16:00","modified_gmt":"2014-03-17T14:16:00","slug":"else-enerji-den-endustriyel-en-buyuk-cati-uzeri-gunes-enerji-santralleri","status":"publish","type":"post","link":"https:\/\/www.enerjigazetesi.ist\/en\/else-enerji-den-endustriyel-en-buyuk-cati-uzeri-gunes-enerji-santralleri\/","title":{"rendered":"(Turkish) Else Enerji&#8217;den End\u00fcstriyel En B\u00fcy\u00fck \u00c7at\u0131 \u00dczeri G\u00fcne\u015f Enerji Santralleri&#8230;"},"content":{"rendered":"<p class=\"qtranxs-available-languages-message qtranxs-available-languages-message-en\">Sorry, this entry is only available in <a href=\"https:\/\/www.enerjigazetesi.ist\/tr\/wp-json\/wp\/v2\/posts\/23984\" class=\"qtranxs-available-language-link qtranxs-available-language-link-tr\" title=\"Turkish\">Turkish<\/a>. For the sake of viewer convenience, the content is shown below in the alternative language. You may click the link to switch the active language.<\/p><p><strong>Else Enerji, Has \u00c7elik ve Halat Sanayi A\u015e ile Be\u015fler Tekstil Sanayi A\u015e firmalar\u0131na ait Kayseri\u2019de yer alan fabrikalar\u0131n \u00e7at\u0131lar\u0131na, her biri 1,15 MWp olmak \u00fczere toplam 2,3 MWp kapasiteli \u00e7at\u0131 \u00fczeri g\u00fcne\u015f enerji santralinin kurulumunu tamamlad\u0131. T\u00fcrkiye\u2019nin en b\u00fcy\u00fck iki end\u00fcstriyel \u00e7at\u0131 \u00fczeri g\u00fcne\u015f enerji santrali olma \u00f6zelli\u011fini ta\u015f\u0131yan projeler, Ocak ay\u0131 i\u00e7erisinde tamamlanarak devreye al\u0131nd\u0131. <\/strong><\/p>\n<p><strong>Else Enerji\u2019nin her projesinde titizlikle uygulad\u0131\u011f\u0131, do\u011fru m\u00fchendislik-do\u011fru uygulama prensipleri \u00e7er\u00e7evesinde hayata ge\u00e7irilen Has \u00c7elik ve Be\u015fler Tekstil projeleri b\u00f6lge yat\u0131r\u0131mc\u0131s\u0131 i\u00e7in de yol g\u00f6sterici olma niteli\u011fi ta\u015f\u0131maktad\u0131r.<\/strong><!--?xml:namespace prefix = \"o\" ns = \"urn:schemas-microsoft-com:office:office\" \/--><\/p>\n<p>G\u00fcne\u015f enerjisine yat\u0131r\u0131m karar\u0131 alarak Kayseri sanayicisine \u00f6rnek te\u015fkil eden Has \u00c7elik ve Halat Sanayi A\u015e ile Be\u015fler Tekstil Sanayi A\u015e firmalar\u0131, g\u00fcne\u015f enerjisi yat\u0131r\u0131mlar\u0131na devam etmeyi planl\u0131yor.<\/p>\n<p>Has \u00c7elik ve Halat Sanayi A\u015e\u2019nin Hac\u0131lar il<a href=\"https:\/\/www.enerjigazetesi.ist\/wp-content\/uploads\/2014\/03\/else-enerji-den-endustriyel-en-buyuk-cati-uzeri-gunes-enerji-santralleri.jpg\"><img loading=\"lazy\" class=\"alignleft size-medium wp-image-23985\" title=\"else-enerji-den-endustriyel-en-buyuk-cati-uzeri-gunes-enerji-santralleri\" src=\"https:\/\/www.enerjigazetesi.ist\/wp-content\/uploads\/2014\/03\/else-enerji-den-endustriyel-en-buyuk-cati-uzeri-gunes-enerji-santralleri-300x211.jpg\" alt=\"\" width=\"300\" height=\"211\" srcset=\"https:\/\/www.enerjigazetesi.ist\/wp-content\/uploads\/2014\/03\/else-enerji-den-endustriyel-en-buyuk-cati-uzeri-gunes-enerji-santralleri-300x211.jpg 300w, https:\/\/www.enerjigazetesi.ist\/wp-content\/uploads\/2014\/03\/else-enerji-den-endustriyel-en-buyuk-cati-uzeri-gunes-enerji-santralleri-71x50.jpg 71w, https:\/\/www.enerjigazetesi.ist\/wp-content\/uploads\/2014\/03\/else-enerji-den-endustriyel-en-buyuk-cati-uzeri-gunes-enerji-santralleri.jpg 490w\" sizes=\"(max-width: 300px) 100vw, 300px\" \/><\/a>\u00e7esinde yer alan yakla\u015f\u0131k 50.000 m\u00b2 b\u00fcy\u00fckl\u00fc\u011f\u00fcndeki fabrika kamp\u00fcs\u00fcnde in\u015fa edilen proje, ayn\u0131 zamanda firman\u0131n g\u00fcne\u015f enerji santrali yat\u0131r\u0131mlar\u0131n\u0131n da ilk ad\u0131m\u0131n\u0131 olu\u015fturuyor. Kayseri OSB i\u00e7erisinde yer alan, Has \u00c7elik ve Halat Sanayi A\u015e\u2019ye ait olan di\u011fer fabrikalar\u0131n \u00e7at\u0131lar\u0131na da yeni yat\u0131r\u0131mlar planlan\u0131yor.<\/p>\n<p>Di\u011fer g\u00fcne\u015f enerji santrali yat\u0131r\u0131mc\u0131s\u0131 Be\u015fler Tekstil Sanayi A\u015e de Kayseri OSB i\u00e7erisinde yer al\u0131yor. Be\u015fler Tekstil\u2019in kendisine ait olan 40.000 m\u00b2 b\u00fcy\u00fckl\u00fc\u011f\u00fcndeki fabrika kamp\u00fcs\u00fc i\u00e7erisinde in\u015fa edilen santral, OSB firmalar\u0131 taraf\u0131ndan da yo\u011fun ilgi g\u00f6r\u00fcyor. Tekstil sekt\u00f6r\u00fcn\u00fcn bilinen temsilcilerinden olan Be\u015fler Tekstil Sanayi A\u015e de g\u00fcne\u015f enerji santrali yat\u0131r\u0131mlar\u0131na h\u0131z kesmeden devam etmeyi planl\u0131yor.<\/p>\n<p>Be\u015fler Tekstil Sanayi A\u015e\u2019nin Y\u00f6netim Kurulu Ba\u015fkan\u0131 olan ve ayn\u0131 zamanda Kayseri OSB\u2019nin de Y\u00f6netim Kurulu Ba\u015fkanl\u0131\u011f\u0131 sorumlulu\u011funu y\u00fcr\u00fcten Ahmet HASY\u00dcNC\u00dc, proje ile ilgili \u201cG\u00fcne\u015f enerji santrali i\u00e7in yat\u0131r\u0131m karar\u0131 almam\u0131zdaki ilk sebep elbette giderek artan enerji maliyetlerimizdir. Ancak bunun yan\u0131nda temiz ve yenilenebilir bir kaynaktan elektrik \u00fcretmek, \u00fcr\u00fcnlerimize art\u0131 de\u011fer katmak, karbon sal\u0131n\u0131m\u0131n\u0131 azaltma y\u00f6n\u00fcnde katk\u0131da bulunmak ve b\u00f6lgede fark\u0131ndal\u0131k yaratmak da yat\u0131r\u0131m karar\u0131m\u0131z\u0131 peki\u015ftirmi\u015ftir. Tamamlam\u0131\u015f oldu\u011fumuz projemiz b\u00f6lgemize referans olacak niteliktedir. Yat\u0131r\u0131m\u0131m\u0131z \u00f6ncesinde Avrupa ve \u00c7in\u2019de yapm\u0131\u015f oldu\u011fumuz fabrika ve firma ziyaretleri sayesinde alan\u0131nda birinci s\u0131n\u0131f kategorisinde g\u00f6sterilen \u00fcreticileri tespit etme ve yerinde g\u00f6rme imk\u00e2n\u0131m\u0131z oldu. Ziyaretlerimiz neticesinde en ideal \u00fcr\u00fcnleri, optimum fiyatlarla sat\u0131n alma f\u0131rsat\u0131n\u0131 yakalad\u0131k. Yenilenebilir enerjinin \u00f6neminin fark\u0131nday\u0131z ve bu do\u011frultuda yat\u0131r\u0131mlar\u0131m\u0131za devam edece\u011fiz. \u015e\u00f6yle ki;orta\u011f\u0131 oldu\u011fumuz RavaberTa\u015fy\u00fcn\u00fcTesisi\u2019ne de 1 MWe kapasiteli g\u00fcne\u015f enerji santrali kurmay\u0131 planlamaktay\u0131z. Bununla birlikte y\u00f6netiminde yer ald\u0131\u011f\u0131m\u0131z Kayseri OSB olarak da 6 MWe kapasiteli g\u00fcne\u015f enerji santrali kurulmas\u0131 karar\u0131n\u0131n da al\u0131nm\u0131\u015f oldu\u011funu sevinerek belirtmek isterim. T\u00fcrkiye\u2019deki g\u00fc\u00e7l\u00fc referanslar\u0131 ve \u00e7izdi\u011fi kaliteli firma profili sebebiyle kendileri ile \u00e7al\u0131\u015fmay\u0131 tercih etmi\u015f oldu\u011fumuz Else Enerji\u2019yede te\u015fekk\u00fcr ederim.\u201d dedi.<\/p>\n<p>Has \u00e7elik Grubu Y\u00f6netim Kurulu Ba\u015fkan\u0131 Halit \u00d6ZKAYA, \u201cHas \u00c7elik ve Halat Sanayi A\u015e olarak kuruldu\u011fumuz ilk g\u00fcnden bu yana b\u00f6lgemizde ilklerin \u00f6nc\u00fcs\u00fc olma vizyonuyla hareket ettik. Fabrika \u00e7at\u0131m\u0131za kurulmu\u015f olan g\u00fcne\u015f enerji santrali de yine ilklerden biri oldu. Yat\u0131r\u0131m karar\u0131n\u0131 al\u0131rken \u00f6nceli\u011fimiz \u00e7evresel duyarl\u0131l\u0131\u011f\u0131m\u0131z\u0131 g\u00f6stermek ve karbon sal\u0131m\u0131 konusunda bir ad\u0131m atmak oldu. Bunun yan\u0131nda artan elektrik fiyatlar\u0131 da bir ba\u015fka etken elbette. Di\u011fer bir taraftan g\u00fcne\u015f enerji santrali uygulamas\u0131n\u0131n mant\u0131kl\u0131 bir yat\u0131r\u0131m arac\u0131 oldu\u011fu inanc\u0131nday\u0131z. Tesisin amortisman s\u00fcresini asl\u0131na bak\u0131l\u0131rsa T\u00fcrkiye\u2019deki elektrik fiyat art\u0131\u015flar\u0131 belirleyecek. \u015eu anda yap\u0131lan hesaplamalar 7-8 y\u0131l seviyelerinde olabilece\u011fini g\u00f6steriyor. G\u00fcne\u015f enerji santrali yat\u0131r\u0131mlar\u0131m\u0131za \u00f6zellikle OSB i\u00e7erisinde yer alan fabrikalar\u0131m\u0131z\u0131n \u00e7at\u0131lar\u0131 i\u00e7inh\u0131z kesmeden devam etmek amac\u0131nday\u0131z. Son olarak ba\u015far\u0131l\u0131 bir performans ortaya koyan Else Enerji\u2019ye de ayr\u0131ca te\u015fekk\u00fcr etmek isteriz.\u201d dedi.<\/p>\n<p>Else Enerji Genel M\u00fcd\u00fcr\u00fc Mustafa HERDEM ise, proje ile ilgili olarak, \u201cHas \u00c7elik ve Halat Sanayi A\u015e ve Be\u015fler Tekstil Sanayi A\u015e, T\u00fcrkiye\u2019nin \u00f6nde gelen g\u00fcvenilir firmalar\u0131ndan ikisidir. Bu \u00f6zellikleri dolay\u0131s\u0131 ilebir\u00e7ok EPC firmas\u0131 projelerde yer almak i\u00e7in \u00e7aba sarf ettiler. Yerli ve yabanc\u0131 bir\u00e7ok istekli aras\u0131nda bizden yana karar k\u0131lan Sn. Hasy\u00fcnc\u00fc ve Sn. \u00d6zkaya\u2019ya te\u015fekk\u00fcr\u00fc bor\u00e7 biliyoruz. Yat\u0131r\u0131mlar\u0131 esnas\u0131nda kaliteye b\u00fcy\u00fck \u00f6nem verdiler ve son derece kaliteli \u00fcr\u00fcnlerin tedarikinde karar k\u0131ld\u0131lar. Firmalar\u0131n kendileri taraf\u0131ndan karar verilen ve sat\u0131nalmas\u0131da yine kendileri taraf\u0131ndan yap\u0131lan g\u00fcne\u015f panelleri ve inverterler bahsetmi\u015f oldu\u011fumuz gibi alanlar\u0131n\u0131n en iyileri aras\u0131nda g\u00f6sterilen markalard\u0131r. Projelerde Else Enerji olarak bizim sorumlulu\u011fumuz; dan\u0131\u015fmanl\u0131k, projelendirme-m\u00fchendislik, uygulama-montaj ve ekipmanlar\u0131n bir k\u0131sm\u0131n\u0131n tedariki idi. Yat\u0131r\u0131mlar ile ilgili olarak sorumlulu\u011fumuzdaki b\u00fct\u00fcn a\u015famalarda gereken \u00f6zeni g\u00f6sterdik ve \u00fclkemize referans olabilecek iki uygulama kazand\u0131rd\u0131k. Hep s\u00f6yledi\u011fimiz gibi do\u011fru m\u00fchendislik-do\u011fru uygulama prensibiyle yolumuza devam edece\u011fiz. Ayr\u0131ca yak\u0131n zamanda tamamlanacak ve ba\u015flanacak yeni projeleri de duyurmaya devam edece\u011fiz. \u0130ddiam\u0131z T\u00fcrkiye\u2019nin g\u00fcne\u015f enerjisi alan\u0131nda en \u00e7ok tercih edilen EPC firmas\u0131 olmakt\u0131r.\u201d dedi.<\/p>\n<p>Else Enerji, Prokon A\u015e santrali ile ba\u015flad\u0131\u011f\u0131 orta-b\u00fcy\u00fck \u00f6l\u00e7ekli g\u00fcne\u015f enerji santrali uygulamalar\u0131na Sivas ve Kayseri projelerinin ard\u0131ndan T\u00fcrkiye\u2019nin farkl\u0131 noktalar\u0131nda kuraca\u011f\u0131 tesisler ile devam edecek.<\/p>\n<p>Yay\u0131nc\u0131: <a href=\"https:\/\/www.enerjigazetesi.ist\" target=\"_blank\">Enerji Gazetesi<\/a><\/p>","protected":false},"excerpt":{"rendered":"<p>Sorry, this entry is only available in Turkish. For the sake of viewer convenience, the content is shown below in the alternative language. You may click the link to switch the active language.Else Enerji, Has \u00c7elik ve Halat Sanayi A\u015e ile Be\u015fler Tekstil Sanayi A\u015e firmalar\u0131na ait Kayseri\u2019de yer alan fabrikalar\u0131n \u00e7at\u0131lar\u0131na, her biri 1,15 [&hellip;]<\/p>\n","protected":false},"author":1,"featured_media":23985,"comment_status":"open","ping_status":"open","sticky":false,"template":"","format":"standard","meta":[],"categories":[53,49],"tags":[13554,13555,6653,13557,63,67,1009,165,2326,227,13,1325,13553,13552,1039,13556],"views":1707,"_links":{"self":[{"href":"https:\/\/www.enerjigazetesi.ist\/en\/wp-json\/wp\/v2\/posts\/23984"}],"collection":[{"href":"https:\/\/www.enerjigazetesi.ist\/en\/wp-json\/wp\/v2\/posts"}],"about":[{"href":"https:\/\/www.enerjigazetesi.ist\/en\/wp-json\/wp\/v2\/types\/post"}],"author":[{"embeddable":true,"href":"https:\/\/www.enerjigazetesi.ist\/en\/wp-json\/wp\/v2\/users\/1"}],"replies":[{"embeddable":true,"href":"https:\/\/www.enerjigazetesi.ist\/en\/wp-json\/wp\/v2\/comments?post=23984"}],"version-history":[{"count":4,"href":"https:\/\/www.enerjigazetesi.ist\/en\/wp-json\/wp\/v2\/posts\/23984\/revisions"}],"predecessor-version":[{"id":23989,"href":"https:\/\/www.enerjigazetesi.ist\/en\/wp-json\/wp\/v2\/posts\/23984\/revisions\/23989"}],"wp:featuredmedia":[{"embeddable":true,"href":"https:\/\/www.enerjigazetesi.ist\/en\/wp-json\/wp\/v2\/media\/23985"}],"wp:attachment":[{"href":"https:\/\/www.enerjigazetesi.ist\/en\/wp-json\/wp\/v2\/media?parent=23984"}],"wp:term":[{"taxonomy":"category","embeddable":true,"href":"https:\/\/www.enerjigazetesi.ist\/en\/wp-json\/wp\/v2\/categories?post=23984"},{"taxonomy":"post_tag","embeddable":true,"href":"https:\/\/www.enerjigazetesi.ist\/en\/wp-json\/wp\/v2\/tags?post=23984"}],"curies":[{"name":"wp","href":"https:\/\/api.w.org\/{rel}","templated":true}]}}