{"id":23867,"date":"2014-03-13T17:48:21","date_gmt":"2014-03-13T14:48:21","guid":{"rendered":"https:\/\/www.enerjigazetesi.ist\/?p=23867"},"modified":"2014-03-13T17:48:21","modified_gmt":"2014-03-13T14:48:21","slug":"guris-kirim-reste-sorun-yok-romanyada-da-res-aldik","status":"publish","type":"post","link":"https:\/\/www.enerjigazetesi.ist\/en\/guris-kirim-reste-sorun-yok-romanyada-da-res-aldik\/","title":{"rendered":"(Turkish) G\u00fcri\u015f: K\u0131r\u0131m RES`te Sorun Yok Romanya`da da RES Ald\u0131k&#8230;"},"content":{"rendered":"<p class=\"qtranxs-available-languages-message qtranxs-available-languages-message-en\">Sorry, this entry is only available in <a href=\"https:\/\/www.enerjigazetesi.ist\/tr\/wp-json\/wp\/v2\/posts\/23867\" class=\"qtranxs-available-language-link qtranxs-available-language-link-tr\" title=\"Turkish\">Turkish<\/a>. For the sake of viewer convenience, the content is shown below in the alternative language. You may click the link to switch the active language.<\/p><p><strong>G\u00fcri\u015f Holding, Romanya`da 10 MW\u2019lik k\u0131sm\u0131 i\u015fletmede toplam 28 MW\u2019lik lisans\u0131 bulunan r\u00fczg\u00e2r santralini sat\u0131n ald\u0131. G\u00fcri\u015f\u2019in K\u0131r\u0131m\u2019daki 250 MW\u2019lik RES yat\u0131r\u0131m\u0131 ise y\u00f6netime kim gelirse gelsin tamamlanacak.<\/strong><\/p>\n<p>G\u00fcri\u015f Holding Y\u00f6netim Kurulu \u00dcyesi ve Genel M\u00fcd\u00fcr\u00fc M\u00fc\u015ffik Yamant\u00fcrk, Ukrayna`daki i\u00e7 kar\u0131\u015f\u0131kl\u0131klar sonras\u0131 Ukrayna`dan ayr\u0131l\u0131p Rusya`ya ba\u011flanmaya haz\u0131rlanan K\u0131r\u0131m`daki 250 MW`lik r\u00fczgar santrali yat\u0131r\u0131m\u0131n durumunu ve di\u011fer faaliyetlerini Mehmet KARA`ya anlatt\u0131.<\/p>\n<p>D\u00dcNYA`da yer alan habere g\u00f6re M\u00fc\u015ffik Yamant\u00fcrk, Ukrayna`daki geli\u015fmelerin G\u00fcri\u015f`in K\u0131r\u0131m`daki r\u00fczgar santrali yat\u0131r\u0131m\u0131na \u015fu a\u015famada sadece zaman a\u00e7\u0131s\u0131ndan yans\u0131d\u0131\u011f\u0131n\u0131 belirtti. Yat\u0131r\u0131m\u0131n bulundu\u011fu b\u00f6lgede hi\u00e7bir problem, silahl\u0131 ola<a href=\"https:\/\/www.enerjigazetesi.ist\/wp-content\/uploads\/2014\/03\/guris-kirim-reste-sorun-yok-romanyada-da-res-aldik.jpg\"><img loading=\"lazy\" class=\"alignright size-medium wp-image-23868\" title=\"guris-kirim-reste-sorun-yok-romanyada-da-res-aldik\" src=\"https:\/\/www.enerjigazetesi.ist\/wp-content\/uploads\/2014\/03\/guris-kirim-reste-sorun-yok-romanyada-da-res-aldik-300x210.jpg\" alt=\"\" width=\"300\" height=\"210\" srcset=\"https:\/\/www.enerjigazetesi.ist\/wp-content\/uploads\/2014\/03\/guris-kirim-reste-sorun-yok-romanyada-da-res-aldik-300x210.jpg 300w, https:\/\/www.enerjigazetesi.ist\/wp-content\/uploads\/2014\/03\/guris-kirim-reste-sorun-yok-romanyada-da-res-aldik-71x50.jpg 71w, https:\/\/www.enerjigazetesi.ist\/wp-content\/uploads\/2014\/03\/guris-kirim-reste-sorun-yok-romanyada-da-res-aldik.jpg 374w\" sizes=\"(max-width: 300px) 100vw, 300px\" \/><\/a>y ve hadise ya\u015fanmad\u0131\u011f\u0131n\u0131 belirten Yamant\u00fcrk &#8220;Asayi\u015f berkemal. Ruslar da gelse biz yine bu yat\u0131r\u0131ma devam ederiz&#8221; dedi.<\/p>\n<p><strong>BANKALARIN DESTE\u011e\u0130 S\u00dcR\u00dcYOR<\/strong><\/p>\n<p>Ukrayna`daki i\u00e7 kar\u0131\u015f\u0131kl\u0131klar\u0131n ard\u0131ndan Avrupa`daki kredit\u00f6r firmalardan telefon geldi\u011fini belirten Yamant\u00fcrk \u015f\u00f6yle dedi: &#8220;Bu yat\u0131r\u0131m\u0131n arkas\u0131nda olduklar\u0131n\u0131 s\u00f6ylediler. (Merak etmeyin yola devam edin, biz kredisini verece\u011fiz) diye bir teyitte de bulundular. Yani K\u0131r\u0131m`da kim gelirse gelsin biz bu yat\u0131r\u0131m\u0131m\u0131z\u0131 tamamlayaca\u011f\u0131z.&#8221;<\/p>\n<p><strong>YATIRIM B\u0130R YIL GEC\u0130K\u0130R<\/strong><\/p>\n<p>Ukrayna ve K\u0131r\u0131m`da ya\u015fananlar\u0131n G\u00fcri\u015f`in yat\u0131r\u0131m\u0131na bir y\u0131la yak\u0131n zaman kaybettirebilece\u011fini ifade eden Yamant\u00fcrk, &#8220;Yani \u00fclke stabil olana kadar bekleriz. \u015eu anda \u015fantiye aktif durumda de\u011fil. Hen\u00fcz t\u00fcrbinler gelmedi. Sipari\u015f verilmedi. Halen orada y\u00f6netici ve be\u015f alt\u0131 arkada\u015f\u0131m\u0131z d\u0131\u015f\u0131nda kimse yok. Arkada\u015flara (Problem varsa atlay\u0131n gelin) dedik. Onlar da (problem yok, d\u00f6nmemize gerek yok) dediler. \u0130ktidara kim gelirse bizim i\u00e7in fark etmiyor. Yat\u0131r\u0131mlar\u0131m\u0131za devam edece\u011fiz yani&#8230;&#8221; diye konu\u015ftu.<br \/>\nYamant\u00fcrk, toplam kurulu g\u00fcc\u00fc 250 MW olan K\u0131r\u0131m RES`in 125+125 MW olmak \u00fczere iki etapta kurulaca\u011f\u0131n\u0131, bunlar\u0131n da yan yana olaca\u011f\u0131n\u0131 anlatt\u0131.<\/p>\n<p><strong>G\u00dcRMAT 2`DE 22.5 MW TEMMUZ`DA DEVREDE<\/strong><\/p>\n<p>T\u00fcrkiye`deki faaliyetlerine jeotermal, r\u00fczg\u00e2r ve hidroelektrik santralleriyle devam ettiklerini aktaran M\u00fc\u015ffik Yamant\u00fcrk, &#8220;Jeotermale dayal\u0131 162.5 MW`lik G\u00fcrmat 2 santralinin 22.5 MW`lik k\u0131sm\u0131 Temmuz 2014`te devreye al\u0131nacak. 47.4 MW`lik k\u0131sm\u0131n\u0131 da Aral\u0131k 2014`te devreye alaca\u011f\u0131z. Kalan k\u0131sm\u0131 da 2015`in ilk yar\u0131s\u0131nda devreye girecek&#8221; dedi.<\/p>\n<p><strong>G\u00dcR\u0130\u015e ROMANYA`DA R\u00dcZGAR SANTRAL\u0130 ALDI<\/strong><\/p>\n<p>Ukrayna d\u0131\u015f\u0131nda enerji yat\u0131r\u0131mlar\u0131yla yeni bir \u00fclkeye daha girdiklerini belirten M\u00fc\u015ffik Yamant\u00fcrk, &#8220;Romanya`da halen 10 MW kurulu g\u00fcc\u00fc i\u015fletmede bulunan, 18 MW`lik de ilave lisansa sahip bir \u015firketi sat\u0131n ald\u0131k. Firma sahipleriyle aram\u0131zda bir anla\u015fma imzalad\u0131k. Sat\u0131n alma i\u015flemi hem \u00fcretimdeki 10 MW`yi hem de 18 MW`lik ilave lisans\u0131 kaps\u0131yor. 18 MW`lik k\u0131sm\u0131 kendimiz kuraca\u011f\u0131z&#8221; dedi.<\/p>\n<p><strong>G\u00dcR\u0130\u015e`\u0130N ENERJ\u0130 YATIRIMLARI PORTF\u00d6Y\u00dc<\/strong><br \/>\n<strong>\u0130\u015fletmedeki yat\u0131r\u0131mlar<\/strong><br \/>\n<strong> TES\u0130S ADI\/YER\u0130 KURULU G\u00dc\u00c7 (MW)<\/strong><br \/>\nJeotermal (G\u00fcrmat) 47<br \/>\nR\u00fczg\u00e2r (Belen, \u015eenk\u00f6y, Dinar) 199<br \/>\nR\u00fczg\u00e2r (Romanya-Al\u0131m a\u015famas\u0131nda) 10<br \/>\nHidrolik (\u00c7e\u015fmeba\u015f\u0131+Mersin Mut) 16<\/p>\n<p><strong>Yeni yat\u0131r\u0131mlar<\/strong><br \/>\n<strong>TES\u0130S ADI\/YER\u0130 KURULU G\u00dc\u00c7 (MW)<\/strong><br \/>\nR\u00fczg\u00e2r (T\u00fcrkiye) 172<br \/>\nR\u00fczg\u00e2r (Ukrayna) 250<br \/>\nR\u00fczgar (Romanya) 18<br \/>\nDo\u011falgaz (Lisansland\u0131) 450<br \/>\nJeotermal (G\u00fcrmat II) 162.5<\/p>\n<p>Kaynak: <a href=\"http:\/\/www.enerjigunlugu.net\/guris:-kirim-reste-sorun-yok-romanyada-da-res-aldi_7524.html\" target=\"_blank\">Enerji G\u00fcnl\u00fc\u011f\u00fc<\/a><\/p>","protected":false},"excerpt":{"rendered":"<p>Sorry, this entry is only available in Turkish. For the sake of viewer convenience, the content is shown below in the alternative language. You may click the link to switch the active language.G\u00fcri\u015f Holding, Romanya`da 10 MW\u2019lik k\u0131sm\u0131 i\u015fletmede toplam 28 MW\u2019lik lisans\u0131 bulunan r\u00fczg\u00e2r santralini sat\u0131n ald\u0131. G\u00fcri\u015f\u2019in K\u0131r\u0131m\u2019daki 250 MW\u2019lik RES yat\u0131r\u0131m\u0131 ise [&hellip;]<\/p>\n","protected":false},"author":1,"featured_media":23868,"comment_status":"open","ping_status":"open","sticky":false,"template":"","format":"standard","meta":[],"categories":[53,50],"tags":[63,67,1009,165,3513,13497,474,6665,69,16,231],"views":1007,"_links":{"self":[{"href":"https:\/\/www.enerjigazetesi.ist\/en\/wp-json\/wp\/v2\/posts\/23867"}],"collection":[{"href":"https:\/\/www.enerjigazetesi.ist\/en\/wp-json\/wp\/v2\/posts"}],"about":[{"href":"https:\/\/www.enerjigazetesi.ist\/en\/wp-json\/wp\/v2\/types\/post"}],"author":[{"embeddable":true,"href":"https:\/\/www.enerjigazetesi.ist\/en\/wp-json\/wp\/v2\/users\/1"}],"replies":[{"embeddable":true,"href":"https:\/\/www.enerjigazetesi.ist\/en\/wp-json\/wp\/v2\/comments?post=23867"}],"version-history":[{"count":2,"href":"https:\/\/www.enerjigazetesi.ist\/en\/wp-json\/wp\/v2\/posts\/23867\/revisions"}],"predecessor-version":[{"id":23870,"href":"https:\/\/www.enerjigazetesi.ist\/en\/wp-json\/wp\/v2\/posts\/23867\/revisions\/23870"}],"wp:featuredmedia":[{"embeddable":true,"href":"https:\/\/www.enerjigazetesi.ist\/en\/wp-json\/wp\/v2\/media\/23868"}],"wp:attachment":[{"href":"https:\/\/www.enerjigazetesi.ist\/en\/wp-json\/wp\/v2\/media?parent=23867"}],"wp:term":[{"taxonomy":"category","embeddable":true,"href":"https:\/\/www.enerjigazetesi.ist\/en\/wp-json\/wp\/v2\/categories?post=23867"},{"taxonomy":"post_tag","embeddable":true,"href":"https:\/\/www.enerjigazetesi.ist\/en\/wp-json\/wp\/v2\/tags?post=23867"}],"curies":[{"name":"wp","href":"https:\/\/api.w.org\/{rel}","templated":true}]}}