{"id":2386,"date":"2012-10-17T09:10:36","date_gmt":"2012-10-17T06:10:36","guid":{"rendered":"https:\/\/www.enerjigazetesi.ist\/?p=2386"},"modified":"2012-10-17T09:12:25","modified_gmt":"2012-10-17T06:12:25","slug":"turkiye-gunes-enerjisi-pazari-hareketleniyor","status":"publish","type":"post","link":"https:\/\/www.enerjigazetesi.ist\/en\/turkiye-gunes-enerjisi-pazari-hareketleniyor\/","title":{"rendered":"(Turkish) T\u00fcrkiye G\u00fcne\u015f Enerjisi Pazar\u0131 TIREC 2012 ile D\u00fcn Ba\u015flad\u0131&#8230;"},"content":{"rendered":"<p class=\"qtranxs-available-languages-message qtranxs-available-languages-message-en\">Sorry, this entry is only available in <a href=\"https:\/\/www.enerjigazetesi.ist\/tr\/wp-json\/wp\/v2\/posts\/2386\" class=\"qtranxs-available-language-link qtranxs-available-language-link-tr\" title=\"Turkish\">Turkish<\/a>. For the sake of viewer convenience, the content is shown below in the alternative language. You may click the link to switch the active language.<\/p><p><strong><em>\u015eebeke \u00f6l\u00e7ekli proje \u00e7al\u0131\u015fmalar\u0131, h\u0131zla b\u00fcy\u00fcyen ticari marketler ve \u00fclkeye ak\u0131n eden b\u00fcy\u00fck yat\u0131r\u0131mlar, T\u00fcrkiye\u2019deki g\u00fcne\u015f enerjisi pazar\u0131n\u0131n h\u0131z kesmeden b\u00fcy\u00fcmesini sa\u011fl\u0131yor. <\/em><\/strong><\/p>\n<p><img loading=\"lazy\" class=\"alignleft size-medium wp-image-2387\" title=\"solar-enerji-konferansi\" src=\"https:\/\/www.enerjigazetesi.ist\/wp-content\/uploads\/2012\/09\/solar-enerji-konferansi-300x181.jpg\" alt=\"\" width=\"300\" height=\"181\" srcset=\"https:\/\/www.enerjigazetesi.ist\/wp-content\/uploads\/2012\/09\/solar-enerji-konferansi-300x181.jpg 300w, https:\/\/www.enerjigazetesi.ist\/wp-content\/uploads\/2012\/09\/solar-enerji-konferansi-80x48.jpg 80w, https:\/\/www.enerjigazetesi.ist\/wp-content\/uploads\/2012\/09\/solar-enerji-konferansi.jpg 450w\" sizes=\"(max-width: 300px) 100vw, 300px\" \/>(25 Eyl\u00fcl 2012, Londra, \u0130ngiltere) T\u00fcrkiye\u2019nin sahip oldu\u011fu b\u00fcy\u00fck g\u00fcne\u015f enerjisi potansiyeli uzun s\u00fcredir biliniyor olsa da, \u00fclkedeki d\u00fc\u015f\u00fck tarife garantisi, uzun s\u00fcren lisans edinme prosed\u00fcrleri ve h\u00fck\u00fcmetin g\u00fcne\u015f enerjisinde uygulad\u0131\u011f\u0131 600MW\u2019lik s\u0131n\u0131rlama, marketin b\u00fcy\u00fcmesinin \u00f6n\u00fcndeki en b\u00fcy\u00fck engelleri olu\u015fturuyordu.<\/p>\n<p><strong>Ancak nihayet T\u00fcrkiye, Avrupa\u2019n\u0131n en b\u00fcy\u00fck g\u00fcne\u015f enerjisi potansiyeline sahip \u00fclke olarak \u0131\u015f\u0131ldamaya ba\u015fl\u0131yor.<\/strong><\/p>\n<p>Geli\u015fmenin \u00f6n\u00fcn\u00fc t\u0131kayan engeller hala var olsa dahi, h\u00fck\u00fcmetin 2015 y\u0131l\u0131nda yeni g\u00fcne\u015f enerji lisanslar\u0131n\u0131 a\u00e7\u0131klamas\u0131 bekleniyor. Ires Enerji kurucu ortaklar\u0131ndan Ate\u015f U\u011furel, bu a\u00e7\u0131klamalar sonras\u0131nda enerji s\u0131n\u0131r\u0131n\u0131n 2.5GW\u2019ye \u00e7ekilip 2016 y\u0131l\u0131 itibariyle T\u00fcrkiye\u2019nin g\u00fcne\u015f enerji potansiyelinin 3.1GW\u2019ye \u00e7\u0131kar\u0131labilece\u011fini belirtiyor.<\/p>\n<p>Bu b\u00fcy\u00fck potansiyeli g\u00f6ren Canadian Solar ve IBC Solar gibi dev uluslararas\u0131 firmalar ile birlikte yerel ortakl\u0131klara imza atan Gerlicher Merk Solar gibi firmalar da T\u00fcrkiye\u2019nin ilk b\u00fcy\u00fck \u00f6l\u00e7ekli PV projelerine imza atanlar aras\u0131nda.<\/p>\n<p>Uluslararas\u0131 yat\u0131r\u0131m bankalar\u0131 da bu yat\u0131r\u0131mlar\u0131 destekler \u015fekilde T\u00fcrkiye yenilenebilir enerji sekt\u00f6r\u00fcne katk\u0131da bulunuyor. Avrupa \u0130mar ve Kalk\u0131nma Bankas\u0131\u2019n\u0131n a\u00e7\u0131klad\u0131\u011f\u0131 50 milyon Euro\u2019luk mali destek ile birlikte h\u00fck\u00fcmetin g\u00fcne\u015f enerjisi \u00fcretimini desteklemek ama\u00e7l\u0131 10.4 milyon Euro\u2019luk yat\u0131r\u0131m yapaca\u011f\u0131 konu\u015fulmaya ba\u015fland\u0131.<\/p>\n<p>B\u00fcy\u00fck \u00f6l\u00e7ekli projeleri destekleyecek bu geli\u015fmelerin yan\u0131 s\u0131ra, T\u00fcrkiye\u2019de ba\u015fka bir market daha beliriyor. Elektrik \u00fccretlerinin varolan tarife garantilerinden hali haz\u0131rda daha y\u00fcksek olmas\u0131ndan dolay\u0131, ki\u015filerin kendi elektri\u011fini \u00fcretmelerini sa\u011flayacak olan lisanss\u0131z elektrik \u00fcretimi f\u0131rsat\u0131 b\u00fcy\u00fck ilgi topluyor. 500KW\u2019nin alt\u0131ndaki kurulumlar i\u00e7in h\u00fck\u00fcmet iznine gerek duyulmayan bu d\u00fczenleme ile, oteller, al\u0131\u015fveri\u015f merkezleri,\u00a0 sosyal tesisler ve benzeri ticari binalarda uygulanabilecek k\u00fc\u00e7\u00fck ve orta \u00f6l\u00e7ekli proje \u00e7al\u0131\u015fmalar\u0131n\u0131n b\u00fcy\u00fck oranda artmas\u0131 sa\u011flanacak.<\/p>\n<p><strong>Solar Turkey<\/strong> konferans\u0131n\u0131n konu\u015fmac\u0131 profil ve i\u00e7eri\u011fi de T\u00fcrkiye\u2019nin potansiyeli ve marketin h\u0131zla b\u00fcy\u00fcmesini sa\u011flayacak olan son geli\u015fmeler \u0131\u015f\u0131\u011f\u0131nda haz\u0131rland\u0131. <strong>D\u00fcnya Enerji Konseyi T\u00fcrk Milli Komitesi Ba\u015fkan\u0131 Say\u0131n S\u00fcreyya Y\u00fccel \u00d6zden<\/strong>\u2019in a\u00e7\u0131l\u0131\u015f konu\u015fmas\u0131 ile ba\u015flayacak olan <strong>Solar Turkey<\/strong> konferans\u0131, T\u00fcrk ve uluslararas\u0131 bir\u00e7ok y\u00fcksek d\u00fczey konu\u015fmac\u0131n\u0131n yer alaca\u011f\u0131 oturumlar ile devam edecek. Lisanss\u0131z Elektrik \u00dcretimi ile ilgili \u00f6zel bir workshop\u2019\u0131n da d\u00fczenlenece\u011fi ve bundan \u00f6nceki y\u0131llardan daha fazla sponsor firman\u0131n yer alaca\u011f\u0131 <strong>Solar Turkey 2012<\/strong> Avrupa\u2019n\u0131n <strong>ke\u015ffedilmeyi bekleyen<\/strong> en <strong>b\u00fcy\u00fck g\u00fcne\u015f enerji marketinde<\/strong> yer almak isteyen herkes i\u00e7in ka\u00e7\u0131r\u0131lmamas\u0131 gereken bir etkinlik.<\/p>\n<p>Ayr\u0131nt\u0131l\u0131 bilgi i\u00e7in;<a href=\"http:\/\/www.greenpowerconferences.com\/solarturkey\" target=\"_blank\"> www.greenpowerconferences.com\/solarturkey<\/a><\/p>\n<p>Kaynak: <a href=\"https:\/\/www.enerjigazetesi.ist\" target=\"_blank\">EnerjiGazetesi<\/a><\/p>","protected":false},"excerpt":{"rendered":"<p>Sorry, this entry is only available in Turkish. For the sake of viewer convenience, the content is shown below in the alternative language. You may click the link to switch the active language.\u015eebeke \u00f6l\u00e7ekli proje \u00e7al\u0131\u015fmalar\u0131, h\u0131zla b\u00fcy\u00fcyen ticari marketler ve \u00fclkeye ak\u0131n eden b\u00fcy\u00fck yat\u0131r\u0131mlar, T\u00fcrkiye\u2019deki g\u00fcne\u015f enerjisi pazar\u0131n\u0131n h\u0131z kesmeden b\u00fcy\u00fcmesini sa\u011fl\u0131yor. (25 [&hellip;]<\/p>\n","protected":false},"author":1,"featured_media":2387,"comment_status":"open","ping_status":"open","sticky":false,"template":"","format":"standard","meta":[],"categories":[53,49,48,50],"tags":[13,56,16,662,664,663,704],"views":639,"_links":{"self":[{"href":"https:\/\/www.enerjigazetesi.ist\/en\/wp-json\/wp\/v2\/posts\/2386"}],"collection":[{"href":"https:\/\/www.enerjigazetesi.ist\/en\/wp-json\/wp\/v2\/posts"}],"about":[{"href":"https:\/\/www.enerjigazetesi.ist\/en\/wp-json\/wp\/v2\/types\/post"}],"author":[{"embeddable":true,"href":"https:\/\/www.enerjigazetesi.ist\/en\/wp-json\/wp\/v2\/users\/1"}],"replies":[{"embeddable":true,"href":"https:\/\/www.enerjigazetesi.ist\/en\/wp-json\/wp\/v2\/comments?post=2386"}],"version-history":[{"count":32,"href":"https:\/\/www.enerjigazetesi.ist\/en\/wp-json\/wp\/v2\/posts\/2386\/revisions"}],"predecessor-version":[{"id":2389,"href":"https:\/\/www.enerjigazetesi.ist\/en\/wp-json\/wp\/v2\/posts\/2386\/revisions\/2389"}],"wp:featuredmedia":[{"embeddable":true,"href":"https:\/\/www.enerjigazetesi.ist\/en\/wp-json\/wp\/v2\/media\/2387"}],"wp:attachment":[{"href":"https:\/\/www.enerjigazetesi.ist\/en\/wp-json\/wp\/v2\/media?parent=2386"}],"wp:term":[{"taxonomy":"category","embeddable":true,"href":"https:\/\/www.enerjigazetesi.ist\/en\/wp-json\/wp\/v2\/categories?post=2386"},{"taxonomy":"post_tag","embeddable":true,"href":"https:\/\/www.enerjigazetesi.ist\/en\/wp-json\/wp\/v2\/tags?post=2386"}],"curies":[{"name":"wp","href":"https:\/\/api.w.org\/{rel}","templated":true}]}}