{"id":23829,"date":"2014-03-13T10:46:27","date_gmt":"2014-03-13T07:46:27","guid":{"rendered":"https:\/\/www.enerjigazetesi.ist\/?p=23829"},"modified":"2014-03-13T10:46:27","modified_gmt":"2014-03-13T07:46:27","slug":"yildiz-irandan-alinan-dogalgazin-fiyati-yuksek","status":"publish","type":"post","link":"https:\/\/www.enerjigazetesi.ist\/en\/yildiz-irandan-alinan-dogalgazin-fiyati-yuksek\/","title":{"rendered":"(Turkish) Y\u0131ld\u0131z: \u2018\u0130ran\u2019dan Al\u0131nan Do\u011falgaz\u0131n Fiyat\u0131 Y\u00fcksek&#8230;\u2019"},"content":{"rendered":"<p class=\"qtranxs-available-languages-message qtranxs-available-languages-message-en\">Sorry, this entry is only available in <a href=\"https:\/\/www.enerjigazetesi.ist\/tr\/wp-json\/wp\/v2\/posts\/23829\" class=\"qtranxs-available-language-link qtranxs-available-language-link-tr\" title=\"Turkish\">Turkish<\/a>. For the sake of viewer convenience, the content is shown below in the alternative language. You may click the link to switch the active language.<\/p><p><strong>Enerji Bakan\u0131 Taner Y\u0131ld\u0131z, bir dizi programlara kat\u0131lmak i\u00e7in geldi\u011fi K\u00fctahya\u2019da, Vali \u015eerif Y\u0131lmaz\u2019\u0131 makam\u0131nda ziyaret etti.<\/strong><\/p>\n<p>Enerji ve Tabi Kaynaklar Bakan\u0131 Y\u0131ld\u0131z, \u201c\u0130ran\u2019dan al\u0131nan do\u011falgaz fiyatlar\u0131 y\u00fcksektir, T\u00fcrkiye ve uluslarara<a href=\"https:\/\/www.enerjigazetesi.ist\/wp-content\/uploads\/2014\/03\/yildiz-irandan-alinan-dogalgazin-fiyati-yuksek.jpg\"><img loading=\"lazy\" class=\"alignright size-medium wp-image-23830\" title=\"yildiz-irandan-alinan-dogalgazin-fiyati-yuksek\" src=\"https:\/\/www.enerjigazetesi.ist\/wp-content\/uploads\/2014\/03\/yildiz-irandan-alinan-dogalgazin-fiyati-yuksek-300x201.jpg\" alt=\"\" width=\"300\" height=\"201\" srcset=\"https:\/\/www.enerjigazetesi.ist\/wp-content\/uploads\/2014\/03\/yildiz-irandan-alinan-dogalgazin-fiyati-yuksek-300x201.jpg 300w, https:\/\/www.enerjigazetesi.ist\/wp-content\/uploads\/2014\/03\/yildiz-irandan-alinan-dogalgazin-fiyati-yuksek-74x50.jpg 74w, https:\/\/www.enerjigazetesi.ist\/wp-content\/uploads\/2014\/03\/yildiz-irandan-alinan-dogalgazin-fiyati-yuksek.jpg 400w\" sizes=\"(max-width: 300px) 100vw, 300px\" \/><\/a>s\u0131 arenadaki fiyatlarla hi\u00e7 ba\u011fda\u015fmamaktad\u0131r\u201d dedi.Daha sonra Valilik \u015feref defterini imzalayan Y\u0131ld\u0131z, ard\u0131ndan gazetecilerin sorular\u0131n\u0131 yan\u0131tlad\u0131. Kamuoyunda s\u0131k\u00e7a tart\u0131\u015f\u0131lan konunun \u201cbor\u201dun \u00f6zelle\u015ftirilip veya \u00f6zelle\u015ftirilmeyece\u011fi y\u00f6n\u00fcnde oldu\u011funu ve bir kez daha tekrar edece\u011fini ifade eden Y\u0131ld\u0131z, \u201dBor \u00f6zelle\u015ftirilmeyecek. Hizmet al\u0131mlar\u0131n\u0131n \u00f6zelle\u015ftirme anlam\u0131na gelmedi\u011fini vatanda\u015f\u0131m\u0131z\u0131n bilmesi laz\u0131m.<\/p>\n<p>Bu konuyla alakal\u0131 ne ileriye do\u011fru bir program\u0131m\u0131z bulunmakta ne de \u015fu anda b\u00f6yle bir faaliyetimiz var. Onun i\u00e7in \u2018bor\u2019un \u00f6zelle\u015ftirilmeyece\u011fini bir kez daha s\u00f6ylemem laz\u0131m. 12 y\u0131ll\u0131k iktidar\u0131m\u0131zdan \u00f6nce burada 50 tane kamyon \u00e7al\u0131\u015f\u0131yordu, \u015fu anda bin kamyonla beraber buradaki \u00fcretimler, T\u00fcrkiye\u2019nin farkl\u0131 noktalar\u0131 ve ihracat\u0131na aktar\u0131labiliyor, sahillerimize aktar\u0131labiliyor gemilerle ihracat yapabilmek i\u00e7in. O y\u00fczden enerji sekt\u00f6r\u00fc olarak da K\u00fctahya ekonomisine \u00e7ok ciddi katk\u0131lar koydu\u011funa inan\u0131yorum\u201d diye konu\u015ftu.<\/p>\n<h2>\u0130ran\u2019dan al\u0131nan do\u011falgaz<\/h2>\n<p>Bakan Y\u0131ld\u0131z, bir gazetecinin \u0130ran\u2019dan al\u0131nan do\u011falgaz fiyat\u0131yla alakal\u0131 sordu\u011fu soru \u00fczerine, b\u00fct\u00fcn ikili g\u00f6r\u00fc\u015fmelerinde her \u00fclkeyle oldu\u011fu gibi \u0130ran\u2019dan al\u0131nan do\u011falgaz fiyat\u0131yla alakal\u0131 olarak vatanda\u015flar\u0131n ve \u00fclkenin menfaati ile \u00e7\u0131karlar\u0131n\u0131 d\u00fc\u015f\u00fcnmek zorunda olduklar\u0131n\u0131 dile getirdi.<\/p>\n<p>\u0130ran\u2019la olan ticaretten \u00e7ok memnun olduklar\u0131n\u0131 aktaran Y\u0131ld\u0131z, \u015f\u00f6yle konu\u015ftu:<\/p>\n<p>\u201dYani al\u0131nan do\u011falgaz ve petrol miktarlar\u0131yla alakal\u0131. Bu ticaretimiz in\u015fallah s\u00fcrecek ancak fiyatlardan memnun oldu\u011fumuz anlam\u0131na gelmiyor bu. Biz Uluslararas\u0131 Tahkime, bu fiyatlar\u0131n y\u00fcksek oldu\u011funu ve eksik miktarlar\u0131 da dahil ederek iki tane ayr\u0131 dava a\u00e7m\u0131\u015f bulunuyoruz. \u015eu ana kadar \u0130ran\u2019dan bizi tatmin edecek ve olumlu bulabilece\u011fimiz bir fiyat ve teklif gelmedi. O y\u00fczden tahkim s\u00fcreci devam ediyor. Gerek temmuz ay\u0131nda gerekse nisan ay\u0131nda iki ayr\u0131 duru\u015fma olacak ve tan\u0131klar dinlenecek.<\/p>\n<p>Bu manada teknik analizler, tan\u0131klardan kast\u0131m o, teknik analizler bir kez daha dinlenecek ve teknik savunmam\u0131z\u0131 orada yapaca\u011f\u0131z. Biz \u015funa inan\u0131yoruz, fiyatlarda bunu g\u00f6steriyor. \u0130ran\u2019dan al\u0131nan do\u011falgaz fiyatlar\u0131 y\u00fcksektir, T\u00fcrkiye ve uluslararas\u0131 arenadaki fiyatlarla hi\u00e7 ba\u011fda\u015fmamaktad\u0131r. Biz \u00fclkemizin menfaatini d\u00fc\u015f\u00fcn\u00fcp bunu her zaman oldu\u011fu gibi kollamak durumunday\u0131z. Ben inan\u0131yorum ki Tahkim Heyeti\u2019nin objektif yakla\u015f\u0131m\u0131yla beraber T\u00fcrkiye oradan y\u00fcksek buldu\u011fu miktar\u0131n fark\u0131n\u0131 geri alacakt\u0131r.\u201d<\/p>\n<p>Kaynak: <a href=\"http:\/\/www.tgrthaber.com.tr\/ekonomi\/13036.html\" target=\"_blank\">TGRT Haber<\/a><\/p>","protected":false},"excerpt":{"rendered":"<p>Sorry, this entry is only available in Turkish. For the sake of viewer convenience, the content is shown below in the alternative language. You may click the link to switch the active language.Enerji Bakan\u0131 Taner Y\u0131ld\u0131z, bir dizi programlara kat\u0131lmak i\u00e7in geldi\u011fi K\u00fctahya\u2019da, Vali \u015eerif Y\u0131lmaz\u2019\u0131 makam\u0131nda ziyaret etti. Enerji ve Tabi Kaynaklar Bakan\u0131 Y\u0131ld\u0131z, [&hellip;]<\/p>\n","protected":false},"author":1,"featured_media":23830,"comment_status":"open","ping_status":"open","sticky":false,"template":"","format":"standard","meta":[],"categories":[46,53],"tags":[710,92,226,1363,63,67,1009,165,1333,667],"views":552,"_links":{"self":[{"href":"https:\/\/www.enerjigazetesi.ist\/en\/wp-json\/wp\/v2\/posts\/23829"}],"collection":[{"href":"https:\/\/www.enerjigazetesi.ist\/en\/wp-json\/wp\/v2\/posts"}],"about":[{"href":"https:\/\/www.enerjigazetesi.ist\/en\/wp-json\/wp\/v2\/types\/post"}],"author":[{"embeddable":true,"href":"https:\/\/www.enerjigazetesi.ist\/en\/wp-json\/wp\/v2\/users\/1"}],"replies":[{"embeddable":true,"href":"https:\/\/www.enerjigazetesi.ist\/en\/wp-json\/wp\/v2\/comments?post=23829"}],"version-history":[{"count":1,"href":"https:\/\/www.enerjigazetesi.ist\/en\/wp-json\/wp\/v2\/posts\/23829\/revisions"}],"predecessor-version":[{"id":23831,"href":"https:\/\/www.enerjigazetesi.ist\/en\/wp-json\/wp\/v2\/posts\/23829\/revisions\/23831"}],"wp:featuredmedia":[{"embeddable":true,"href":"https:\/\/www.enerjigazetesi.ist\/en\/wp-json\/wp\/v2\/media\/23830"}],"wp:attachment":[{"href":"https:\/\/www.enerjigazetesi.ist\/en\/wp-json\/wp\/v2\/media?parent=23829"}],"wp:term":[{"taxonomy":"category","embeddable":true,"href":"https:\/\/www.enerjigazetesi.ist\/en\/wp-json\/wp\/v2\/categories?post=23829"},{"taxonomy":"post_tag","embeddable":true,"href":"https:\/\/www.enerjigazetesi.ist\/en\/wp-json\/wp\/v2\/tags?post=23829"}],"curies":[{"name":"wp","href":"https:\/\/api.w.org\/{rel}","templated":true}]}}