{"id":23788,"date":"2014-03-12T10:51:12","date_gmt":"2014-03-12T07:51:12","guid":{"rendered":"https:\/\/www.enerjigazetesi.ist\/?p=23788"},"modified":"2014-03-12T10:51:27","modified_gmt":"2014-03-12T07:51:27","slug":"seyitomer-1-saat-durdu-gezendede-uretim-yok","status":"publish","type":"post","link":"https:\/\/www.enerjigazetesi.ist\/en\/seyitomer-1-saat-durdu-gezendede-uretim-yok\/","title":{"rendered":"(Turkish) Seyit\u00f6mer 1 Saat Durdu, Gezende`de \u00dcretim Yok&#8230;"},"content":{"rendered":"<p class=\"qtranxs-available-languages-message qtranxs-available-languages-message-en\">Sorry, this entry is only available in <a href=\"https:\/\/www.enerjigazetesi.ist\/tr\/wp-json\/wp\/v2\/posts\/23788\" class=\"qtranxs-available-language-link qtranxs-available-language-link-tr\" title=\"Turkish\">Turkish<\/a>. For the sake of viewer convenience, the content is shown below in the alternative language. You may click the link to switch the active language.<\/p><p><strong>Seyit\u00f6mer termik santralindeki 130 MW`lik kurulu g\u00fc\u00e7 1 saat \u00fcretim d\u0131\u015f\u0131 kal\u0131rken, Gezende HES`teki 94 MW`lik kapasiteyle ilgili saat 24:00`e kadar ar\u0131za bildirimi bulunuyor. Bug\u00fcn sabah saatlerinden itibaren elektrik santrallerinden toplam 22 adet ar\u0131za bildirimi al\u0131nd\u0131. Ar\u0131za bildiriminde bulunan santral say\u0131s\u0131 ise 12 olarak belirlendi. AGE Akdeniz Do\u011falgaz Kombine \u00c7evrim Santrali sabah saat 08:00`dan itibaren 5 kez ar\u0131za bildiriminde bulundu.<\/strong><\/p>\n<p>AGE`deki 60 MW`lik kurulu kapasite, bu bildirimlerden 4`\u00fc sonucunda 08:00-12:00 saatleri aras\u0131nda, 1`i sonucunda da 13:35-14:00 saatleri aras\u0131nda \u00fcretim yapmad\u0131.<a href=\"https:\/\/www.enerjigazetesi.ist\/wp-content\/uploads\/2014\/03\/seyitomer-1-saat-durdu-gezendede-uretim-yok.jpg\"><img loading=\"lazy\" class=\"alignright size-medium wp-image-23789\" title=\"seyitomer-1-saat-durdu-gezendede-uretim-yok\" src=\"https:\/\/www.enerjigazetesi.ist\/wp-content\/uploads\/2014\/03\/seyitomer-1-saat-durdu-gezendede-uretim-yok-300x199.jpg\" alt=\"\" width=\"300\" height=\"199\" srcset=\"https:\/\/www.enerjigazetesi.ist\/wp-content\/uploads\/2014\/03\/seyitomer-1-saat-durdu-gezendede-uretim-yok-300x199.jpg 300w, https:\/\/www.enerjigazetesi.ist\/wp-content\/uploads\/2014\/03\/seyitomer-1-saat-durdu-gezendede-uretim-yok-500x332.jpg 500w, https:\/\/www.enerjigazetesi.ist\/wp-content\/uploads\/2014\/03\/seyitomer-1-saat-durdu-gezendede-uretim-yok-75x50.jpg 75w, https:\/\/www.enerjigazetesi.ist\/wp-content\/uploads\/2014\/03\/seyitomer-1-saat-durdu-gezendede-uretim-yok.jpg 505w\" sizes=\"(max-width: 300px) 100vw, 300px\" \/><\/a><\/p>\n<p><strong>\u0130SKENDERUN`DAK\u0130 580 MW 1 SAAT \u00dcRETMED\u0130<\/strong><\/p>\n<p>\u0130skenderun \u0130thal K\u00f6m\u00fcr Santrali`ndeki 580 MW`lik kurulu g\u00fc\u00e7 ise saat 17:00-18:00 aral\u0131\u011f\u0131nda \u00fcretim d\u0131\u015f\u0131 kald\u0131.<\/p>\n<p><strong>ODA\u015e`TA \u00dcRET\u0130M 24:00`E KADAR ASKIDA<\/strong><\/p>\n<p>ODA\u015e Elektrik`e ait santraldeki 85 MW`lik kurulu g\u00fc\u00e7 de saad 12:36-13:36 saat aral\u0131\u011f\u0131 ile 14:00-17:00 saatleri aras\u0131nda \u00fcretim yapmad\u0131. Saat 17:00-17:13 aral\u0131\u011f\u0131nda \u00fcretim yap\u0131lan santralde, bu saatten itibaren saat 24:00`e kadar ge\u00e7erli yeni bir ar\u0131za bildiriminde daha bulunuldu.<\/p>\n<p><strong>SEY\u0130T\u00d6MER 1 SAAT DEVRE DI\u015eI<\/strong><\/p>\n<p>K\u00f6m\u00fcre dayal\u0131 \u00fcretim yap\u0131lan Seyit\u00f6mer Termik Santrali`ndeki 130 MW`lik kurulu kapasite i\u00e7in de saat 14:02-14:59 aras\u0131n\u0131 kapsayan zaman dilimi i\u00e7in ar\u0131za bildiriminde bulunuldu.<\/p>\n<p><strong>GEZENDE HES`TE \u00dcRET\u0130M YOK<\/strong><\/p>\n<p>Muratl\u0131 HES`de 114 MW`lik, Gezende HES`te de 94 MW`lik kurulu kapasite i\u00e7in ar\u0131za bildirimlerinde bulunuldu. Muratl\u0131`da 07:14-07:33 saatleri aras\u0131nda \u00fcretim yap\u0131lamad\u0131. Gezende HES`te ise 11:15`ten itibaren saat 24`e kadar ge\u00e7erli ar\u0131za bildiriminde bulunuldu.<\/p>\n<p>Yazan: Mehmet KARA<\/p>\n<p>Kaynak: <a href=\"http:\/\/www.enerjigunlugu.net\/seyitomer-1-saat-durdu-gezendede-uretim-yok_7498.html\" target=\"_blank\">Enerji G\u00fcnl\u00fc\u011f\u00fc<\/a><\/p>","protected":false},"excerpt":{"rendered":"<p>Sorry, this entry is only available in Turkish. For the sake of viewer convenience, the content is shown below in the alternative language. You may click the link to switch the active language.Seyit\u00f6mer termik santralindeki 130 MW`lik kurulu g\u00fc\u00e7 1 saat \u00fcretim d\u0131\u015f\u0131 kal\u0131rken, Gezende HES`teki 94 MW`lik kapasiteyle ilgili saat 24:00`e kadar ar\u0131za bildirimi [&hellip;]<\/p>\n","protected":false},"author":1,"featured_media":23789,"comment_status":"open","ping_status":"open","sticky":false,"template":"","format":"standard","meta":[],"categories":[51,53],"tags":[13453,13452,13451,68,61,19,63,67,1009,165,13450,12284,6093],"views":759,"_links":{"self":[{"href":"https:\/\/www.enerjigazetesi.ist\/en\/wp-json\/wp\/v2\/posts\/23788"}],"collection":[{"href":"https:\/\/www.enerjigazetesi.ist\/en\/wp-json\/wp\/v2\/posts"}],"about":[{"href":"https:\/\/www.enerjigazetesi.ist\/en\/wp-json\/wp\/v2\/types\/post"}],"author":[{"embeddable":true,"href":"https:\/\/www.enerjigazetesi.ist\/en\/wp-json\/wp\/v2\/users\/1"}],"replies":[{"embeddable":true,"href":"https:\/\/www.enerjigazetesi.ist\/en\/wp-json\/wp\/v2\/comments?post=23788"}],"version-history":[{"count":3,"href":"https:\/\/www.enerjigazetesi.ist\/en\/wp-json\/wp\/v2\/posts\/23788\/revisions"}],"predecessor-version":[{"id":23792,"href":"https:\/\/www.enerjigazetesi.ist\/en\/wp-json\/wp\/v2\/posts\/23788\/revisions\/23792"}],"wp:featuredmedia":[{"embeddable":true,"href":"https:\/\/www.enerjigazetesi.ist\/en\/wp-json\/wp\/v2\/media\/23789"}],"wp:attachment":[{"href":"https:\/\/www.enerjigazetesi.ist\/en\/wp-json\/wp\/v2\/media?parent=23788"}],"wp:term":[{"taxonomy":"category","embeddable":true,"href":"https:\/\/www.enerjigazetesi.ist\/en\/wp-json\/wp\/v2\/categories?post=23788"},{"taxonomy":"post_tag","embeddable":true,"href":"https:\/\/www.enerjigazetesi.ist\/en\/wp-json\/wp\/v2\/tags?post=23788"}],"curies":[{"name":"wp","href":"https:\/\/api.w.org\/{rel}","templated":true}]}}