{"id":23711,"date":"2014-03-10T15:26:23","date_gmt":"2014-03-10T12:26:23","guid":{"rendered":"https:\/\/www.enerjigazetesi.ist\/?p=23711"},"modified":"2014-03-10T15:26:23","modified_gmt":"2014-03-10T12:26:23","slug":"gunes-elektriginde-kuresel-guc-150-gwa-yaklasiyor","status":"publish","type":"post","link":"https:\/\/www.enerjigazetesi.ist\/en\/gunes-elektriginde-kuresel-guc-150-gwa-yaklasiyor\/","title":{"rendered":"(Turkish) G\u00fcne\u015f Elektri\u011finde K\u00fcresel G\u00fc\u00e7 150 GW&#8217;a Yakla\u015f\u0131yor!"},"content":{"rendered":"<p class=\"qtranxs-available-languages-message qtranxs-available-languages-message-en\">Sorry, this entry is only available in <a href=\"https:\/\/www.enerjigazetesi.ist\/tr\/wp-json\/wp\/v2\/posts\/23711\" class=\"qtranxs-available-language-link qtranxs-available-language-link-tr\" title=\"Turkish\">Turkish<\/a>. For the sake of viewer convenience, the content is shown below in the alternative language. You may click the link to switch the active language.<\/p><p><strong>Avrupa Fotovoltaik Sanayicileri Birli\u011fi (EPIA) 2013 y\u0131l\u0131nda k\u00fcresel g\u00fcne\u015f\u00a0 elektri\u011fi sekt\u00f6r\u00fcnde g\u00f6r\u00fclen geli\u015fmelere y\u00f6nelik \u00e7al\u0131\u015fmas\u0131n\u0131 yay\u0131nlad\u0131. EPIA taraf\u0131ndan a\u00e7\u0131klanan ve Haziran ay\u0131nda yay\u0131nlanacak \u00e7al\u0131\u015fman\u0131n \u00f6n\u00a0 bilgisi niteli\u011finde olan verilere g\u00f6re 2013 y\u0131l\u0131nda k\u00fcresel \u00f6l\u00e7ekte g\u00fcne\u015f ele<a href=\"https:\/\/www.enerjigazetesi.ist\/wp-content\/uploads\/2013\/12\/amerika-gunes-enerjisinde-almanyanin-rekorunu-bu-sene-kiracak.jpg\"><img loading=\"lazy\" class=\"alignright size-medium wp-image-19330\" title=\"g\u00fcne\u015f-enerjisi\" src=\"https:\/\/www.enerjigazetesi.ist\/wp-content\/uploads\/2013\/12\/amerika-gunes-enerjisinde-almanyanin-rekorunu-bu-sene-kiracak-300x200.jpg\" alt=\"\" width=\"300\" height=\"200\" srcset=\"https:\/\/www.enerjigazetesi.ist\/wp-content\/uploads\/2013\/12\/amerika-gunes-enerjisinde-almanyanin-rekorunu-bu-sene-kiracak-300x200.jpg 300w, https:\/\/www.enerjigazetesi.ist\/wp-content\/uploads\/2013\/12\/amerika-gunes-enerjisinde-almanyanin-rekorunu-bu-sene-kiracak-74x50.jpg 74w, https:\/\/www.enerjigazetesi.ist\/wp-content\/uploads\/2013\/12\/amerika-gunes-enerjisinde-almanyanin-rekorunu-bu-sene-kiracak.jpg 500w\" sizes=\"(max-width: 300px) 100vw, 300px\" \/><\/a>ktri\u011fi\u00a0 kurulu g\u00fcc\u00fc 37 GW d\u00fczeyinde art\u0131\u015f g\u00f6stererek toplamda 137 GW seviyesine\u00a0 ula\u015ft\u0131.<\/strong><\/p>\n<p>EPIA verilerine g\u00f6re bu g\u00fc\u00e7 2012&#8217;de 29.9 GW art\u0131\u015f g\u00f6stererek toplamda 100 GW\u00a0 s\u0131n\u0131r\u0131n\u0131 a\u015f\u0131lmas\u0131n\u0131 sa\u011flam\u0131\u015ft\u0131.<\/p>\n<p><strong>Pazar\u0131n yeni lideri \u00c7in<\/strong><\/p>\n<p>\u00c7al\u0131\u015fmaya g\u00f6re Avrupa 10 y\u0131l\u0131n ard\u0131ndan g\u00fcne\u015f elektri\u011finin en b\u00fcy\u00fck pazar\u0131\u00a0 olma \u00fcnvan\u0131n\u0131 \u00c7in&#8217;e kar\u015f\u0131 kaybetti.\u00a0 Verilere g\u00f6re \u00c7in 11.3 GW&#8217;l\u0131k yeni\u00a0 g\u00fcne\u015f elektri\u011fi kurulu g\u00fcc\u00fc ile bu alanda en b\u00fcy\u00fck geli\u015fmenin g\u00f6r\u00fcld\u00fc\u011f\u00fc pazar\u00a0 olurken, Japonya 6.9 GW ile ikinci, ABD ise 4.8 GW ile \u00fc\u00e7\u00fcnc\u00fc s\u0131ray\u0131 ald\u0131.<\/p>\n<p>Avrupa b\u00f6lgesinde ise Almanya&#8217;daki kurulumlar\u0131n toplam g\u00fcc\u00fc 2012&#8217;deki 7.6\u00a0 GW&#8217;l\u0131k seviyeden 2013&#8217;te 3.3 GW&#8217;a gerilese de \u00fclke k\u0131tadaki lider konumunu\u00a0 korudu.\u00a0 \u0130talya&#8217;daki b\u00fcy\u00fcme 1.1 ile 1.4 GW aras\u0131nda, \u0130ngiltere&#8217;de 1 ila 1.2\u00a0 GW aras\u0131nda, Romanya&#8217;da 1.1 GW ve Yunanistan&#8217;da 1.04 GW olarak ger\u00e7ekle\u015fti.<\/p>\n<p><strong>Haberin <a href=\"http:\/\/www.yesilekonomi.com\/yenilenebilir-enerji\/kuresel-gunes-elektrigi-gucu-150-gwa-yaklasiyor\" target=\"_blank\">Devam\u0131 \u0130\u00e7in TIKLAYIN&gt;&gt;<\/a><\/strong><\/p>\n<p>Kaynak: Ye\u015fil Ekonomi<\/p>","protected":false},"excerpt":{"rendered":"<p>Sorry, this entry is only available in Turkish. For the sake of viewer convenience, the content is shown below in the alternative language. You may click the link to switch the active language.Avrupa Fotovoltaik Sanayicileri Birli\u011fi (EPIA) 2013 y\u0131l\u0131nda k\u00fcresel g\u00fcne\u015f\u00a0 elektri\u011fi sekt\u00f6r\u00fcnde g\u00f6r\u00fclen geli\u015fmelere y\u00f6nelik \u00e7al\u0131\u015fmas\u0131n\u0131 yay\u0131nlad\u0131. EPIA taraf\u0131ndan a\u00e7\u0131klanan ve Haziran ay\u0131nda yay\u0131nlanacak [&hellip;]<\/p>\n","protected":false},"author":1,"featured_media":19330,"comment_status":"open","ping_status":"open","sticky":false,"template":"","format":"standard","meta":[],"categories":[51,53,49],"tags":[13415,19,63,67,1009,165,2425,227,1169,13,13414,13416],"views":766,"_links":{"self":[{"href":"https:\/\/www.enerjigazetesi.ist\/en\/wp-json\/wp\/v2\/posts\/23711"}],"collection":[{"href":"https:\/\/www.enerjigazetesi.ist\/en\/wp-json\/wp\/v2\/posts"}],"about":[{"href":"https:\/\/www.enerjigazetesi.ist\/en\/wp-json\/wp\/v2\/types\/post"}],"author":[{"embeddable":true,"href":"https:\/\/www.enerjigazetesi.ist\/en\/wp-json\/wp\/v2\/users\/1"}],"replies":[{"embeddable":true,"href":"https:\/\/www.enerjigazetesi.ist\/en\/wp-json\/wp\/v2\/comments?post=23711"}],"version-history":[{"count":2,"href":"https:\/\/www.enerjigazetesi.ist\/en\/wp-json\/wp\/v2\/posts\/23711\/revisions"}],"predecessor-version":[{"id":23713,"href":"https:\/\/www.enerjigazetesi.ist\/en\/wp-json\/wp\/v2\/posts\/23711\/revisions\/23713"}],"wp:featuredmedia":[{"embeddable":true,"href":"https:\/\/www.enerjigazetesi.ist\/en\/wp-json\/wp\/v2\/media\/19330"}],"wp:attachment":[{"href":"https:\/\/www.enerjigazetesi.ist\/en\/wp-json\/wp\/v2\/media?parent=23711"}],"wp:term":[{"taxonomy":"category","embeddable":true,"href":"https:\/\/www.enerjigazetesi.ist\/en\/wp-json\/wp\/v2\/categories?post=23711"},{"taxonomy":"post_tag","embeddable":true,"href":"https:\/\/www.enerjigazetesi.ist\/en\/wp-json\/wp\/v2\/tags?post=23711"}],"curies":[{"name":"wp","href":"https:\/\/api.w.org\/{rel}","templated":true}]}}