{"id":23662,"date":"2014-03-10T10:59:14","date_gmt":"2014-03-10T07:59:14","guid":{"rendered":"https:\/\/www.enerjigazetesi.ist\/?p=23662"},"modified":"2014-03-10T10:59:14","modified_gmt":"2014-03-10T07:59:14","slug":"avrupalilar-yenilenebilir-enerji-hedefini-onemli-buluyor","status":"publish","type":"post","link":"https:\/\/www.enerjigazetesi.ist\/en\/avrupalilar-yenilenebilir-enerji-hedefini-onemli-buluyor\/","title":{"rendered":"(Turkish) Avrupal\u0131lar Yenilenebilir Enerji Hedefini \u00d6nemli Buluyor&#8230;"},"content":{"rendered":"<p class=\"qtranxs-available-languages-message qtranxs-available-languages-message-en\">Sorry, this entry is only available in <a href=\"https:\/\/www.enerjigazetesi.ist\/tr\/wp-json\/wp\/v2\/posts\/23662\" class=\"qtranxs-available-language-link qtranxs-available-language-link-tr\" title=\"Turkish\">Turkish<\/a>. For the sake of viewer convenience, the content is shown below in the alternative language. You may click the link to switch the active language.<\/p><p><strong>Avrupal\u0131lar\u0131n % 90\u2019\u0131 Avrupa devletlerinin 2030 y\u0131l\u0131na kadar yenilenebilir enerji pay\u0131n\u0131 artt\u0131rma hedeflerinin \u00f6nemli oldu\u011funu d\u00fc\u015f\u00fcn\u00fcyor. Avr<a href=\"https:\/\/www.enerjigazetesi.ist\/wp-content\/uploads\/2014\/03\/avrupalilar-yenilenebilir-enerji-hedefini-onemli-buluyor.jpg\"><img loading=\"lazy\" class=\"alignleft size-full wp-image-23663\" title=\"avrupalilar-yenilenebilir-enerji-hedefini-onemli-buluyor\" src=\"https:\/\/www.enerjigazetesi.ist\/wp-content\/uploads\/2014\/03\/avrupalilar-yenilenebilir-enerji-hedefini-onemli-buluyor.jpg\" alt=\"\" width=\"267\" height=\"189\" srcset=\"https:\/\/www.enerjigazetesi.ist\/wp-content\/uploads\/2014\/03\/avrupalilar-yenilenebilir-enerji-hedefini-onemli-buluyor.jpg 267w, https:\/\/www.enerjigazetesi.ist\/wp-content\/uploads\/2014\/03\/avrupalilar-yenilenebilir-enerji-hedefini-onemli-buluyor-70x50.jpg 70w\" sizes=\"(max-width: 267px) 100vw, 267px\" \/><\/a>upa Komisyonu taraf\u0131ndan yap\u0131lan bir ara\u015ft\u0131rmada Avrupal\u0131lar\u0131n % 90\u2019\u0131 Avrupa devletlerinin 2030 y\u0131l\u0131na kadar yenilenebilir enerji pay\u0131n\u0131 artt\u0131rma hedeflerinin \u00f6nemli oldu\u011funu d\u00fc\u015f\u00fcn\u00fcyor.<\/strong><\/p>\n<p>Ayr\u0131ca bu hafta yay\u0131nlanan Eurobarometer poll dergisi\u2019ne g\u00f6re, Avrupal\u0131lar\u0131n % 49\u2019u h\u00fck\u00fcmetlerden yenilenebilir enerji hedefini b\u00fcy\u00fctmelerini istemenin \u2018\u00e7ok \u00f6nemli\u2019 oldu\u011funu d\u00fc\u015f\u00fcn\u00fcyor.<\/p>\n<p>Bu konuda halk deste\u011finin en y\u00fcksek oldu\u011fu \u00fclkeler, K\u0131br\u0131s, Yunanistan ve Malta. En d\u00fc\u015f\u00fck deste\u011fin oldu\u011fu \u00fclkeler ise, Bulgaristan ve Estonya.<\/p>\n<p>AB\u2019nin 2020 y\u0131l\u0131 i\u00e7in koydu\u011fu % 20 yenilenebilir enerji hedefi \u00fcye \u00fclkeler i\u00e7in ba\u011flay\u0131c\u0131 nitelikte.<\/p>\n<p>Kaynak: <a href=\"http:\/\/www.enerjigunlugu.net\/avrupalilar-yenilenebilir-enerji-hedefini-onemli-b_7466.html\" target=\"_blank\">Enerji G\u00fcnl\u00fc\u011f\u00fc<\/a><\/p>","protected":false},"excerpt":{"rendered":"<p>Sorry, this entry is only available in Turkish. For the sake of viewer convenience, the content is shown below in the alternative language. You may click the link to switch the active language.Avrupal\u0131lar\u0131n % 90\u2019\u0131 Avrupa devletlerinin 2030 y\u0131l\u0131na kadar yenilenebilir enerji pay\u0131n\u0131 artt\u0131rma hedeflerinin \u00f6nemli oldu\u011funu d\u00fc\u015f\u00fcn\u00fcyor. Avrupa Komisyonu taraf\u0131ndan yap\u0131lan bir ara\u015ft\u0131rmada Avrupal\u0131lar\u0131n [&hellip;]<\/p>\n","protected":false},"author":1,"featured_media":23663,"comment_status":"open","ping_status":"open","sticky":false,"template":"","format":"standard","meta":[],"categories":[53,49,47,48,50],"tags":[1192,13389,63,67,1009,165,105,13390],"views":746,"_links":{"self":[{"href":"https:\/\/www.enerjigazetesi.ist\/en\/wp-json\/wp\/v2\/posts\/23662"}],"collection":[{"href":"https:\/\/www.enerjigazetesi.ist\/en\/wp-json\/wp\/v2\/posts"}],"about":[{"href":"https:\/\/www.enerjigazetesi.ist\/en\/wp-json\/wp\/v2\/types\/post"}],"author":[{"embeddable":true,"href":"https:\/\/www.enerjigazetesi.ist\/en\/wp-json\/wp\/v2\/users\/1"}],"replies":[{"embeddable":true,"href":"https:\/\/www.enerjigazetesi.ist\/en\/wp-json\/wp\/v2\/comments?post=23662"}],"version-history":[{"count":1,"href":"https:\/\/www.enerjigazetesi.ist\/en\/wp-json\/wp\/v2\/posts\/23662\/revisions"}],"predecessor-version":[{"id":23664,"href":"https:\/\/www.enerjigazetesi.ist\/en\/wp-json\/wp\/v2\/posts\/23662\/revisions\/23664"}],"wp:featuredmedia":[{"embeddable":true,"href":"https:\/\/www.enerjigazetesi.ist\/en\/wp-json\/wp\/v2\/media\/23663"}],"wp:attachment":[{"href":"https:\/\/www.enerjigazetesi.ist\/en\/wp-json\/wp\/v2\/media?parent=23662"}],"wp:term":[{"taxonomy":"category","embeddable":true,"href":"https:\/\/www.enerjigazetesi.ist\/en\/wp-json\/wp\/v2\/categories?post=23662"},{"taxonomy":"post_tag","embeddable":true,"href":"https:\/\/www.enerjigazetesi.ist\/en\/wp-json\/wp\/v2\/tags?post=23662"}],"curies":[{"name":"wp","href":"https:\/\/api.w.org\/{rel}","templated":true}]}}