{"id":23652,"date":"2014-03-10T10:37:50","date_gmt":"2014-03-10T07:37:50","guid":{"rendered":"https:\/\/www.enerjigazetesi.ist\/?p=23652"},"modified":"2016-10-23T17:37:24","modified_gmt":"2016-10-23T14:37:24","slug":"kerkuk-yumurtalik-petrol-boru-hatti-kapasitesi-yuzde-100%e2%80%b2e-cikarilacak","status":"publish","type":"post","link":"https:\/\/www.enerjigazetesi.ist\/en\/kerkuk-yumurtalik-petrol-boru-hatti-kapasitesi-yuzde-100%e2%80%b2e-cikarilacak\/","title":{"rendered":"(Turkish) Kerk\u00fck-Yumurtal\u0131k Petrol Boru Hatt\u0131 Kapasitesi Y\u00fczde 100\u2032e \u00c7\u0131kar\u0131lacak!"},"content":{"rendered":"<p class=\"qtranxs-available-languages-message qtranxs-available-languages-message-en\">Sorry, this entry is only available in <a href=\"https:\/\/www.enerjigazetesi.ist\/tr\/wp-json\/wp\/v2\/posts\/23652\" class=\"qtranxs-available-language-link qtranxs-available-language-link-tr\" title=\"Turkish\">Turkish<\/a>. For the sake of viewer convenience, the content is shown below in the alternative language. You may click the link to switch the active language.<\/p><p><strong>Enerji Bakan\u0131 Taner Y\u0131ld\u0131z, Irak petrol\u00fcn\u00fcn tamam\u0131n\u0131n T\u00fcrkiye \u00fczerinden d\u00fcnyaya pazarlanaca\u011f\u0131n\u0131 s\u00f6yledi. Y\u0131ld\u0131z, \u201cKerk\u00fck-Yumurtal\u0131k Ham Petrol Boru Hatt\u0131\u2019n\u0131n kapasitesi y\u00fczde 100\u2032e \u00e7\u0131kar\u0131lacak\u201d dedi.<\/strong><\/p>\n<p>Irak\u2019tan yap\u0131lacak petrol sevkiyat\u0131, Ba\u011fdat\u2019\u0131n tavr\u0131 ve B\u00f6lgesel K\u00fcrt Y\u00f6netimi ile y\u00fcr\u00fct\u00fclen g\u00f6r\u00fc\u015fmeler Meclis g\u00fcndemine de ta\u015f\u0131nd\u0131. Enerji ve Tabii Kaynaklar Bakan\u0131 Taner Y\u0131ld\u0131z, Irak petrol\u00fcn\u00fcn tamam\u0131n\u0131n T\u00fcrkiye \u00fczerinden d\u00fcnyaya pazarlanaca\u011f\u0131n\u0131 <a href=\"https:\/\/www.enerjigazetesi.ist\/wp-content\/uploads\/2016\/03\/kerkuk-yumurtalik-petrol-boru-hatti-hafta-sonuna-kadar-onarilacak.jpg\"><img loading=\"lazy\" class=\"alignright size-medium wp-image-51078\" src=\"https:\/\/www.enerjigazetesi.ist\/wp-content\/uploads\/2016\/03\/kerkuk-yumurtalik-petrol-boru-hatti-hafta-sonuna-kadar-onarilacak-300x165.jpg\" alt=\"kerkuk-yumurtalik-petrol-boru-hatti-hafta-sonuna-kadar-onarilacak\" width=\"300\" height=\"165\" srcset=\"https:\/\/www.enerjigazetesi.ist\/wp-content\/uploads\/2016\/03\/kerkuk-yumurtalik-petrol-boru-hatti-hafta-sonuna-kadar-onarilacak-300x165.jpg 300w, https:\/\/www.enerjigazetesi.ist\/wp-content\/uploads\/2016\/03\/kerkuk-yumurtalik-petrol-boru-hatti-hafta-sonuna-kadar-onarilacak-500x276.jpg 500w, https:\/\/www.enerjigazetesi.ist\/wp-content\/uploads\/2016\/03\/kerkuk-yumurtalik-petrol-boru-hatti-hafta-sonuna-kadar-onarilacak-80x44.jpg 80w, https:\/\/www.enerjigazetesi.ist\/wp-content\/uploads\/2016\/03\/kerkuk-yumurtalik-petrol-boru-hatti-hafta-sonuna-kadar-onarilacak.jpg 696w\" sizes=\"(max-width: 300px) 100vw, 300px\" \/><\/a>bir kez daha vurgulad\u0131. Y\u0131ld\u0131z, b\u00f6lgedeki mevcut siyasi geli\u015fmeler dikkate al\u0131nd\u0131\u011f\u0131nda Irak hidrokarbon kaynaklar\u0131n\u0131n d\u00fcnya pazarlar\u0131na a\u00e7\u0131ld\u0131\u011f\u0131 en g\u00fcvenli kap\u0131lardan birinin T\u00fcrkiye oldu\u011funu belirtti. Bakan Y\u0131ld\u0131z, \u201cY\u00fczde 30 kapasiteyle \u00e7al\u0131\u015fan Kerk\u00fck-Yumurtal\u0131k Ham Petrol Boru Hatt\u0131\u2019n\u0131n tam kapasiteyle \u00e7al\u0131\u015fmas\u0131 hedefleniyor.<\/p>\n<p>S\u00f6z konusu hat 15 y\u0131ll\u0131k bir anla\u015fma kapsam\u0131nda faaliyet g\u00f6steriyor. Ba\u011fdat y\u00f6netimiyle yap\u0131lan anla\u015fmada Irak\u2019\u0131n hangi b\u00f6lgesinden \u00e7\u0131karsa \u00e7\u0131ks\u0131n, petrollerin s\u00f6z konusu hattan sevk edilmesi esast\u0131r\u201d dedi. TPAO\u2019nun Irak\u2019\u0131n Basra B\u00f6lgesi\u2019nde 4 do\u011falgaz ve 2 petrol sahas\u0131nda \u00e7al\u0131\u015fma yapt\u0131\u011f\u0131n\u0131 ifade eden Y\u0131ld\u0131z, \u015f\u00f6yle konu\u015ftu: \u201cTPIC, Irak Milli Petrol \u015eirketi SOC ile imzalad\u0131\u011f\u0131 anla\u015fma kapsam\u0131nda Rumeila sahas\u0131nda 45 adet kuyunun a\u00e7\u0131lmas\u0131na ili\u015fkin b\u00fcy\u00fck bir projeye imza att\u0131. Rumeila, hacmi itibar\u0131yla Basra B\u00f6lgesi\u2019ndeki en b\u00fcy\u00fck proje. Basra petrollerinin ge\u00e7mesi i\u00e7in Kerk\u00fck-Yumurtal\u0131k Boru Hatt\u0131\u2019n\u0131n tam kapasite \u00e7al\u0131\u015ft\u0131r\u0131lmas\u0131 konusunda Irak\u2019la i\u015fbirli\u011fi s\u00fcr\u00fcyor.\u201d<\/p>\n<p>Y\u0131ld\u0131z, Irak K\u00fcrt B\u00f6lgesel Y\u00f6netimi petrol\u00fcn\u00fcn T\u00fcrkiye \u00fczerinden pazarlanmas\u0131n\u0131n t\u00fcm taraflar\u0131n yarar\u0131na olacak \u015fekilde hayata ge\u00e7irilmesini arzu ettiklerini s\u00f6yledi. Y\u0131ld\u0131z, \u201cAmac\u0131m\u0131z, Ba\u011fdat- Erbil anla\u015fmas\u0131ndan sonra K\u00fcrt petrol\u00fcn\u00fcn T\u00fcrkiye \u00fczerinden ta\u015f\u0131nmas\u0131, Irak\u2019la t\u00fcm iyi ili\u015fkilerin s\u00fcrd\u00fcr\u00fclmesidir\u201d dedi.<\/p>\n<p>Kuzey Irak\u2019ta ABD\u2019den G\u00fcney Kore\u2019ye kadar uzanan co\u011frafyada 20\u2032yi a\u015fk\u0131n \u00fclkeden 50\u2032ye yak\u0131n b\u00fcy\u00fck enerji \u015firketinin faaliyet g\u00f6sterdi\u011fini vurgulayan Enerji ve Tabii Kaynaklar Bakan\u0131 Taner Y\u0131ld\u0131z, \u015funlar\u0131 s\u00f6yledi: \u201cB\u00f6lgede Amerikan men\u015feli Aspect Energy, Blackgold, Chevron, Exxon- Mobil, General Exploration Partners, Hawler, Hess, Hillwood, HKN Energy, Hunt Oil, Murphy, Shakal ve Western Zagros faaliyet g\u00f6steriyor. T\u00fcrk firmalar\u0131n\u0131n enerji anla\u015fmalar\u0131 da di\u011ferlerinin yapt\u0131\u011f\u0131 gibi ticari nitelikte. Kapsam\u0131 da arama \u00fcretim faaliyetlerinden elektrik \u00fcretim santrallerine kadar uzan\u0131yor.\u201d<\/p>\n<p>Kaynak: <a href=\"http:\/\/www.sabah.com.tr\/Ekonomi\/2014\/03\/10\/basra-petrolu-yumurtalika-akacak\" target=\"_blank\">Sabah<\/a><\/p>","protected":false},"excerpt":{"rendered":"<p>Sorry, this entry is only available in Turkish. For the sake of viewer convenience, the content is shown below in the alternative language. You may click the link to switch the active language.Enerji Bakan\u0131 Taner Y\u0131ld\u0131z, Irak petrol\u00fcn\u00fcn tamam\u0131n\u0131n T\u00fcrkiye \u00fczerinden d\u00fcnyaya pazarlanaca\u011f\u0131n\u0131 s\u00f6yledi. Y\u0131ld\u0131z, \u201cKerk\u00fck-Yumurtal\u0131k Ham Petrol Boru Hatt\u0131\u2019n\u0131n kapasitesi y\u00fczde 100\u2032e \u00e7\u0131kar\u0131lacak\u201d dedi. [&hellip;]<\/p>\n","protected":false},"author":1,"featured_media":51078,"comment_status":"open","ping_status":"open","sticky":false,"template":"","format":"standard","meta":[],"categories":[53,44],"tags":[710,63,67,1009,165,745,11998,13380,59,79,667,846],"views":955,"_links":{"self":[{"href":"https:\/\/www.enerjigazetesi.ist\/en\/wp-json\/wp\/v2\/posts\/23652"}],"collection":[{"href":"https:\/\/www.enerjigazetesi.ist\/en\/wp-json\/wp\/v2\/posts"}],"about":[{"href":"https:\/\/www.enerjigazetesi.ist\/en\/wp-json\/wp\/v2\/types\/post"}],"author":[{"embeddable":true,"href":"https:\/\/www.enerjigazetesi.ist\/en\/wp-json\/wp\/v2\/users\/1"}],"replies":[{"embeddable":true,"href":"https:\/\/www.enerjigazetesi.ist\/en\/wp-json\/wp\/v2\/comments?post=23652"}],"version-history":[{"count":3,"href":"https:\/\/www.enerjigazetesi.ist\/en\/wp-json\/wp\/v2\/posts\/23652\/revisions"}],"predecessor-version":[{"id":58408,"href":"https:\/\/www.enerjigazetesi.ist\/en\/wp-json\/wp\/v2\/posts\/23652\/revisions\/58408"}],"wp:featuredmedia":[{"embeddable":true,"href":"https:\/\/www.enerjigazetesi.ist\/en\/wp-json\/wp\/v2\/media\/51078"}],"wp:attachment":[{"href":"https:\/\/www.enerjigazetesi.ist\/en\/wp-json\/wp\/v2\/media?parent=23652"}],"wp:term":[{"taxonomy":"category","embeddable":true,"href":"https:\/\/www.enerjigazetesi.ist\/en\/wp-json\/wp\/v2\/categories?post=23652"},{"taxonomy":"post_tag","embeddable":true,"href":"https:\/\/www.enerjigazetesi.ist\/en\/wp-json\/wp\/v2\/tags?post=23652"}],"curies":[{"name":"wp","href":"https:\/\/api.w.org\/{rel}","templated":true}]}}