{"id":23579,"date":"2014-03-07T16:37:51","date_gmt":"2014-03-07T13:37:51","guid":{"rendered":"https:\/\/www.enerjigazetesi.ist\/?p=23579"},"modified":"2014-03-07T16:38:26","modified_gmt":"2014-03-07T13:38:26","slug":"makale-ekonomiyi-bekleyen-sinsi-tehdit-kuraklik","status":"publish","type":"post","link":"https:\/\/www.enerjigazetesi.ist\/en\/makale-ekonomiyi-bekleyen-sinsi-tehdit-kuraklik\/","title":{"rendered":"(Turkish) Makale: Ekonomiyi Bekleyen Sinsi Tehdit: Kurakl\u0131k!"},"content":{"rendered":"<p class=\"qtranxs-available-languages-message qtranxs-available-languages-message-en\">Sorry, this entry is only available in <a href=\"https:\/\/www.enerjigazetesi.ist\/tr\/wp-json\/wp\/v2\/posts\/23579\" class=\"qtranxs-available-language-link qtranxs-available-language-link-tr\" title=\"Turkish\">Turkish<\/a>. For the sake of viewer convenience, the content is shown below in the alternative language. You may click the link to switch the active language.<\/p><p><strong>T\u00fcrkiye\u2019nin g\u00fcndemi siyaset arenadaki \u00e7alkant\u0131n\u0131n etkisinden kurtulam\u0131yor. Geli\u015fmeler ekonomide ve finansal piyasalarda derinden hissediliyor. Ancak ekonomiyi siyasetteki tats\u0131z hava kadar olumsuz etkileyebilecek ba\u015fka bir geli\u015fme daha var: Kurakl\u0131k. Ekonomistler kurakl\u0131\u011f\u0131n tar\u0131msal \u00fcretimi azaltabilece\u011fini, bu nedenle enflasyonun artmas\u0131na ve b\u00fcy\u00fcmenin yava\u015flamas\u0131na neden olabilece\u011fini belirtiyor.<\/strong><\/p>\n<p>Finans Yat\u0131r\u0131m taraf\u0131ndan yap\u0131lan bir ara\u015ft\u0131rma, kurakl\u0131\u011f\u0131n 2014 enflasyonunu 1.1 puan art\u0131rabilece\u011fi son<a href=\"https:\/\/www.enerjigazetesi.ist\/wp-content\/uploads\/2014\/03\/makale-ekonomiyi-bekleyen-sinsi-tehdit-kuraklik.jpg\"><img loading=\"lazy\" class=\"alignright size-medium wp-image-23580\" title=\"makale-ekonomiyi-bekleyen-sinsi-tehdit-kuraklik\" src=\"https:\/\/www.enerjigazetesi.ist\/wp-content\/uploads\/2014\/03\/makale-ekonomiyi-bekleyen-sinsi-tehdit-kuraklik-300x194.jpg\" alt=\"\" width=\"300\" height=\"194\" srcset=\"https:\/\/www.enerjigazetesi.ist\/wp-content\/uploads\/2014\/03\/makale-ekonomiyi-bekleyen-sinsi-tehdit-kuraklik-300x194.jpg 300w, https:\/\/www.enerjigazetesi.ist\/wp-content\/uploads\/2014\/03\/makale-ekonomiyi-bekleyen-sinsi-tehdit-kuraklik-500x323.jpg 500w, https:\/\/www.enerjigazetesi.ist\/wp-content\/uploads\/2014\/03\/makale-ekonomiyi-bekleyen-sinsi-tehdit-kuraklik-77x50.jpg 77w, https:\/\/www.enerjigazetesi.ist\/wp-content\/uploads\/2014\/03\/makale-ekonomiyi-bekleyen-sinsi-tehdit-kuraklik.jpg 505w\" sizes=\"(max-width: 300px) 100vw, 300px\" \/><\/a>ucuna ula\u015f\u0131yor.<\/p>\n<p>Ya\u011f\u0131\u015f ortalamalar\u0131 mevsimsel ortalamalar\u0131n alt\u0131nda, s\u0131cakl\u0131k ise mevsimsel ortalamalar\u0131n \u00fczerinde seyrederken \u00e7al\u0131\u015fma, 2008 benzeri bir kurakl\u0131\u011f\u0131n ya\u015fanmas\u0131 varsay\u0131m\u0131 alt\u0131nda en \u00e7ok i\u015flenmi\u015f g\u0131da \u00fcretiminin olumsuz etkilenece\u011fini kaydediyor. Bu durumda i\u015flenmi\u015f g\u0131da enflasyonun y\u00fczde 14\u2032e kadar \u00e7\u0131kabilece\u011fi tahmin edilirken, i\u015flenmemi\u015f g\u0131da fiyatlar\u0131n\u0131n da eklenerek hesapland\u0131\u011f\u0131 toplam g\u0131da enflasyonun y\u00fczde 12,2 olmas\u0131n\u0131n beklendi\u011fi belirtildi.<\/p>\n<p>Finans Yat\u0131r\u0131m Ekonomisti Burak Kanl\u0131, yine de panik yapmak i\u00e7in erken oldu\u011funu s\u00f6yl\u00fcyor ve ekliyor: \u00d6nemli bir kurakl\u0131k alarm\u0131 \u00e7al\u0131yor. Ancak hen\u00fcz bir \u015fey kaybetmedik. \u00c7\u00fcnk\u00fc \u015fu anda tohumlar at\u0131ld\u0131. Mart-May\u0131s aylar\u0131 aras\u0131nda tohumlar\u0131n hacim kazanma zaman\u0131d\u0131r. Dolay\u0131s\u0131yla \u00f6n\u00fcm\u00fczdeki aylarda \u00f6nemli bir ya\u011f\u0131\u015f gelirse kurakl\u0131\u011f\u0131n olu\u015fturaca\u011f\u0131 tehdit atlat\u0131l\u0131r.<\/p>\n<p>Ya\u011f\u0131\u015flara kar\u015f\u0131 en duyarl\u0131 \u00fcr\u00fcnler bulgur, beyaz un, kuru fasulye, ay\u00e7i\u00e7ek ya\u011f\u0131, pirin\u00e7, m\u0131s\u0131r ya\u011f\u0131, mercimek ve zeytinya\u011f\u0131 olarak s\u0131ralan\u0131yor. Sebze ve meyvelerin ise kurakl\u0131ktan etkilenmesi beklenmiyor.<\/p>\n<p>Finans Yat\u0131r\u0131m taraf\u0131ndan yay\u0131nlanan rapor, kurakl\u0131\u011f\u0131n b\u00fcy\u00fcme \u00fczerinde tar\u0131m \u00fcr\u00fcnlerindeki d\u00fc\u015f\u00fc\u015f\u00fcn ve artan fiyatlar\u0131n olumsuz etkisi olaca\u011f\u0131n\u0131 ancak bunun net etkisinin belirsiz oldu\u011funu kaydetti.<\/p>\n<p>Yazan: Kerim KARAKAYA<\/p>\n<p><strong>Yaz\u0131n\u0131n <a href=\"http:\/\/www.wsj.com.tr\/article\/SB10001424052702303824204579423183922152114.html\" target=\"_blank\">Devam\u0131 \u0130\u00e7in TIKLAYIN&gt;&gt;<\/a><\/strong><\/p>\n<p>Kaynak: The Wall Street Journal<\/p>","protected":false},"excerpt":{"rendered":"<p>Sorry, this entry is only available in Turkish. For the sake of viewer convenience, the content is shown below in the alternative language. You may click the link to switch the active language.T\u00fcrkiye\u2019nin g\u00fcndemi siyaset arenadaki \u00e7alkant\u0131n\u0131n etkisinden kurtulam\u0131yor. Geli\u015fmeler ekonomide ve finansal piyasalarda derinden hissediliyor. Ancak ekonomiyi siyasetteki tats\u0131z hava kadar olumsuz etkileyebilecek ba\u015fka [&hellip;]<\/p>\n","protected":false},"author":1,"featured_media":23580,"comment_status":"open","ping_status":"open","sticky":false,"template":"","format":"standard","meta":[],"categories":[53],"tags":[13337,63,67,1009,165,12313,13336,846],"views":816,"_links":{"self":[{"href":"https:\/\/www.enerjigazetesi.ist\/en\/wp-json\/wp\/v2\/posts\/23579"}],"collection":[{"href":"https:\/\/www.enerjigazetesi.ist\/en\/wp-json\/wp\/v2\/posts"}],"about":[{"href":"https:\/\/www.enerjigazetesi.ist\/en\/wp-json\/wp\/v2\/types\/post"}],"author":[{"embeddable":true,"href":"https:\/\/www.enerjigazetesi.ist\/en\/wp-json\/wp\/v2\/users\/1"}],"replies":[{"embeddable":true,"href":"https:\/\/www.enerjigazetesi.ist\/en\/wp-json\/wp\/v2\/comments?post=23579"}],"version-history":[{"count":3,"href":"https:\/\/www.enerjigazetesi.ist\/en\/wp-json\/wp\/v2\/posts\/23579\/revisions"}],"predecessor-version":[{"id":23583,"href":"https:\/\/www.enerjigazetesi.ist\/en\/wp-json\/wp\/v2\/posts\/23579\/revisions\/23583"}],"wp:featuredmedia":[{"embeddable":true,"href":"https:\/\/www.enerjigazetesi.ist\/en\/wp-json\/wp\/v2\/media\/23580"}],"wp:attachment":[{"href":"https:\/\/www.enerjigazetesi.ist\/en\/wp-json\/wp\/v2\/media?parent=23579"}],"wp:term":[{"taxonomy":"category","embeddable":true,"href":"https:\/\/www.enerjigazetesi.ist\/en\/wp-json\/wp\/v2\/categories?post=23579"},{"taxonomy":"post_tag","embeddable":true,"href":"https:\/\/www.enerjigazetesi.ist\/en\/wp-json\/wp\/v2\/tags?post=23579"}],"curies":[{"name":"wp","href":"https:\/\/api.w.org\/{rel}","templated":true}]}}