{"id":23559,"date":"2014-03-07T10:32:26","date_gmt":"2014-03-07T07:32:26","guid":{"rendered":"https:\/\/www.enerjigazetesi.ist\/?p=23559"},"modified":"2014-03-07T10:32:26","modified_gmt":"2014-03-07T07:32:26","slug":"bakan-yildiz-dogalgaz-fiyatlari-2008-yilina-gore-daha-ucuz","status":"publish","type":"post","link":"https:\/\/www.enerjigazetesi.ist\/en\/bakan-yildiz-dogalgaz-fiyatlari-2008-yilina-gore-daha-ucuz\/","title":{"rendered":"(Turkish) Bakan Y\u0131ld\u0131z: \u2018Do\u011falgaz Fiyatlar\u0131 2008 Y\u0131l\u0131na G\u00f6re Daha Ucuz&#8230;\u2019"},"content":{"rendered":"<p class=\"qtranxs-available-languages-message qtranxs-available-languages-message-en\">Sorry, this entry is only available in <a href=\"https:\/\/www.enerjigazetesi.ist\/tr\/wp-json\/wp\/v2\/posts\/23559\" class=\"qtranxs-available-language-link qtranxs-available-language-link-tr\" title=\"Turkish\">Turkish<\/a>. For the sake of viewer convenience, the content is shown below in the alternative language. You may click the link to switch the active language.<\/p><p><strong>Enerji ve Tabii Kaynaklar Bakan\u0131 Taner Y\u0131ld\u0131z, do\u011falgaz fiyatlar\u0131 ile ilgili olarak yap\u0131lan ele\u015ftirilere Mardin\u2019den cevap verdi. Do\u011falgaz fiyatlar\u0131n\u0131n, 2008 y\u0131l\u0131 Kas\u0131m ay\u0131ndaki fiyatlar\u0131ndan daha d\u00fc\u015f\u00fck oldu\u011funu belirten Bakan Y\u0131ld\u0131z, Mardin\u2019de partisinin se\u00e7im \u00e7al\u0131\u015fmalar\u0131na kat\u0131ld\u0131.<\/strong><\/p>\n<p>Eski \u0130\u00e7i\u015fleri Bakan\u0131 ve Ak Parti Mardin Milletvekili Muammer G\u00fcler, Abdurrahim Akda\u011f, Ak Parti B\u00fcy\u00fck\u015fehir Belediye Ba\u015fkan Aday\u0131 Mehmet Vejdi Kahraman ile birlikte esnaf ziyareti yapan Enerji ve Tabii Kaynaklar Bakan\u0131 Taner Y\u0131<a href=\"https:\/\/www.enerjigazetesi.ist\/wp-content\/uploads\/2014\/02\/bakan-yildiz-enerji-karisimimiz-degisecek.jpg\"><img loading=\"lazy\" class=\"alignright size-medium wp-image-22617\" title=\"bakan-yildiz\" src=\"https:\/\/www.enerjigazetesi.ist\/wp-content\/uploads\/2014\/02\/bakan-yildiz-enerji-karisimimiz-degisecek-300x206.jpg\" alt=\"\" width=\"300\" height=\"206\" srcset=\"https:\/\/www.enerjigazetesi.ist\/wp-content\/uploads\/2014\/02\/bakan-yildiz-enerji-karisimimiz-degisecek-300x206.jpg 300w, https:\/\/www.enerjigazetesi.ist\/wp-content\/uploads\/2014\/02\/bakan-yildiz-enerji-karisimimiz-degisecek-72x50.jpg 72w, https:\/\/www.enerjigazetesi.ist\/wp-content\/uploads\/2014\/02\/bakan-yildiz-enerji-karisimimiz-degisecek.jpg 392w\" sizes=\"(max-width: 300px) 100vw, 300px\" \/><\/a>ld\u0131z, Mardin\u2019deki belediye ba\u015fkan adaylar\u0131 i\u00e7in halktan destek istedi. Mardin Belediyesi eski Ba\u015fkan\u0131 Metin Pamuk\u00e7u\u2019nun babas\u0131 Orhan Pamuk\u00e7u\u2019nun \u00f6nceki g\u00fcn vefat\u0131 dolay\u0131s\u0131yla taziye ziyaretinde bulunan Bakan Y\u0131ld\u0131z, aile bireylerine ba\u015fsa\u011fl\u0131\u011f\u0131 diledi.<\/p>\n<p>Taziye ziyaretinden sonra Mardin Belediyesi\u2019ni ziyaret eden Bakan Y\u0131ld\u0131z burada yapt\u0131\u011f\u0131 konu\u015fmada, do\u011falgaz maliyetlerinin, sat\u0131\u015f fiyat\u0131n\u0131n \u00fczerinde oldu\u011funu belirterek, su, r\u00fczgar, g\u00fcne\u015f, jeotermal ve yerli k\u00f6m\u00fcr gibi kaynaklar\u0131n daha \u00e7ok harekete ge\u00e7irilmesi gerekti\u011fini s\u00f6yledi. En yerli kayna\u011f\u0131n \u015fu anda enerji verimlili\u011fi ve tasarruf oldu\u011funu ifade eden Bakan Y\u0131ld\u0131z, \u201cO y\u00fczden do\u011falgaz ile ilgili zaman zaman vatanda\u015f\u0131m\u0131z\u0131n, zaman zaman da y\u00f6neticilerimizin g\u00f6z\u00fcnden ka\u00e7an \u00f6nemli bir noktay\u0131 s\u00f6ylemek istiyorum. Do\u011falgaz\u0131n \u015fu anki fiyatlar\u0131, 2008 y\u0131l\u0131 kas\u0131m ay\u0131ndaki fiyatlar\u0131ndan daha d\u00fc\u015f\u00fckt\u00fcr. \u00dczerinden 5 y\u0131l ge\u00e7mesine ra\u011fmen \u015fu anda do\u011falgaz fiyatlar\u0131 T\u00fcrk Lirasi baz\u0131nda daha d\u00fc\u015f\u00fckt\u00fcr\u201d dedi.<\/p>\n<p>Bir gazetecinin ka\u00e7ak elektrik kullan\u0131m\u0131na ili\u015fkin sorusu \u00fczerine Bakan Y\u0131ld\u0131z, \u201cHem kul hakk\u0131, hem de devlet hakk\u0131 oldu\u011funu s\u00f6yl\u00fcyorsun, bir yandan da y\u00fczde 80 oran\u0131nda bir kay\u0131p, ka\u00e7aktan bahsediyoruz. Ben bu konuda vatanda\u015flar\u0131n daha hassas davranacaklar\u0131na inan\u0131yorum. \u00d6zel sekt\u00f6r, tabi ki bu tahsilat\u0131n\u0131 yapmak ve hizmet g\u00f6t\u00fcrmek zorundad\u0131r. Zaman zaman Mardin ve \u00e7evresinde abone olanlar\u0131n talep ettikleri g\u00fcc\u00fcn 3-4 kat\u0131n\u0131 enerji olarak veriyoruz, ama bunun da bir s\u0131n\u0131r\u0131 olmas\u0131na inan\u0131yorum\u201d diye cevaplad\u0131.<\/p>\n<p>Kaynak: <a href=\"http:\/\/www.sondakika.com\/haber\/haber-bakan-yildiz-dogalgazin-fiyati-2008-kasim-ayindan-5755111\/\" target=\"_blank\">Son Dakika<\/a><\/p>","protected":false},"excerpt":{"rendered":"<p>Sorry, this entry is only available in Turkish. For the sake of viewer convenience, the content is shown below in the alternative language. You may click the link to switch the active language.Enerji ve Tabii Kaynaklar Bakan\u0131 Taner Y\u0131ld\u0131z, do\u011falgaz fiyatlar\u0131 ile ilgili olarak yap\u0131lan ele\u015ftirilere Mardin\u2019den cevap verdi. Do\u011falgaz fiyatlar\u0131n\u0131n, 2008 y\u0131l\u0131 Kas\u0131m ay\u0131ndaki [&hellip;]<\/p>\n","protected":false},"author":1,"featured_media":22617,"comment_status":"open","ping_status":"open","sticky":false,"template":"","format":"standard","meta":[],"categories":[46,53],"tags":[710,92,226,1363,63,67,1009,165,667],"views":1439,"_links":{"self":[{"href":"https:\/\/www.enerjigazetesi.ist\/en\/wp-json\/wp\/v2\/posts\/23559"}],"collection":[{"href":"https:\/\/www.enerjigazetesi.ist\/en\/wp-json\/wp\/v2\/posts"}],"about":[{"href":"https:\/\/www.enerjigazetesi.ist\/en\/wp-json\/wp\/v2\/types\/post"}],"author":[{"embeddable":true,"href":"https:\/\/www.enerjigazetesi.ist\/en\/wp-json\/wp\/v2\/users\/1"}],"replies":[{"embeddable":true,"href":"https:\/\/www.enerjigazetesi.ist\/en\/wp-json\/wp\/v2\/comments?post=23559"}],"version-history":[{"count":2,"href":"https:\/\/www.enerjigazetesi.ist\/en\/wp-json\/wp\/v2\/posts\/23559\/revisions"}],"predecessor-version":[{"id":23561,"href":"https:\/\/www.enerjigazetesi.ist\/en\/wp-json\/wp\/v2\/posts\/23559\/revisions\/23561"}],"wp:featuredmedia":[{"embeddable":true,"href":"https:\/\/www.enerjigazetesi.ist\/en\/wp-json\/wp\/v2\/media\/22617"}],"wp:attachment":[{"href":"https:\/\/www.enerjigazetesi.ist\/en\/wp-json\/wp\/v2\/media?parent=23559"}],"wp:term":[{"taxonomy":"category","embeddable":true,"href":"https:\/\/www.enerjigazetesi.ist\/en\/wp-json\/wp\/v2\/categories?post=23559"},{"taxonomy":"post_tag","embeddable":true,"href":"https:\/\/www.enerjigazetesi.ist\/en\/wp-json\/wp\/v2\/tags?post=23559"}],"curies":[{"name":"wp","href":"https:\/\/api.w.org\/{rel}","templated":true}]}}