{"id":23499,"date":"2014-03-06T10:19:06","date_gmt":"2014-03-06T07:19:06","guid":{"rendered":"https:\/\/www.enerjigazetesi.ist\/?p=23499"},"modified":"2014-03-06T10:19:06","modified_gmt":"2014-03-06T07:19:06","slug":"iran-turkiye-tahkimden-vazgecmezse-gaz-miktarini-artirmayiz","status":"publish","type":"post","link":"https:\/\/www.enerjigazetesi.ist\/en\/iran-turkiye-tahkimden-vazgecmezse-gaz-miktarini-artirmayiz\/","title":{"rendered":"(Turkish) \u0130ran: \u2018T\u00fcrkiye Tahkimden Vazge\u00e7mezse, Gaz Miktar\u0131n\u0131 Art\u0131rmay\u0131z!\u2019"},"content":{"rendered":"<p class=\"qtranxs-available-languages-message qtranxs-available-languages-message-en\">Sorry, this entry is only available in <a href=\"https:\/\/www.enerjigazetesi.ist\/tr\/wp-json\/wp\/v2\/posts\/23499\" class=\"qtranxs-available-language-link qtranxs-available-language-link-tr\" title=\"Turkish\">Turkish<\/a>. For the sake of viewer convenience, the content is shown below in the alternative language. You may click the link to switch the active language.<\/p><p><strong>\u0130ran, T\u00fcrkiye\u2019nin do\u011falgaz fiyat\u0131 konusunda uluslar aras\u0131 tahkimden vazge\u00e7memesi halinde verilen do\u011falgaz miktar\u0131n\u0131n art\u0131r\u0131lmayaca\u011f\u0131n\u0131 bildirdi. Ad\u0131 a\u00e7\u0131klanmayan \u00fcst d\u00fczey bir \u0130ranl\u0131 yetkili, T\u00fcrki<a href=\"https:\/\/www.enerjigazetesi.ist\/wp-content\/uploads\/2014\/03\/iran-turkiye-tahkimden-vazgecmezse-gaz-miktarini-artirmayiz.jpg\"><img loading=\"lazy\" class=\"alignright size-medium wp-image-23500\" title=\"iran-turkiye-tahkimden-vazgecmezse-gaz-miktarini-artirmayiz\" src=\"https:\/\/www.enerjigazetesi.ist\/wp-content\/uploads\/2014\/03\/iran-turkiye-tahkimden-vazgecmezse-gaz-miktarini-artirmayiz-300x206.jpg\" alt=\"\" width=\"300\" height=\"206\" srcset=\"https:\/\/www.enerjigazetesi.ist\/wp-content\/uploads\/2014\/03\/iran-turkiye-tahkimden-vazgecmezse-gaz-miktarini-artirmayiz-300x206.jpg 300w, https:\/\/www.enerjigazetesi.ist\/wp-content\/uploads\/2014\/03\/iran-turkiye-tahkimden-vazgecmezse-gaz-miktarini-artirmayiz-72x50.jpg 72w, https:\/\/www.enerjigazetesi.ist\/wp-content\/uploads\/2014\/03\/iran-turkiye-tahkimden-vazgecmezse-gaz-miktarini-artirmayiz.jpg 463w\" sizes=\"(max-width: 300px) 100vw, 300px\" \/><\/a>ye\u2019ye verilen do\u011falgaz miktar\u0131n\u0131n art\u0131r\u0131lmas\u0131n\u0131n \u00f6n \u015fart\u0131n\u0131n Ankara\u2019n\u0131n fiyat anla\u015fmazl\u0131\u011f\u0131 konusunda tahkimden vazge\u00e7mesi oldu\u011funu s\u00f6yledi.<\/strong><\/p>\n<p>Yetkili, Fars Haber Ajans\u0131\u2019na \u201c\u0130ki \u00fclkenin enerji yetkilileri aras\u0131nda s\u00fcren g\u00f6r\u00fc\u015fmelerde Ankara \u0130ran\u2019dan ald\u0131\u011f\u0131 do\u011falgaz\u0131n fiyat\u0131n\u0131 d\u00fc\u015f\u00fcrmek istiyor, Tahranise T\u00fcrkiye\u2019ye satt\u0131\u011f\u0131 do\u011falgaz miktar\u0131n\u0131 art\u0131rmaktan yana. Nitekim Assaluye enerji sahas\u0131ndaki yeni gaz fazlar\u0131n\u0131n faaliyete ge\u00e7mesiyle T\u00fcrkiye\u2019ye verilen miktar\u0131 art\u0131rabilecek durumday\u0131z. Ancak bunun i\u00e7in \u00f6nce T\u00fcrkiye\u2019nin uluslar aras\u0131 tahkimden vazge\u00e7mesi laz\u0131m\u201d dedi.<\/p>\n<p>T\u00fcrkiye bir yandan \u0130ran\u2019dan ald\u0131\u011f\u0131 do\u011falgaz\u0131n fiyat\u0131n\u0131n b\u00f6lgesel rayi\u00e7 fiyat ortalamas\u0131ndan y\u00fcksek oldu\u011funu belirterek fiyat\u0131n d\u00fc\u015f\u00fcr\u00fclmesini istiyor. Di\u011fer yandan da, \u0130ran\u2019\u0131n k\u0131\u015f aylar\u0131nda vermeyi taahh\u00fct etti\u011fi gaz\u0131n y\u00fczde 25\u2032ini vermedi\u011fini belirterek \u0130ran\u2019dan 2- 2.5 milyar dolar aras\u0131nda tazminat talep ediyor.<\/p>\n<p>Kaynak: <a href=\"http:\/\/www.timeturk.com\/tr\/2014\/03\/05\/iran-dan-turkiye-ye-gaz-resti.html#.Uxgjr8k5ldh\" target=\"_blank\">timeturk<\/a><\/p>","protected":false},"excerpt":{"rendered":"<p>Sorry, this entry is only available in Turkish. For the sake of viewer convenience, the content is shown below in the alternative language. You may click the link to switch the active language.\u0130ran, T\u00fcrkiye\u2019nin do\u011falgaz fiyat\u0131 konusunda uluslar aras\u0131 tahkimden vazge\u00e7memesi halinde verilen do\u011falgaz miktar\u0131n\u0131n art\u0131r\u0131lmayaca\u011f\u0131n\u0131 bildirdi. Ad\u0131 a\u00e7\u0131klanmayan \u00fcst d\u00fczey bir \u0130ranl\u0131 yetkili, T\u00fcrkiye\u2019ye [&hellip;]<\/p>\n","protected":false},"author":1,"featured_media":23500,"comment_status":"open","ping_status":"open","sticky":false,"template":"","format":"standard","meta":[],"categories":[46,53],"tags":[92,226,9302,13287,63,67,1009,165,1333,13286,846],"views":581,"_links":{"self":[{"href":"https:\/\/www.enerjigazetesi.ist\/en\/wp-json\/wp\/v2\/posts\/23499"}],"collection":[{"href":"https:\/\/www.enerjigazetesi.ist\/en\/wp-json\/wp\/v2\/posts"}],"about":[{"href":"https:\/\/www.enerjigazetesi.ist\/en\/wp-json\/wp\/v2\/types\/post"}],"author":[{"embeddable":true,"href":"https:\/\/www.enerjigazetesi.ist\/en\/wp-json\/wp\/v2\/users\/1"}],"replies":[{"embeddable":true,"href":"https:\/\/www.enerjigazetesi.ist\/en\/wp-json\/wp\/v2\/comments?post=23499"}],"version-history":[{"count":2,"href":"https:\/\/www.enerjigazetesi.ist\/en\/wp-json\/wp\/v2\/posts\/23499\/revisions"}],"predecessor-version":[{"id":23502,"href":"https:\/\/www.enerjigazetesi.ist\/en\/wp-json\/wp\/v2\/posts\/23499\/revisions\/23502"}],"wp:featuredmedia":[{"embeddable":true,"href":"https:\/\/www.enerjigazetesi.ist\/en\/wp-json\/wp\/v2\/media\/23500"}],"wp:attachment":[{"href":"https:\/\/www.enerjigazetesi.ist\/en\/wp-json\/wp\/v2\/media?parent=23499"}],"wp:term":[{"taxonomy":"category","embeddable":true,"href":"https:\/\/www.enerjigazetesi.ist\/en\/wp-json\/wp\/v2\/categories?post=23499"},{"taxonomy":"post_tag","embeddable":true,"href":"https:\/\/www.enerjigazetesi.ist\/en\/wp-json\/wp\/v2\/tags?post=23499"}],"curies":[{"name":"wp","href":"https:\/\/api.w.org\/{rel}","templated":true}]}}