{"id":23452,"date":"2014-03-05T10:44:21","date_gmt":"2014-03-05T07:44:21","guid":{"rendered":"https:\/\/www.enerjigazetesi.ist\/?p=23452"},"modified":"2014-03-05T10:44:21","modified_gmt":"2014-03-05T07:44:21","slug":"yildizdan-dogalgaz-satiminda-ankaralilara-uygulanan-kotaya-iliskin-yanit","status":"publish","type":"post","link":"https:\/\/www.enerjigazetesi.ist\/en\/yildizdan-dogalgaz-satiminda-ankaralilara-uygulanan-kotaya-iliskin-yanit\/","title":{"rendered":"(Turkish) Y\u0131ld\u0131z&#8217;dan, Do\u011falgaz Sat\u0131m\u0131nda Uygulanan Kotaya \u0130li\u015fkin Yan\u0131t!"},"content":{"rendered":"<p class=\"qtranxs-available-languages-message qtranxs-available-languages-message-en\">Sorry, this entry is only available in <a href=\"https:\/\/www.enerjigazetesi.ist\/tr\/wp-json\/wp\/v2\/posts\/23452\" class=\"qtranxs-available-language-link qtranxs-available-language-link-tr\" title=\"Turkish\">Turkish<\/a>. For the sake of viewer convenience, the content is shown below in the alternative language. You may click the link to switch the active language.<\/p><p><strong>CHP Ankara Milletvekili Levent G\u00f6k\u2019\u00fcn do\u011falgaz sat\u0131m\u0131nda Ankaral\u0131lara uygulanan kotaya ili\u015fkin soru \u00f6nergesini yan\u0131tlayan Enerji ve Tabii Kaynaklar Bakan\u0131 Taner Y\u0131ld\u0131z, \u201c\u0130l baz\u0131nda veya t\u00fcketici baz\u0131nda sabit bir limit s\u00f6z konusu de\u011fildir\u201d dedi.<\/strong><\/p>\n<p>CHP\u2019li G\u00f6k, \u201cAnkaral\u0131lara kota uygulayan \u015firket bu yetkiyi nereden alm\u0131\u015ft\u0131r? \u015eirketin bu keyfi davran\u0131\u015f\u0131n\u0131 \u00f6nlemek i\u00e7in ne yapmay\u0131 d\u00fc\u015f\u00fcn\u00fcyorsunuz? \u015eirketin keyfi olarak uygulad\u0131\u011f\u0131 kota uygulamas\u0131 ve skandal niteli\u011findeki arsa<a href=\"https:\/\/www.enerjigazetesi.ist\/wp-content\/uploads\/2014\/03\/yildizdan-dogalgaz-satiminda-ankaralilara-uygulanan-kotaya-iliskin-yanit.jpg\"><img loading=\"lazy\" class=\"alignright size-medium wp-image-23453\" title=\"yildizdan-dogalgaz-satiminda-ankaralilara-uygulanan-kotaya-iliskin-yanit\" src=\"https:\/\/www.enerjigazetesi.ist\/wp-content\/uploads\/2014\/03\/yildizdan-dogalgaz-satiminda-ankaralilara-uygulanan-kotaya-iliskin-yanit-300x204.jpg\" alt=\"\" width=\"300\" height=\"204\" srcset=\"https:\/\/www.enerjigazetesi.ist\/wp-content\/uploads\/2014\/03\/yildizdan-dogalgaz-satiminda-ankaralilara-uygulanan-kotaya-iliskin-yanit-300x204.jpg 300w, https:\/\/www.enerjigazetesi.ist\/wp-content\/uploads\/2014\/03\/yildizdan-dogalgaz-satiminda-ankaralilara-uygulanan-kotaya-iliskin-yanit-500x341.jpg 500w, https:\/\/www.enerjigazetesi.ist\/wp-content\/uploads\/2014\/03\/yildizdan-dogalgaz-satiminda-ankaralilara-uygulanan-kotaya-iliskin-yanit-73x50.jpg 73w, https:\/\/www.enerjigazetesi.ist\/wp-content\/uploads\/2014\/03\/yildizdan-dogalgaz-satiminda-ankaralilara-uygulanan-kotaya-iliskin-yanit.jpg 505w\" sizes=\"(max-width: 300px) 100vw, 300px\" \/><\/a> ve binalar\u0131n devri ve B\u00fcy\u00fck\u015fehir Belediye Ba\u015fkan\u0131n\u0131n a\u00e7\u0131klamas\u0131n\u0131 birlikte de\u011ferlendirdi\u011finizde BA\u015eKENT GAZ\u2019\u0131n devrine ili\u015fkin i\u015flemi iptal etmek i\u00e7in yasal bir s\u00fcre\u00e7 ba\u015flatacak m\u0131s\u0131n\u0131z?\u201d diye sordu.<\/p>\n<p>Soru \u00f6nergesini yan\u0131tlayan Enerji Bakan\u0131, s\u00f6z konusu uygulaman\u0131n, Do\u011fal Gaz Piyasas\u0131 Da\u011f\u0131t\u0131m ve M\u00fc\u015fteri Hizmetleri Y\u00f6netmeli\u011fi\u2019nin \u201cSaya\u00e7, \u00d6l\u00e7\u00fcm ve M\u00fc\u015fteri \u015eik\u00e2yetleri\u201d ba\u015fl\u0131kl\u0131 40\u2032\u0131nc\u0131 maddesinde; \u201cDa\u011f\u0131t\u0131m \u015firketi, \u00f6n \u00f6demeli saya\u00e7 kullanan m\u00fc\u015fterilere, benzer m\u00fc\u015fterilerin son iki y\u0131l\u0131n ayn\u0131 \u00e7eyrek d\u00f6nemlerine rastlayan do\u011fal gaz kullan\u0131m miktarlar\u0131n\u0131n ortalamas\u0131n\u0131 esas alarak, bir ay i\u00e7erisinde, en fazla ortalama iki ayl\u0131k do\u011fal gaz t\u00fcketim miktar\u0131 kadar do\u011fal gaz sat\u0131\u015f\u0131 yapabilir\u201d h\u00fckm\u00fc \u00e7er\u00e7evesinde ger\u00e7ekle\u015ftirildi\u011fini ifade etti.<\/p>\n<p>Bu kapsamda, \u00f6n \u00f6demeli saya\u00e7 kullanan bir t\u00fcketicinin bir ay i\u00e7inde sat\u0131n alabilece\u011fi t\u00fcketim miktar\u0131n\u0131n ayn\u0131 ilde kendiyle benzer m\u00fc\u015fterilerin (\u00f6rne\u011fin bahse konu t\u00fcketici konut ise, t\u00fcm konutlar\u0131n) ayn\u0131 \u00e7eyrek d\u00f6nemdeki do\u011fal gaz kullan\u0131m miktarlar\u0131n\u0131n ortalamas\u0131 al\u0131narak bulunan iki ayl\u0131k t\u00fcketim miktar\u0131 oldu\u011funu belirten Enerji ve Tabii Kaynaklar Bakan\u0131, \u015f\u00f6yle dedi:<\/p>\n<p><strong>\u201cDolay\u0131s\u0131yla il baz\u0131nda veya t\u00fcketici baz\u0131nda sabit bir limit s\u00f6z konusu de\u011fildir.<\/strong><\/p>\n<p>Bu d\u00fczenlemenin ama\u00e7lar\u0131; fiili t\u00fcketimi yans\u0131tmayan \u00f6n \u00f6demeli saya\u00e7larda adil faturaland\u0131rman\u0131n sa\u011flanmas\u0131; do\u011fal gaz fiyat art\u0131\u015flar\u0131 \u00f6ncesi spek\u00fclatif do\u011fal gaz al\u0131m\u0131n\u0131n s\u0131n\u0131rland\u0131r\u0131lmas\u0131 ve abonelerin finansal getiri elde etme istekleri do\u011frultusunda sistemi spek\u00fclatif bir yat\u0131r\u0131m arac\u0131 olarak kullanmalar\u0131n\u0131n \u00f6nlenmesi; gerek K fakt\u00f6r\u00fc d\u00fczeltmesi gerekse kalorifik d\u00fczeltmenin karta y\u00fckleme an\u0131nda yap\u0131lmas\u0131 nedeniyle sistemde gerek balans gerekse do\u011fru de\u011ferler ile t\u00fcketimin olu\u015fmamas\u0131 sorununun \u00e7\u00f6z\u00fcmlenmesi ve dolay\u0131s\u0131yla \u00f6n \u00f6demeli saya\u00e7lar\u0131n piyasa oyuncular\u0131na getirdi\u011fi, piyasan\u0131n i\u015fleyi\u015fini bozabilecek, s\u00f6z konusu mali risklerin en aza indirilmesidir.\u201d<\/p>\n<p>Kaynak: <a href=\"http:\/\/www.sondakika.com\/haber\/haber-enerji-bakani-ndan-kota-aciklamasi-5743795\/\" target=\"_blank\">Son Dakika<\/a><\/p>","protected":false},"excerpt":{"rendered":"<p>Sorry, this entry is only available in Turkish. For the sake of viewer convenience, the content is shown below in the alternative language. You may click the link to switch the active language.CHP Ankara Milletvekili Levent G\u00f6k\u2019\u00fcn do\u011falgaz sat\u0131m\u0131nda Ankaral\u0131lara uygulanan kotaya ili\u015fkin soru \u00f6nergesini yan\u0131tlayan Enerji ve Tabii Kaynaklar Bakan\u0131 Taner Y\u0131ld\u0131z, \u201c\u0130l baz\u0131nda [&hellip;]<\/p>\n","protected":false},"author":1,"featured_media":23453,"comment_status":"open","ping_status":"open","sticky":false,"template":"","format":"standard","meta":[],"categories":[46,53],"tags":[13266,710,92,226,63,67,1009,165,13267,13264,13265,667],"views":602,"_links":{"self":[{"href":"https:\/\/www.enerjigazetesi.ist\/en\/wp-json\/wp\/v2\/posts\/23452"}],"collection":[{"href":"https:\/\/www.enerjigazetesi.ist\/en\/wp-json\/wp\/v2\/posts"}],"about":[{"href":"https:\/\/www.enerjigazetesi.ist\/en\/wp-json\/wp\/v2\/types\/post"}],"author":[{"embeddable":true,"href":"https:\/\/www.enerjigazetesi.ist\/en\/wp-json\/wp\/v2\/users\/1"}],"replies":[{"embeddable":true,"href":"https:\/\/www.enerjigazetesi.ist\/en\/wp-json\/wp\/v2\/comments?post=23452"}],"version-history":[{"count":1,"href":"https:\/\/www.enerjigazetesi.ist\/en\/wp-json\/wp\/v2\/posts\/23452\/revisions"}],"predecessor-version":[{"id":23454,"href":"https:\/\/www.enerjigazetesi.ist\/en\/wp-json\/wp\/v2\/posts\/23452\/revisions\/23454"}],"wp:featuredmedia":[{"embeddable":true,"href":"https:\/\/www.enerjigazetesi.ist\/en\/wp-json\/wp\/v2\/media\/23453"}],"wp:attachment":[{"href":"https:\/\/www.enerjigazetesi.ist\/en\/wp-json\/wp\/v2\/media?parent=23452"}],"wp:term":[{"taxonomy":"category","embeddable":true,"href":"https:\/\/www.enerjigazetesi.ist\/en\/wp-json\/wp\/v2\/categories?post=23452"},{"taxonomy":"post_tag","embeddable":true,"href":"https:\/\/www.enerjigazetesi.ist\/en\/wp-json\/wp\/v2\/tags?post=23452"}],"curies":[{"name":"wp","href":"https:\/\/api.w.org\/{rel}","templated":true}]}}