{"id":23384,"date":"2014-03-03T17:19:24","date_gmt":"2014-03-03T14:19:24","guid":{"rendered":"https:\/\/www.enerjigazetesi.ist\/?p=23384"},"modified":"2014-03-03T17:19:24","modified_gmt":"2014-03-03T14:19:24","slug":"elektrik-faturasinin-yuzde-9-2%e2%80%b2si-kayip-kacaktan","status":"publish","type":"post","link":"https:\/\/www.enerjigazetesi.ist\/en\/elektrik-faturasinin-yuzde-9-2%e2%80%b2si-kayip-kacaktan\/","title":{"rendered":"(Turkish) Elektrik Faturas\u0131n\u0131n Y\u00fczde 9.2\u2032si Kay\u0131p-Ka\u00e7aktan&#8230;"},"content":{"rendered":"<p class=\"qtranxs-available-languages-message qtranxs-available-languages-message-en\">Sorry, this entry is only available in <a href=\"https:\/\/www.enerjigazetesi.ist\/tr\/wp-json\/wp\/v2\/posts\/23384\" class=\"qtranxs-available-language-link qtranxs-available-language-link-tr\" title=\"Turkish\">Turkish<\/a>. For the sake of viewer convenience, the content is shown below in the alternative language. You may click the link to switch the active language.<\/p><p><strong>Enerji Bakan\u0131 Taner Y\u0131ld\u0131z, elektrik faturas\u0131ndaki 9 kaleme a\u00e7\u0131kl\u0131k getirdi.Y\u0131ld\u0131z\u2019\u0131n verdi\u011fi bilgi<a href=\"https:\/\/www.enerjigazetesi.ist\/wp-content\/uploads\/2013\/02\/elektrik-faturasi111-505x290.jpg\"><img loading=\"lazy\" class=\"alignright size-medium wp-image-7160\" title=\"elektrik-faturas\u0131\" src=\"https:\/\/www.enerjigazetesi.ist\/wp-content\/uploads\/2013\/02\/elektrik-faturasi111-505x290-300x172.jpg\" alt=\"\" width=\"300\" height=\"172\" srcset=\"https:\/\/www.enerjigazetesi.ist\/wp-content\/uploads\/2013\/02\/elektrik-faturasi111-505x290-300x172.jpg 300w, https:\/\/www.enerjigazetesi.ist\/wp-content\/uploads\/2013\/02\/elektrik-faturasi111-505x290-500x287.jpg 500w, https:\/\/www.enerjigazetesi.ist\/wp-content\/uploads\/2013\/02\/elektrik-faturasi111-505x290-80x45.jpg 80w, https:\/\/www.enerjigazetesi.ist\/wp-content\/uploads\/2013\/02\/elektrik-faturasi111-505x290.jpg 505w\" sizes=\"(max-width: 300px) 100vw, 300px\" \/><\/a>ye g\u00f6re, evde kullan\u0131lan elektrik i\u00e7in gelen faturan\u0131n y\u00fczde 57.6\u2032s\u0131 enerji bedeli.<\/strong><\/p>\n<p>Vatanda\u015f, y\u00fczde 9.2 kay\u0131p enerji bedeli, y\u00fczde 7.8 da\u011f\u0131t\u0131m sistem kullan\u0131m bedeli, y\u00fczde 2.2 perakende sat\u0131\u015f hizmeti bedeli-saya\u00e7 okuma, y\u00fczde 2.4 iletim sistem kullan\u0131m bedeli, y\u00fczde 0.7 enerji fonu, y\u00fczde 1.4 TRT pay\u0131, y\u00fczde 3.4 elektrik t\u00fcketim vergisi ve y\u00fczde 15.3 KDV \u00f6d\u00fcyor.<\/p>\n<p>Y\u0131ld\u0131z, faturaya yans\u0131yan y\u00fczde 9.2\u2032lik kay\u0131p enerji bedelinin da\u011f\u0131t\u0131m \u015firketleri taraf\u0131ndan kay\u0131p hedefleri dikkate al\u0131narak belirlendi\u011fini kaydetti.<\/p>\n<p>Kaynak: <a href=\"http:\/\/www.takvim.com.tr\/Ekonomi\/2014\/03\/03\/faturanin-92si-kacaktan\" target=\"_blank\">Takvim<\/a><\/p>","protected":false},"excerpt":{"rendered":"<p>Sorry, this entry is only available in Turkish. For the sake of viewer convenience, the content is shown below in the alternative language. You may click the link to switch the active language.Enerji Bakan\u0131 Taner Y\u0131ld\u0131z, elektrik faturas\u0131ndaki 9 kaleme a\u00e7\u0131kl\u0131k getirdi.Y\u0131ld\u0131z\u2019\u0131n verdi\u011fi bilgiye g\u00f6re, evde kullan\u0131lan elektrik i\u00e7in gelen faturan\u0131n y\u00fczde 57.6\u2032s\u0131 enerji bedeli. [&hellip;]<\/p>\n","protected":false},"author":1,"featured_media":7160,"comment_status":"open","ping_status":"open","sticky":false,"template":"","format":"standard","meta":[],"categories":[51,53],"tags":[710,68,61,1229,63,67,1009,165,498,667],"views":687,"_links":{"self":[{"href":"https:\/\/www.enerjigazetesi.ist\/en\/wp-json\/wp\/v2\/posts\/23384"}],"collection":[{"href":"https:\/\/www.enerjigazetesi.ist\/en\/wp-json\/wp\/v2\/posts"}],"about":[{"href":"https:\/\/www.enerjigazetesi.ist\/en\/wp-json\/wp\/v2\/types\/post"}],"author":[{"embeddable":true,"href":"https:\/\/www.enerjigazetesi.ist\/en\/wp-json\/wp\/v2\/users\/1"}],"replies":[{"embeddable":true,"href":"https:\/\/www.enerjigazetesi.ist\/en\/wp-json\/wp\/v2\/comments?post=23384"}],"version-history":[{"count":2,"href":"https:\/\/www.enerjigazetesi.ist\/en\/wp-json\/wp\/v2\/posts\/23384\/revisions"}],"predecessor-version":[{"id":23386,"href":"https:\/\/www.enerjigazetesi.ist\/en\/wp-json\/wp\/v2\/posts\/23384\/revisions\/23386"}],"wp:featuredmedia":[{"embeddable":true,"href":"https:\/\/www.enerjigazetesi.ist\/en\/wp-json\/wp\/v2\/media\/7160"}],"wp:attachment":[{"href":"https:\/\/www.enerjigazetesi.ist\/en\/wp-json\/wp\/v2\/media?parent=23384"}],"wp:term":[{"taxonomy":"category","embeddable":true,"href":"https:\/\/www.enerjigazetesi.ist\/en\/wp-json\/wp\/v2\/categories?post=23384"},{"taxonomy":"post_tag","embeddable":true,"href":"https:\/\/www.enerjigazetesi.ist\/en\/wp-json\/wp\/v2\/tags?post=23384"}],"curies":[{"name":"wp","href":"https:\/\/api.w.org\/{rel}","templated":true}]}}