{"id":23325,"date":"2014-03-02T19:38:46","date_gmt":"2014-03-02T16:38:46","guid":{"rendered":"https:\/\/www.enerjigazetesi.ist\/?p=23325"},"modified":"2014-03-02T19:38:46","modified_gmt":"2014-03-02T16:38:46","slug":"bakan-yildiz-dogalgazda-gizli-zam-mi-var-sorusunun-cevabini-verdi","status":"publish","type":"post","link":"https:\/\/www.enerjigazetesi.ist\/en\/bakan-yildiz-dogalgazda-gizli-zam-mi-var-sorusunun-cevabini-verdi\/","title":{"rendered":"(Turkish) Bakan Y\u0131ld\u0131z \u201cDo\u011falgazda Gizli Zam m\u0131 Var?\u201d Sorusunun Cevab\u0131n\u0131 Verdi&#8230;"},"content":{"rendered":"<p class=\"qtranxs-available-languages-message qtranxs-available-languages-message-en\">Sorry, this entry is only available in <a href=\"https:\/\/www.enerjigazetesi.ist\/tr\/wp-json\/wp\/v2\/posts\/23325\" class=\"qtranxs-available-language-link qtranxs-available-language-link-tr\" title=\"Turkish\">Turkish<\/a>. For the sake of viewer convenience, the content is shown below in the alternative language. You may click the link to switch the active language.<\/p><p><strong>Enerji ve Tabii Kaynaklar Bakan\u0131 Taner Y\u0131ld\u0131z, bir s\u00fcredir g\u00fcndemde olan \u201cdo\u011falgazda gizli zam m\u0131 var?\u201d sorusunun cevab\u0131n\u0131 verdi. Y\u0131ld\u0131z, CHP \u0130stanbul Milletvekili Umut Oran\u2019\u0131n yaz\u0131l\u0131 soru \u00f6nergesine verdi\u011fi yan\u0131tta, kanun ile dolar baz\u0131nda olu\u015fturulan bedellerin, her ay kurdaki de\u011fi\u015fimler \u00e7er\u00e7evesinde yeniden belirlendi\u011fini s\u00f6yledi. Bakan Y\u0131ld\u0131z, \u201cBirden fazla ay\u0131 ilgilendiren faturalar\u0131n birim fiyatlar\u0131nda g\u00f6r\u00fclen farkl\u0131l\u0131k, sadece da\u011f\u0131t\u0131m bedellerinin dolar kuru ve enflasyon endeksindeki de\u011fi\u015fim ile ayl\u0131k bazda g\u00fcncellenmesinden kaynaklanmaktad\u0131r\u201d dedi.<\/strong><\/p>\n<h2>Kur belirleyici<\/h2>\n<p>Oran, Y\u0131ld\u0131z\u2019a, do\u011falgaza 1 Ocak 2014 tari<a href=\"https:\/\/www.enerjigazetesi.ist\/wp-content\/uploads\/2013\/12\/rus-dogalgazina-gelen-indirim-tuketiciye-yansimayacak.jpg\"><img loading=\"lazy\" class=\"alignleft size-medium wp-image-20198\" title=\"do\u011falgaz-enerjisi\" src=\"https:\/\/www.enerjigazetesi.ist\/wp-content\/uploads\/2013\/12\/rus-dogalgazina-gelen-indirim-tuketiciye-yansimayacak-300x203.jpg\" alt=\"\" width=\"300\" height=\"203\" srcset=\"https:\/\/www.enerjigazetesi.ist\/wp-content\/uploads\/2013\/12\/rus-dogalgazina-gelen-indirim-tuketiciye-yansimayacak-300x203.jpg 300w, https:\/\/www.enerjigazetesi.ist\/wp-content\/uploads\/2013\/12\/rus-dogalgazina-gelen-indirim-tuketiciye-yansimayacak-73x50.jpg 73w, https:\/\/www.enerjigazetesi.ist\/wp-content\/uploads\/2013\/12\/rus-dogalgazina-gelen-indirim-tuketiciye-yansimayacak.jpg 412w\" sizes=\"(max-width: 300px) 100vw, 300px\" \/><\/a>hinden ge\u00e7erli olmak \u00fczere gizli zam yap\u0131l\u0131p yap\u0131lmad\u0131\u011f\u0131n\u0131 sormu\u015ftu. Oran, soru \u00f6nergesinde \u201c Ankara \u2019da Ba\u015fkent gaz\u2019\u0131n 6 Ocak 2014 tarihinde saya\u00e7lar\u0131 okuyarak kesti\u011fi faturalarda 19 g\u00fcn i\u00e7in 0,08580771 TL\/kWh birim fiyat\u0131 belirlemesine ra\u011fmen son 5 g\u00fcnl\u00fck d\u00f6nem i\u00e7in 0,08590376 TL\/kWh\u2019l\u0131k birim fiyat\u0131 belirlemesinin gerek\u00e7esi nedir?\u201d sorusunu y\u00f6neltti.<\/p>\n<p>Y\u0131ld\u0131z verdi\u011fi yan\u0131tta, Ba\u015fkentgaz\u2019\u0131n \u00f6zelle\u015ftirilmesine ili\u015fkin ilk ad\u0131m\u0131n 2007\u2019de y\u00fcr\u00fcrl\u00fc\u011fe giren 5669 say\u0131l\u0131 yasa ile 4646 say\u0131l\u0131 yasada yap\u0131lan de\u011fi\u015fiklik oldu\u011funu belirterek, bu d\u00fczenlemelerle ileriye y\u00f6nelik belirsizlikleri ortadan kald\u0131rmak amac\u0131yla \u015firketin tarifelerine ili\u015fkin d\u00fczenlemenin yap\u0131ld\u0131\u011f\u0131n\u0131 belirttti.<\/p>\n<p>Kanunun ge\u00e7ici 3. maddesinde ger\u00e7ekle\u015ftirilen de\u011fi\u015fiklik ile \u015firketin uygulayaca\u011f\u0131 sistem kullan\u0131m bedellerinin lisans alma tarihi olan 31 A\u011fustos 2007\u2019den itibaren 10 y\u0131l boyunca sabit olarak belirlendi\u011fini anlatan Y\u0131ld\u0131z, \u201cBuna g\u00f6re aboneler i\u00e7in sistem kullan\u0131m bedeli (Birim Hizmet Amortisman Bedeli) 0,05555 ABD dolar\/metrek\u00fcp kar\u015f\u0131l\u0131\u011f\u0131 TL ve serbest t\u00fcketiciler i\u00e7in sistem kullan\u0131m bedeli (Ta\u015f\u0131ma Bedeli) 0,0077 ABD Dolar\/metrek\u00fcp kar\u015f\u0131l\u0131\u011f\u0131 TL olarak uygulanmaktad\u0131r\u201d dedi.<\/p>\n<p>Yap\u0131lan yasal de\u011fi\u015fikliklerle Ba\u015fkentgaz\u2019\u0131n sistem kullan\u0131m bedellerinin sabit kalma s\u00fcresinin de\u011fi\u015ftirildi\u011fini kaydeden Y\u0131ld\u0131z, daha \u00f6nce lisans alma tarihinden itibaren 10 y\u0131l olarak belirlenen s\u00fcrenin \u00f6zelle\u015ftirme tarihinden itibaren 8 y\u0131l boyunca uygulanmaya devam edecek \u015fekilde d\u00fczenlendi\u011fini ifade etti.<\/p>\n<p><strong>Haberin <a href=\"http:\/\/www.radikal.com.tr\/ekonomi\/dogalgazda_gizli_zammin_faili_kur-1178519\" target=\"_blank\">Devam\u0131 \u0130\u00e7in TIKLAYIN&gt;&gt;<\/a><\/strong><\/p>\n<p>Kaynak: Radikal<\/p>","protected":false},"excerpt":{"rendered":"<p>Sorry, this entry is only available in Turkish. For the sake of viewer convenience, the content is shown below in the alternative language. You may click the link to switch the active language.Enerji ve Tabii Kaynaklar Bakan\u0131 Taner Y\u0131ld\u0131z, bir s\u00fcredir g\u00fcndemde olan \u201cdo\u011falgazda gizli zam m\u0131 var?\u201d sorusunun cevab\u0131n\u0131 verdi. Y\u0131ld\u0131z, CHP \u0130stanbul Milletvekili [&hellip;]<\/p>\n","protected":false},"author":1,"featured_media":20198,"comment_status":"open","ping_status":"open","sticky":false,"template":"","format":"standard","meta":[],"categories":[46,53],"tags":[710,92,226,13197,63,67,1009,165,667],"views":644,"_links":{"self":[{"href":"https:\/\/www.enerjigazetesi.ist\/en\/wp-json\/wp\/v2\/posts\/23325"}],"collection":[{"href":"https:\/\/www.enerjigazetesi.ist\/en\/wp-json\/wp\/v2\/posts"}],"about":[{"href":"https:\/\/www.enerjigazetesi.ist\/en\/wp-json\/wp\/v2\/types\/post"}],"author":[{"embeddable":true,"href":"https:\/\/www.enerjigazetesi.ist\/en\/wp-json\/wp\/v2\/users\/1"}],"replies":[{"embeddable":true,"href":"https:\/\/www.enerjigazetesi.ist\/en\/wp-json\/wp\/v2\/comments?post=23325"}],"version-history":[{"count":2,"href":"https:\/\/www.enerjigazetesi.ist\/en\/wp-json\/wp\/v2\/posts\/23325\/revisions"}],"predecessor-version":[{"id":23327,"href":"https:\/\/www.enerjigazetesi.ist\/en\/wp-json\/wp\/v2\/posts\/23325\/revisions\/23327"}],"wp:featuredmedia":[{"embeddable":true,"href":"https:\/\/www.enerjigazetesi.ist\/en\/wp-json\/wp\/v2\/media\/20198"}],"wp:attachment":[{"href":"https:\/\/www.enerjigazetesi.ist\/en\/wp-json\/wp\/v2\/media?parent=23325"}],"wp:term":[{"taxonomy":"category","embeddable":true,"href":"https:\/\/www.enerjigazetesi.ist\/en\/wp-json\/wp\/v2\/categories?post=23325"},{"taxonomy":"post_tag","embeddable":true,"href":"https:\/\/www.enerjigazetesi.ist\/en\/wp-json\/wp\/v2\/tags?post=23325"}],"curies":[{"name":"wp","href":"https:\/\/api.w.org\/{rel}","templated":true}]}}