{"id":23312,"date":"2014-03-02T18:04:53","date_gmt":"2014-03-02T15:04:53","guid":{"rendered":"https:\/\/www.enerjigazetesi.ist\/?p=23312"},"modified":"2014-03-02T18:05:35","modified_gmt":"2014-03-02T15:05:35","slug":"almanya-enerji-subvansiyonlari-konusunda-abyi-mahkemeye-verdi","status":"publish","type":"post","link":"https:\/\/www.enerjigazetesi.ist\/en\/almanya-enerji-subvansiyonlari-konusunda-abyi-mahkemeye-verdi\/","title":{"rendered":"(Turkish) Almanya, Enerji S\u00fcbvansiyonlar\u0131 Konusunda AB\u2019yi Mahkemeye Verdi!"},"content":{"rendered":"<p class=\"qtranxs-available-languages-message qtranxs-available-languages-message-en\">Sorry, this entry is only available in <a href=\"https:\/\/www.enerjigazetesi.ist\/tr\/wp-json\/wp\/v2\/posts\/23312\" class=\"qtranxs-available-language-link qtranxs-available-language-link-tr\" title=\"Turkish\">Turkish<\/a>. For the sake of viewer convenience, the content is shown below in the alternative language. You may click the link to switch the active language.<\/p><p><strong>AB ile Almanya aras\u0131ndaki sanayiye \u00f6zel devlet deste\u011fi konusundaki anla\u015fmazl\u0131ktan dolay\u0131 Alman Federal Ekonomi Bakan\u0131 Sigmar Gabriel, AB\u2019ye kar\u015f\u0131 Avrupa Y\u00fcksek Mahkemesinde dava a\u00e7t\u0131. Bakanl\u0131k taraf\u0131ndan yap\u0131lan a\u00e7\u0131klamada Alman Feder<a href=\"https:\/\/www.enerjigazetesi.ist\/wp-content\/uploads\/2014\/03\/almanya-enerji-subvansiyonlari-konusunda-abyi-mahkemeye-verdi.jpg\"><img loading=\"lazy\" class=\"alignleft size-medium wp-image-23313\" title=\"almanya-enerji-subvansiyonlari-konusunda-abyi-mahkemeye-verdi\" src=\"https:\/\/www.enerjigazetesi.ist\/wp-content\/uploads\/2014\/03\/almanya-enerji-subvansiyonlari-konusunda-abyi-mahkemeye-verdi-300x208.jpg\" alt=\"\" width=\"300\" height=\"208\" srcset=\"https:\/\/www.enerjigazetesi.ist\/wp-content\/uploads\/2014\/03\/almanya-enerji-subvansiyonlari-konusunda-abyi-mahkemeye-verdi-300x208.jpg 300w, https:\/\/www.enerjigazetesi.ist\/wp-content\/uploads\/2014\/03\/almanya-enerji-subvansiyonlari-konusunda-abyi-mahkemeye-verdi-72x50.jpg 72w, https:\/\/www.enerjigazetesi.ist\/wp-content\/uploads\/2014\/03\/almanya-enerji-subvansiyonlari-konusunda-abyi-mahkemeye-verdi.jpg 392w\" sizes=\"(max-width: 300px) 100vw, 300px\" \/><\/a>al h\u00fck\u00fcmetinin hukuki pozisyonunu ortaya koymay\u0131 hedefledikleri belirtildi. Dava a\u00e7abilmek i\u00e7in tan\u0131nan s\u00fcre \u00f6n\u00fcm\u00fczdeki Pazartesi g\u00fcn\u00fc sona eriyordu.<\/strong><\/p>\n<p>Ge\u00e7en y\u0131l Aral\u0131k ay\u0131nda AB Rekabet Komiseri Joaquin Almunia, Almanya\u2019ya kar\u015f\u0131 bir dava a\u00e7arak, Federal h\u00fck\u00fcmetin sanayi sekt\u00f6r\u00fcne yapt\u0131\u011f\u0131 \u00f6zel deste\u011fin AB kurallar\u0131na uygun olup olmad\u0131\u011f\u0131n\u0131n belirlenmesini taleb etmi\u015fti.<\/p>\n<p>Almanya\u2019da yakla\u015f\u0131k 2 bin 300 \u015firket, y\u00fckselen elektrik fiyatlar\u0131ndan olumsuz etkilenmemeleri i\u00e7in devletten \u00f6zel indirim al\u0131yorlar. AB Komisyonu, bu \u00f6zel indirimin \u00e7ok fazla say\u0131da Alman \u015firketine yap\u0131lm\u0131\u015f olmas\u0131n\u0131n, di\u011fer AB \u00fclkelerindeki \u015firketlerin rekabet g\u00fcc\u00fcn\u00fc azaltt\u0131\u011f\u0131n\u0131 d\u00fc\u015f\u00fcn\u00fcyor.<\/p>\n<p>Ayr\u0131ca AB Komisyonu, Federal h\u00fck\u00fcmetin yenilenebilir enerji \u00fcreten \u015firketlere verilmek \u00fczere elektrik fiyatlar\u0131na konulan ek zamm\u0131n da bir yard\u0131m niteli\u011fi ta\u015f\u0131d\u0131\u011f\u0131n\u0131 d\u00fc\u015f\u00fcn\u00fcyor ve AB\u2019de enerjide d\u00f6n\u00fc\u015f\u00fcm\u00fcn sa\u011flanmas\u0131 i\u00e7in yap\u0131lan bu yard\u0131m i\u00e7in ge\u00e7erli kurallar\u0131n da sertle\u015ftirilmesi planlan\u0131yor.<\/p>\n<p>Kaynak: <a href=\"http:\/\/enerjienstitusu.com\/2014\/03\/01\/almanya-enerji-subvansiyonlari-konusunda-abyi-mahkemeye-verdi\/\" target=\"_blank\">Enerji Enstit\u00fcs\u00fc<\/a><\/p>","protected":false},"excerpt":{"rendered":"<p>Sorry, this entry is only available in Turkish. For the sake of viewer convenience, the content is shown below in the alternative language. You may click the link to switch the active language.AB ile Almanya aras\u0131ndaki sanayiye \u00f6zel devlet deste\u011fi konusundaki anla\u015fmazl\u0131ktan dolay\u0131 Alman Federal Ekonomi Bakan\u0131 Sigmar Gabriel, AB\u2019ye kar\u015f\u0131 Avrupa Y\u00fcksek Mahkemesinde dava [&hellip;]<\/p>\n","protected":false},"author":1,"featured_media":23313,"comment_status":"open","ping_status":"open","sticky":false,"template":"","format":"standard","meta":[],"categories":[51,53],"tags":[1192,929,63,67,1009,165,13182,13184,13183,13185],"views":892,"_links":{"self":[{"href":"https:\/\/www.enerjigazetesi.ist\/en\/wp-json\/wp\/v2\/posts\/23312"}],"collection":[{"href":"https:\/\/www.enerjigazetesi.ist\/en\/wp-json\/wp\/v2\/posts"}],"about":[{"href":"https:\/\/www.enerjigazetesi.ist\/en\/wp-json\/wp\/v2\/types\/post"}],"author":[{"embeddable":true,"href":"https:\/\/www.enerjigazetesi.ist\/en\/wp-json\/wp\/v2\/users\/1"}],"replies":[{"embeddable":true,"href":"https:\/\/www.enerjigazetesi.ist\/en\/wp-json\/wp\/v2\/comments?post=23312"}],"version-history":[{"count":2,"href":"https:\/\/www.enerjigazetesi.ist\/en\/wp-json\/wp\/v2\/posts\/23312\/revisions"}],"predecessor-version":[{"id":23315,"href":"https:\/\/www.enerjigazetesi.ist\/en\/wp-json\/wp\/v2\/posts\/23312\/revisions\/23315"}],"wp:featuredmedia":[{"embeddable":true,"href":"https:\/\/www.enerjigazetesi.ist\/en\/wp-json\/wp\/v2\/media\/23313"}],"wp:attachment":[{"href":"https:\/\/www.enerjigazetesi.ist\/en\/wp-json\/wp\/v2\/media?parent=23312"}],"wp:term":[{"taxonomy":"category","embeddable":true,"href":"https:\/\/www.enerjigazetesi.ist\/en\/wp-json\/wp\/v2\/categories?post=23312"},{"taxonomy":"post_tag","embeddable":true,"href":"https:\/\/www.enerjigazetesi.ist\/en\/wp-json\/wp\/v2\/tags?post=23312"}],"curies":[{"name":"wp","href":"https:\/\/api.w.org\/{rel}","templated":true}]}}