{"id":23257,"date":"2014-02-28T10:45:25","date_gmt":"2014-02-28T07:45:25","guid":{"rendered":"https:\/\/www.enerjigazetesi.ist\/?p=23257"},"modified":"2014-02-28T10:45:25","modified_gmt":"2014-02-28T07:45:25","slug":"iraki-turkiyenin-iddialari-bir-sonuc-vermez","status":"publish","type":"post","link":"https:\/\/www.enerjigazetesi.ist\/en\/iraki-turkiyenin-iddialari-bir-sonuc-vermez\/","title":{"rendered":"(Turkish) Iraki: T\u00fcrkiye`nin \u0130ddialar\u0131 Bir Sonu\u00e7 Vermez&#8230;"},"content":{"rendered":"<p class=\"qtranxs-available-languages-message qtranxs-available-languages-message-en\">Sorry, this entry is only available in <a href=\"https:\/\/www.enerjigazetesi.ist\/tr\/wp-json\/wp\/v2\/posts\/23257\" class=\"qtranxs-available-language-link qtranxs-available-language-link-tr\" title=\"Turkish\">Turkish<\/a>. For the sake of viewer convenience, the content is shown below in the alternative language. You may click the link to switch the active language.<\/p><p><strong>\u0130ran Petrol Bakan\u0131 yard\u0131mc\u0131s\u0131 Hamid R\u0131za Iraki T\u00fcrkiye`nin do\u011falgaz fiyatlar\u0131ndaki d\u00fc\u015f\u00fc\u015f talebinin kabul edilemez oldu\u011funu s\u00f6yledi. Iraki T\u00fcrkiye`nin Uluslararas\u0131 Tahkim Mahkemesi`ndeki iddialar\u0131n\u0131n bir sonu\u00e7 vermeyece\u011fini de ekledi. Mehr Haber Ajans\u0131\u2019na deme\u00e7 veren \u0130ran Milli Gaz \u015eirketi Genel M\u00fcd\u00fcr\u00fc ve Petrol Bakan\u0131 Yard\u0131mc\u0131s\u0131 Hamid R\u0131za Irak<a href=\"https:\/\/www.enerjigazetesi.ist\/wp-content\/uploads\/2014\/02\/iraki-turkiyenin-iddialari-bir-sonuc-vermez.jpg\"><img loading=\"lazy\" class=\"alignleft size-medium wp-image-23258\" title=\"iraki-turkiyenin-iddialari-bir-sonuc-vermez\" src=\"https:\/\/www.enerjigazetesi.ist\/wp-content\/uploads\/2014\/02\/iraki-turkiyenin-iddialari-bir-sonuc-vermez-300x227.jpg\" alt=\"\" width=\"300\" height=\"227\" srcset=\"https:\/\/www.enerjigazetesi.ist\/wp-content\/uploads\/2014\/02\/iraki-turkiyenin-iddialari-bir-sonuc-vermez-300x227.jpg 300w, https:\/\/www.enerjigazetesi.ist\/wp-content\/uploads\/2014\/02\/iraki-turkiyenin-iddialari-bir-sonuc-vermez-65x50.jpg 65w, https:\/\/www.enerjigazetesi.ist\/wp-content\/uploads\/2014\/02\/iraki-turkiyenin-iddialari-bir-sonuc-vermez.jpg 438w\" sizes=\"(max-width: 300px) 100vw, 300px\" \/><\/a>i T\u00fcrkiye`nin \u0130ran do\u011falgaz fiyatlar\u0131 konusundaki \u015fikayetleri konusunda tahkim s\u00fcrecinden \u00e7\u0131kacak karar\u0131n\u0131 kabul edeceklerini, hen\u00fcz T\u00fcrkiye`nin iddialar\u0131n\u0131n kan\u0131tlanmad\u0131\u011f\u0131n\u0131 davan\u0131n sonu\u00e7lanmas\u0131n\u0131n 3-6 haftay\u0131 bulabilece\u011fini s\u00f6yledi.<\/strong><\/p>\n<p><strong>DO\u011eALGAZ AKI\u015eI \u0130ST\u0130KRARLI<\/strong><br \/>\n\u0130ran do\u011falgaz tedari\u011finin istikrars\u0131z oldu\u011fu iddialar\u0131 konusunda da yorum yapan Iraki, T\u00fcrkiye`ye istikrarl\u0131 bir do\u011falgaz ak\u0131\u015f\u0131n\u0131 sa\u011flamak i\u00e7in boru hatt\u0131n\u0131n ta\u015f\u0131ma kapasitesini artt\u0131rmaya y\u00f6nelik milyarlarca dolarl\u0131k yat\u0131r\u0131m yap\u0131ld\u0131\u011f\u0131n\u0131 s\u00f6yledi.<\/p>\n<p><strong>F\u0130YATLAR T\u00dcRK\u0130YE`YE UYGUN DE\u011e\u0130L<\/strong><br \/>\nEnerji ve Tabii Kaynaklar Bakan\u0131 Taner Y\u0131ld\u0131z daha \u00f6nce \u0130ran taraf\u0131ndan teklif edilen do\u011falgaz fiyatlar\u0131n\u0131n T\u00fcrkiye`ye uygun olmad\u0131\u011f\u0131n\u0131 belirterek, iki \u00fclkenin g\u00f6r\u00fc\u015fmeleri s\u00fcrd\u00fcrd\u00fc\u011f\u00fcn\u00fc ve herhangi bir anla\u015fmaya ula\u015f\u0131lamad\u0131\u011f\u0131n\u0131 s\u00f6yledi.<\/p>\n<p>T\u00fcrkiye 2012 Mart ay\u0131nda \u0130ran do\u011falgaz fiyatlar\u0131n\u0131n %25 civar\u0131nda d\u00fc\u015f\u00fcr\u00fclmesi talebi ile Uluslararas\u0131 Tahkim Mahkemesi`ne ba\u015fvurmu\u015ftu.<\/p>\n<p>Kaynak: <a href=\"http:\/\/www.enerjigunlugu.net\/iraki:-turkiyenin-iddialari-bir-sonuc-vermez_7302.html\" target=\"_blank\">Enerji G\u00fcnl\u00fc\u011f\u00fc<\/a><\/p>","protected":false},"excerpt":{"rendered":"<p>Sorry, this entry is only available in Turkish. For the sake of viewer convenience, the content is shown below in the alternative language. You may click the link to switch the active language.\u0130ran Petrol Bakan\u0131 yard\u0131mc\u0131s\u0131 Hamid R\u0131za Iraki T\u00fcrkiye`nin do\u011falgaz fiyatlar\u0131ndaki d\u00fc\u015f\u00fc\u015f talebinin kabul edilemez oldu\u011funu s\u00f6yledi. Iraki T\u00fcrkiye`nin Uluslararas\u0131 Tahkim Mahkemesi`ndeki iddialar\u0131n\u0131n bir [&hellip;]<\/p>\n","protected":false},"author":1,"featured_media":23258,"comment_status":"open","ping_status":"open","sticky":false,"template":"","format":"standard","meta":[],"categories":[46,53],"tags":[92,226,1363,13164,63,67,1009,165,13163,1333,846],"views":433,"_links":{"self":[{"href":"https:\/\/www.enerjigazetesi.ist\/en\/wp-json\/wp\/v2\/posts\/23257"}],"collection":[{"href":"https:\/\/www.enerjigazetesi.ist\/en\/wp-json\/wp\/v2\/posts"}],"about":[{"href":"https:\/\/www.enerjigazetesi.ist\/en\/wp-json\/wp\/v2\/types\/post"}],"author":[{"embeddable":true,"href":"https:\/\/www.enerjigazetesi.ist\/en\/wp-json\/wp\/v2\/users\/1"}],"replies":[{"embeddable":true,"href":"https:\/\/www.enerjigazetesi.ist\/en\/wp-json\/wp\/v2\/comments?post=23257"}],"version-history":[{"count":2,"href":"https:\/\/www.enerjigazetesi.ist\/en\/wp-json\/wp\/v2\/posts\/23257\/revisions"}],"predecessor-version":[{"id":23260,"href":"https:\/\/www.enerjigazetesi.ist\/en\/wp-json\/wp\/v2\/posts\/23257\/revisions\/23260"}],"wp:featuredmedia":[{"embeddable":true,"href":"https:\/\/www.enerjigazetesi.ist\/en\/wp-json\/wp\/v2\/media\/23258"}],"wp:attachment":[{"href":"https:\/\/www.enerjigazetesi.ist\/en\/wp-json\/wp\/v2\/media?parent=23257"}],"wp:term":[{"taxonomy":"category","embeddable":true,"href":"https:\/\/www.enerjigazetesi.ist\/en\/wp-json\/wp\/v2\/categories?post=23257"},{"taxonomy":"post_tag","embeddable":true,"href":"https:\/\/www.enerjigazetesi.ist\/en\/wp-json\/wp\/v2\/tags?post=23257"}],"curies":[{"name":"wp","href":"https:\/\/api.w.org\/{rel}","templated":true}]}}