{"id":23211,"date":"2014-02-27T10:51:41","date_gmt":"2014-02-27T07:51:41","guid":{"rendered":"https:\/\/www.enerjigazetesi.ist\/?p=23211"},"modified":"2014-02-27T10:51:41","modified_gmt":"2014-02-27T07:51:41","slug":"tanapla-ilgili-kamulastirilma-kararlari-imzaya-acildi","status":"publish","type":"post","link":"https:\/\/www.enerjigazetesi.ist\/en\/tanapla-ilgili-kamulastirilma-kararlari-imzaya-acildi\/","title":{"rendered":"(Turkish) TANAP\u2019la \u0130lgili Kamula\u015ft\u0131r\u0131lma Kararlar\u0131 \u0130mzaya A\u00e7\u0131ld\u0131!"},"content":{"rendered":"<p class=\"qtranxs-available-languages-message qtranxs-available-languages-message-en\">Sorry, this entry is only available in <a href=\"https:\/\/www.enerjigazetesi.ist\/tr\/wp-json\/wp\/v2\/posts\/23211\" class=\"qtranxs-available-language-link qtranxs-available-language-link-tr\" title=\"Turkish\">Turkish<\/a>. For the sake of viewer convenience, the content is shown below in the alternative language. You may click the link to switch the active language.<\/p><p><strong>Enerji ve Tabii Kaynaklar Bakan\u0131 Taner Y\u0131ld\u0131z, pazartesi g\u00fcn\u00fc itibariyle Bakanlar Kurulu\u2019nda TANAP\u2019la ilgili kamula\u015ft\u0131r\u0131lma kararlar\u0131n\u0131n imzaya a\u00e7\u0131ld\u0131\u011f\u0131n\u0131 bildirdi. Y\u0131ld\u0131z, G\u00fcney Gaz Koridoru Projesi konulu 3. TEPAV \u2013 BP Enerji Forumu\u2019nda yapt\u0131\u011f\u0131 konu\u015fmada, G\u00fcney Gaz Koridoru\u2019nun gerek T\u00fcrkiye gerek b\u00f6lge gerekse Avrupa Birli\u011fi \u00fclkelerinin do\u011fal gazdaki arz g\u00fcvenli\u011finin \u00e7\u00f6z\u00fcm\u00fcnde son derece \u00f6nemli oldu\u011funu s\u00f6yledi.<\/strong><\/p>\n<p>\u201cT\u00fcrkiye\u2019nin AB\u2019ye \u00fcyelik s\u00fcrecinde enerji ba\u015fl\u0131\u011f\u0131n\u0131n a\u00e7\u0131lmam\u0131\u015f olmas\u0131 bu sekt\u00f6r \u00fczerindeki siyasetin y\u00fck\u00fcd\u00fcr. Bu y\u00fck\u00fcn kald\u0131r\u0131lmas\u0131 laz\u0131m\u201d diyen Y\u0131ld\u0131z, enerjinin yaln\u0131zca siyasi gerek\u00e7elerle \u015ferh konulan bir ba\u015fl\u0131k oldu\u011funu ifade etti.<\/p>\n<p>T\u00fcrkiye\u2019nin enerji konusunda kendisine d\u00fc\u015fen g\u00f6revleri yerine getirdi\u011fini ve getirmeye devam etti\u011fini vurgulayan Y\u0131ld\u0131z, son derece tutarl\u0131 bir politika izlendi\u011fini dile getirdi. Y\u0131ld\u0131z, AB \u00fclkeleriyle senkron \u00e7al\u0131\u015facak bir elektrik altyap\u0131s\u0131n\u0131n \u00e7al\u0131\u015fmaya ba\u015flad\u0131\u011f\u0131n\u0131 anlatt\u0131.<\/p>\n<p>Fransa\u2019da, \u0130ngiltere\u2019de \u00fcretilen elektri\u011fi<a href=\"https:\/\/www.enerjigazetesi.ist\/wp-content\/uploads\/2014\/02\/tanapla-ilgili-kamulastirilma-kararlari-imzaya-acildi.jpg\"><img loading=\"lazy\" class=\"alignleft size-medium wp-image-23212\" title=\"tanapla-ilgili-kamulastirilma-kararlari-imzaya-acildi\" src=\"https:\/\/www.enerjigazetesi.ist\/wp-content\/uploads\/2014\/02\/tanapla-ilgili-kamulastirilma-kararlari-imzaya-acildi-300x208.jpg\" alt=\"\" width=\"300\" height=\"208\" srcset=\"https:\/\/www.enerjigazetesi.ist\/wp-content\/uploads\/2014\/02\/tanapla-ilgili-kamulastirilma-kararlari-imzaya-acildi-300x208.jpg 300w, https:\/\/www.enerjigazetesi.ist\/wp-content\/uploads\/2014\/02\/tanapla-ilgili-kamulastirilma-kararlari-imzaya-acildi-71x50.jpg 71w, https:\/\/www.enerjigazetesi.ist\/wp-content\/uploads\/2014\/02\/tanapla-ilgili-kamulastirilma-kararlari-imzaya-acildi.jpg 402w\" sizes=\"(max-width: 300px) 100vw, 300px\" \/><\/a>n T\u00fcrkiye\u2019de t\u00fcketilme imkan\u0131 oldu\u011funa i\u015faret eden Y\u0131ld\u0131z, ayn\u0131 \u015feklide T\u00fcrkiye\u2019deki b\u00fct\u00fcn arz fazlas\u0131n\u0131n Avrupa\u2019da t\u00fcketilme imkan\u0131 oldu\u011funu kaydetti.<\/p>\n<p>Y\u0131ld\u0131z, do\u011fal gazda yap\u0131lan \u00e7al\u0131\u015fmalar\u0131n, m\u00fczakerelerdeki yap\u0131c\u0131 tutumun ortada oldu\u011funu belirterek, bundan sonra da bu modda kalmaya devam edeceklerini ifade etti.<\/p>\n<p>\u015eeyl gaz\u0131n\u0131n kullan\u0131lmas\u0131n\u0131n ard\u0131ndan ABD\u2019deki do\u011fal gaz fiyatlar\u0131n\u0131n olumlu anlamda etkilendi\u011fini anlatan Y\u0131ld\u0131z, bunun AB \u00fclkelerinin do\u011fal gaz\u0131 3 kat, Uzakdo\u011fu \u00fclkelerinin ise 6,5 kat daha pahal\u0131 kullanmalar\u0131 sonucunu yaratt\u0131\u011f\u0131n\u0131 dile getirdi. Y\u0131ld\u0131z, bu geli\u015fmenin rekabeti nas\u0131l bozdu\u011funun 2-3 y\u0131l sonra ortaya \u00e7\u0131kaca\u011f\u0131na dikkati \u00e7ekti.<\/p>\n<p>ABD\u2019de do\u011fal gaz\u0131n ucuzlamas\u0131n\u0131n 160 dolar d\u00fczeyindeki k\u00f6m\u00fcr fiyat\u0131n\u0131 80 dolara indirdi\u011fini belirten Y\u0131ld\u0131z, baz\u0131 AB \u00fclkelerinin k\u00f6m\u00fcr santrallerini daha fazla \u00e7al\u0131\u015ft\u0131rmaya ba\u015flad\u0131klar\u0131n\u0131, 12 dev firman\u0131n yakla\u015f\u0131k 50 bin megavatl\u0131k do\u011fal gaz santrallerini durdurdu\u011funu s\u00f6yledi. Y\u0131ld\u0131z, bu geli\u015fmelerin, hayata ge\u00e7irilecek projenin t\u00fcketim projeksiyonunu yak\u0131ndan ilgilendirdi\u011fini ifade etti.<\/p>\n<p>Bakan Y\u0131ld\u0131z, Avrupa\u2019n\u0131n do\u011fal gaza ba\u011f\u0131ml\u0131\u011f\u0131n\u0131n her ge\u00e7en g\u00fcn artt\u0131\u011f\u0131n\u0131n, 2035\u2032e kadar bu oran\u0131n y\u00fczde 84\u2032leri bulaca\u011f\u0131n\u0131n tahmin edildi\u011fini, bunun \u00f6nemli bir geli\u015fme oldu\u011funu vurgulad\u0131.<\/p>\n<h2>\u201cT\u00fcrkiye enerjide zincirin \u00f6nemli bir halkas\u0131n\u0131 tamamlad\u0131\u201d<\/h2>\n<p>T\u00fcrkiye\u2019nin enerjide zincirin \u00f6nemli bir halkas\u0131n\u0131 tamamlad\u0131\u011f\u0131na i\u015faret eden Y\u0131ld\u0131z, \u015f\u00f6yle konu\u015ftu:<\/p>\n<p>\u201c\u00dcretilirse iletilecektir, iletilirse t\u00fcketilecektir. Bu pazarlama ekonomisi kendini mutlaka projede g\u00f6sterecektir. 45 milyar dolarl\u0131k 5 y\u0131l i\u00e7erisinde harcanmas\u0131 zorunlu bir rakamdan bahsediyoruz ve pazartesi g\u00fcn\u00fc itibariyle Bakanlar Kurulu\u2019nda TANAP\u2019la ilgili kamula\u015ft\u0131r\u0131lma kararlar\u0131 imzaya a\u00e7m\u0131\u015ft\u0131r. T\u00fcrkiye bu manada \u00fczerine d\u00fc\u015fen g\u00f6revleri h\u0131zl\u0131ca yapacakt\u0131r. Gerek istihdam gerekse yerli tedarikle alakal\u0131 bu konular\u0131 yerine getirecektir.<\/p>\n<p>Bu projenin \u015f\u00f6yle bir \u00f6nemi var: 17 Aral\u0131k\u2019ta projenin imzalar\u0131 at\u0131ld\u0131. 17 Aral\u0131k bu proje i\u00e7in bir d\u00f6n\u00fcm noktas\u0131yd\u0131. Aynen T\u00fcrkiye\u2019de 17 Aral\u0131k\u2019\u0131n bir d\u00f6n\u00fcm noktas\u0131 oldu\u011fu gibi. 17 Aral\u0131k\u2019ta T\u00fcrkiye\u2019nin siyasi istikrar\u0131 tart\u0131\u015f\u0131labilir hale getirilmek istendi ve T\u00fcrkiye\u2019yle ilgili gerek h\u00fck\u00fcmetlerin gerekse devletlerin haf\u0131zalar\u0131 yokland\u0131. Bir k\u0131s\u0131m haf\u0131zalar resetlenmek istendi, bir k\u0131s\u0131m haf\u0131zalar art\u0131 y\u00fcklenmek istendi. O y\u00fczden 17 Aral\u0131k tarihi gerek bu projeyle alakal\u0131 gerekse T\u00fcrkiye ile alakal\u0131 tarihe \u00f6nemli bir nokta olarak ge\u00e7ecektir.\u201d<\/p>\n<p>\u0130ran\u2019\u0131n d\u00fcnya ile olan bar\u0131\u015fma veya uzla\u015fma iste\u011finin de enerjiyle, do\u011fal gazla ilgili projeksiyonlar\u0131 mutlaka etkileyece\u011fini vurgulayan Y\u0131ld\u0131z, TANAP\u2019\u0131n T\u00fcrkiye \u00fczerinden ge\u00e7mesine izin veren yap\u0131n\u0131n ayn\u0131 zamanda \u0130ran do\u011fal gaz\u0131n\u0131n ge\u00e7i\u015fine de izin verdi\u011fine dikkati \u00e7ekti. Y\u0131ld\u0131z, G\u00fcney Ak\u0131m\u0131 ve \u0130ran gaz\u0131yla beraber belki Irak ve Akdeniz gaz\u0131n\u0131n, 2035 y\u0131l\u0131na kadar 700 milyar metrek\u00fcp t\u00fcketim hedefleyen Avrupa\u2019n\u0131n \u00f6nemli tedarik noktalar\u0131 olaca\u011f\u0131n\u0131 s\u00f6yledi.<\/p>\n<p>Bu projelerin birbirinin rakibi gibi g\u00f6r\u00fcnse de yak\u0131n ve orta vadede birbirini tamamlayaca\u011f\u0131n\u0131 ifade eden Y\u0131ld\u0131z, T\u00fcrkiye\u2019nin de co\u011frafyas\u0131ndan kaynaklanan avantajlar\u0131 kullanmaya devam edece\u011fini kaydetti.<\/p>\n<p>Y\u0131ld\u0131z, G\u00fcney Gaz Koridoru Projesi\u2019nin Azerbaycan, G\u00fcrcistan, T\u00fcrkiye, Yunanistan \u0130talya ve Arnavutluk\u2019un da i\u00e7inde bulundu\u011fu b\u00f6lgeleri etkileyece\u011fini dile getirdi.<\/p>\n<p>Kaynak: <a href=\"http:\/\/ekonomi.haber7.com\/turkiye-ekonomisi\/haber\/1131875-tanapla-ilgili-karar-imzaya-acildi\" target=\"_blank\">Haber 7<\/a><\/p>","protected":false},"excerpt":{"rendered":"<p>Sorry, this entry is only available in Turkish. For the sake of viewer convenience, the content is shown below in the alternative language. You may click the link to switch the active language.Enerji ve Tabii Kaynaklar Bakan\u0131 Taner Y\u0131ld\u0131z, pazartesi g\u00fcn\u00fc itibariyle Bakanlar Kurulu\u2019nda TANAP\u2019la ilgili kamula\u015ft\u0131r\u0131lma kararlar\u0131n\u0131n imzaya a\u00e7\u0131ld\u0131\u011f\u0131n\u0131 bildirdi. Y\u0131ld\u0131z, G\u00fcney Gaz Koridoru [&hellip;]<\/p>\n","protected":false},"author":1,"featured_media":23212,"comment_status":"open","ping_status":"open","sticky":false,"template":"","format":"standard","meta":[],"categories":[46,53],"tags":[710,13143,13142,92,226,63,67,1009,165,9034,13141,13140,2297,667],"views":459,"_links":{"self":[{"href":"https:\/\/www.enerjigazetesi.ist\/en\/wp-json\/wp\/v2\/posts\/23211"}],"collection":[{"href":"https:\/\/www.enerjigazetesi.ist\/en\/wp-json\/wp\/v2\/posts"}],"about":[{"href":"https:\/\/www.enerjigazetesi.ist\/en\/wp-json\/wp\/v2\/types\/post"}],"author":[{"embeddable":true,"href":"https:\/\/www.enerjigazetesi.ist\/en\/wp-json\/wp\/v2\/users\/1"}],"replies":[{"embeddable":true,"href":"https:\/\/www.enerjigazetesi.ist\/en\/wp-json\/wp\/v2\/comments?post=23211"}],"version-history":[{"count":1,"href":"https:\/\/www.enerjigazetesi.ist\/en\/wp-json\/wp\/v2\/posts\/23211\/revisions"}],"predecessor-version":[{"id":23213,"href":"https:\/\/www.enerjigazetesi.ist\/en\/wp-json\/wp\/v2\/posts\/23211\/revisions\/23213"}],"wp:featuredmedia":[{"embeddable":true,"href":"https:\/\/www.enerjigazetesi.ist\/en\/wp-json\/wp\/v2\/media\/23212"}],"wp:attachment":[{"href":"https:\/\/www.enerjigazetesi.ist\/en\/wp-json\/wp\/v2\/media?parent=23211"}],"wp:term":[{"taxonomy":"category","embeddable":true,"href":"https:\/\/www.enerjigazetesi.ist\/en\/wp-json\/wp\/v2\/categories?post=23211"},{"taxonomy":"post_tag","embeddable":true,"href":"https:\/\/www.enerjigazetesi.ist\/en\/wp-json\/wp\/v2\/tags?post=23211"}],"curies":[{"name":"wp","href":"https:\/\/api.w.org\/{rel}","templated":true}]}}