{"id":23204,"date":"2014-02-27T10:37:21","date_gmt":"2014-02-27T07:37:21","guid":{"rendered":"https:\/\/www.enerjigazetesi.ist\/?p=23204"},"modified":"2014-02-27T10:37:21","modified_gmt":"2014-02-27T07:37:21","slug":"sanayide-kuraklik-alarmi","status":"publish","type":"post","link":"https:\/\/www.enerjigazetesi.ist\/en\/sanayide-kuraklik-alarmi\/","title":{"rendered":"(Turkish) Sanayide Kurakl\u0131k Alarm\u0131!"},"content":{"rendered":"<p class=\"qtranxs-available-languages-message qtranxs-available-languages-message-en\">Sorry, this entry is only available in <a href=\"https:\/\/www.enerjigazetesi.ist\/tr\/wp-json\/wp\/v2\/posts\/23204\" class=\"qtranxs-available-language-link qtranxs-available-language-link-tr\" title=\"Turkish\">Turkish<\/a>. For the sake of viewer convenience, the content is shown below in the alternative language. You may click the link to switch the active language.<\/p><p><strong>Organize sanayi b\u00f6lgeleri y\u00f6netimleri &#8216;\u00fcretim etkilenmesin&#8217; diye harekete ge\u00e7ti.<\/strong><\/p>\n<p>Mevsim normallerinin \u00fczerinde seyreden s\u0131cakl\u0131k de\u011ferleri sadece hane t\u00fcketicisi i\u00e7in de\u011fil, genel olarak ekonomi i\u00e7in de tehdit olu\u015fturuyor. E\u011fer ilerleyen g\u00fcnlerde toprak ya\u011f\u0131\u015fla bulu\u015fmazsa kurakl\u0131k bir\u00e7ok y\u00f6nden ekonomik b\u00fcy\u00fcmeyi olumsuz etkileyecek. Tar\u0131m \u00fcr\u00fcnlerinde rekolte d\u00fc\u015f\u00fc\u015fleri ya\u015fanacak. Sanayide de su yetersizlikleri nedeniyle \u00fcretimde yava\u015flama, zaman zaman ara verme riski do\u011fdu. Belediyeler su k\u0131s\u0131nt\u0131lar\u0131nda, \u00f6nceki uygulamalarda oldu\u011fu gibi \u00f6n celi\u011fi hane t\u00fcketicisine verece\u011finden sanayici daha \u00e7ok etkilenecek.<\/p>\n<p>Elektrik \u00fcretimi de HES\u2019ler y\u00f6n\u00fcnden risk ta\u015f\u0131yor. Zaten \u015fimdiden konuyla ilgili haberler gelmeye ba\u015flad\u0131. Ordu\u2019da \u2018Dar\u0131ca 1 HES\u2019in faaliyet g\u00f6sterdi\u011fi Melet Irma\u011f\u0131\u2019nda <a href=\"https:\/\/www.enerjigazetesi.ist\/wp-content\/uploads\/2014\/02\/sanayide-kuraklik-alarmi.jpg\"><img loading=\"lazy\" class=\"alignleft size-medium wp-image-23205\" title=\"sanayide-kuraklik-alarmi\" src=\"https:\/\/www.enerjigazetesi.ist\/wp-content\/uploads\/2014\/02\/sanayide-kuraklik-alarmi-300x200.jpg\" alt=\"\" width=\"300\" height=\"200\" srcset=\"https:\/\/www.enerjigazetesi.ist\/wp-content\/uploads\/2014\/02\/sanayide-kuraklik-alarmi-300x200.jpg 300w, https:\/\/www.enerjigazetesi.ist\/wp-content\/uploads\/2014\/02\/sanayide-kuraklik-alarmi-500x334.jpg 500w, https:\/\/www.enerjigazetesi.ist\/wp-content\/uploads\/2014\/02\/sanayide-kuraklik-alarmi-74x50.jpg 74w, https:\/\/www.enerjigazetesi.ist\/wp-content\/uploads\/2014\/02\/sanayide-kuraklik-alarmi.jpg 615w\" sizes=\"(max-width: 300px) 100vw, 300px\" \/><\/a>yap\u0131m\u0131 devam eden \u2018Dar\u0131ca 2 HES\u2019 i\u00e7in Turnasuyu Deresi\u2019nden su ta\u015f\u0131nmas\u0131na karar verildi. 7 kilometrelik t\u00fcnelle su ta\u015f\u0131nacak. \u00c7evreciler ise duruma tepkili. \u00c7evre ve \u015eehircilik Bakanl\u0131\u011f\u0131\u2019n\u0131n \u201cB plan\u0131m\u0131z var\u201d a\u00e7\u0131klamas\u0131na kar\u015f\u0131n, bu plan\u0131n ne oldu\u011fu hen\u00fcz bilinmiyor. Bu nedenle organize sanayi b\u00f6lgeleri (OSB) y\u00f6netimleri kendi tedbirlerini almaya y\u00f6neliyor.<\/p>\n<p>Bu kapsamda yo\u011fun su kullanan \u00c7erkezk\u00f6y OSB, 50 milyon liral\u0131k yat\u0131r\u0131mla baraj kuracak. OSB \u00dcst Kurulu\u015fu (OSB\u00dcK) y\u00f6netimi konuyu bu haftaki kurul g\u00fcndemine ald\u0131. OSB\u00dcK Genel Sekreteri Ali Y\u00fcksel, toplant\u0131n\u0131n g\u00fcndem maddeleri aras\u0131na kurakl\u0131\u011f\u0131 da ekleyeceklerini, konuyla ilgili OSB yetkililerinden tavsiye ve tedbirlere ili\u015fkin bilgiler alacaklar\u0131n\u0131 s\u00f6yledi. Kurakl\u0131k, yo\u011fun sanayi ve yo\u011fun n\u00fcfus nedeniyle en \u00e7ok \u0130stanbul ve \u00e7evresini tehdit ediyor. G\u00fcnde 2.5 milyon metrek\u00fcp su t\u00fcketilen \u0130stanbul\u2019un barajlar\u0131nda y\u00fczde 30\u2019a gerileyen doluluk oran\u0131 i\u00e7in ya\u011f\u0131\u015f umudu konusunda a\u00e7\u0131klamalar iyimser de\u011fil.<\/p>\n<p>Akademik \u00e7evreler, yaz aylar\u0131nda b\u00fcy\u00fck su s\u0131k\u0131nt\u0131s\u0131 olabilece\u011fini, acil tedbir al\u0131nmas\u0131 gerekti\u011fini belirtiyor. Bakanl\u0131\u011f\u0131n \u2018s\u0131k\u0131nt\u0131 olmayacak\u2019 a\u00e7\u0131klamalar\u0131na kar\u015f\u0131n acil \u00f6nlem \u00e7a\u011fr\u0131lar\u0131 s\u00fcr\u00fcyor. Tekstil ve deri \u00fcretimi yapan OSB\u2019lerde su t\u00fcketimi fazla. 230 firman\u0131n faaliyet g\u00f6sterdi\u011fi \u00c7erkezk\u00f6y OSB\u2019de y\u0131ll\u0131k 30 milyon metrek\u00fcp su kullan\u0131l\u0131yor. Bunu, 21 milyon metrek\u00fcp ile Bursa OSB, 13 milyon metrek\u00fcp ile Adana Hac\u0131 Sabanc\u0131 OSB, 12 milyon metrek\u00fcp ile Denizli OSB izliyor.<\/p>\n<p><strong>Haberin <a href=\"http:\/\/www.dunya.com\/sanayide-kuraklik-alarmi-220430h.htm\" target=\"_blank\">Devam\u0131 \u0130\u00e7in TIKLAYIN&gt;&gt;<\/a><\/strong><\/p>\n<p>Kaynak: D\u00fcnya<\/p>","protected":false},"excerpt":{"rendered":"<p>Sorry, this entry is only available in Turkish. For the sake of viewer convenience, the content is shown below in the alternative language. You may click the link to switch the active language.Organize sanayi b\u00f6lgeleri y\u00f6netimleri &#8216;\u00fcretim etkilenmesin&#8217; diye harekete ge\u00e7ti. Mevsim normallerinin \u00fczerinde seyreden s\u0131cakl\u0131k de\u011ferleri sadece hane t\u00fcketicisi i\u00e7in de\u011fil, genel olarak ekonomi [&hellip;]<\/p>\n","protected":false},"author":1,"featured_media":23205,"comment_status":"open","ping_status":"open","sticky":false,"template":"","format":"standard","meta":[],"categories":[53],"tags":[13137,9791,19,63,67,1009,165,35370,12313,9071,1545],"views":587,"_links":{"self":[{"href":"https:\/\/www.enerjigazetesi.ist\/en\/wp-json\/wp\/v2\/posts\/23204"}],"collection":[{"href":"https:\/\/www.enerjigazetesi.ist\/en\/wp-json\/wp\/v2\/posts"}],"about":[{"href":"https:\/\/www.enerjigazetesi.ist\/en\/wp-json\/wp\/v2\/types\/post"}],"author":[{"embeddable":true,"href":"https:\/\/www.enerjigazetesi.ist\/en\/wp-json\/wp\/v2\/users\/1"}],"replies":[{"embeddable":true,"href":"https:\/\/www.enerjigazetesi.ist\/en\/wp-json\/wp\/v2\/comments?post=23204"}],"version-history":[{"count":2,"href":"https:\/\/www.enerjigazetesi.ist\/en\/wp-json\/wp\/v2\/posts\/23204\/revisions"}],"predecessor-version":[{"id":23207,"href":"https:\/\/www.enerjigazetesi.ist\/en\/wp-json\/wp\/v2\/posts\/23204\/revisions\/23207"}],"wp:featuredmedia":[{"embeddable":true,"href":"https:\/\/www.enerjigazetesi.ist\/en\/wp-json\/wp\/v2\/media\/23205"}],"wp:attachment":[{"href":"https:\/\/www.enerjigazetesi.ist\/en\/wp-json\/wp\/v2\/media?parent=23204"}],"wp:term":[{"taxonomy":"category","embeddable":true,"href":"https:\/\/www.enerjigazetesi.ist\/en\/wp-json\/wp\/v2\/categories?post=23204"},{"taxonomy":"post_tag","embeddable":true,"href":"https:\/\/www.enerjigazetesi.ist\/en\/wp-json\/wp\/v2\/tags?post=23204"}],"curies":[{"name":"wp","href":"https:\/\/api.w.org\/{rel}","templated":true}]}}