{"id":23178,"date":"2014-02-26T16:02:49","date_gmt":"2014-02-26T13:02:49","guid":{"rendered":"https:\/\/www.enerjigazetesi.ist\/?p=23178"},"modified":"2014-02-26T16:02:49","modified_gmt":"2014-02-26T13:02:49","slug":"ingiliz-bakan-ab-turkiye-ile-enerji-faslini-acmali","status":"publish","type":"post","link":"https:\/\/www.enerjigazetesi.ist\/en\/ingiliz-bakan-ab-turkiye-ile-enerji-faslini-acmali\/","title":{"rendered":"(Turkish) \u0130ngiliz Bakan: AB, T\u00fcrkiye \u0130le Enerji Fasl\u0131n\u0131 A\u00e7mal\u0131!"},"content":{"rendered":"<p class=\"qtranxs-available-languages-message qtranxs-available-languages-message-en\">Sorry, this entry is only available in <a href=\"https:\/\/www.enerjigazetesi.ist\/tr\/wp-json\/wp\/v2\/posts\/23178\" class=\"qtranxs-available-language-link qtranxs-available-language-link-tr\" title=\"Turkish\">Turkish<\/a>. For the sake of viewer convenience, the content is shown below in the alternative language. You may click the link to switch the active language.<\/p><p><strong>\u0130ngiltere\u2019nin Avrupa Bakan\u0131 Lidington, \u201cAB\u2019nin 15. enerji fasl\u0131n\u0131 T\u00fcrkiye ile m\u00fczakereye a\u00e7mas\u0131n\u0131 istiyorum\u201d dedi. Lidington, \u0130ngiltere Ticaret ve Yat\u0131r\u0131m Kurumu (UKTI) taraf\u0131ndan, n\u00fckleer enerji sekt\u00f6r\u00fcndeki tecr\u00fcbeleri payla\u015fmak i\u00e7in d\u00fczenlenen \u201cBusiness is GREAT\u201d n\u00fckleer enerji konferans\u0131nda sorular\u0131 yan\u0131tlad\u0131.<\/strong><\/p>\n<p>Enerjinin T\u00fcrkiye ve AB i\u00e7in kritik \u00f6nem ta\u015f\u0131yan bir alan oldu\u011funu vurgulayan Lidington, \u201cAvrupa\u2019da T\u00fcrkiye\u2019siz enerjiden s\u00f6z etmek m\u00fcmk\u00fcn de\u011fil\u201d ifadesini kulland\u0131.<a href=\"https:\/\/www.enerjigazetesi.ist\/wp-content\/uploads\/2014\/02\/ingiliz-bakan-ab-turkiye-ile-enerji-faslini-acmali.png\"><img loading=\"lazy\" class=\"alignleft size-medium wp-image-23179\" title=\"ingiliz-bakan-ab-turkiye-ile-enerji-faslini-acmali\" src=\"https:\/\/www.enerjigazetesi.ist\/wp-content\/uploads\/2014\/02\/ingiliz-bakan-ab-turkiye-ile-enerji-faslini-acmali-300x204.png\" alt=\"\" width=\"300\" height=\"204\" srcset=\"https:\/\/www.enerjigazetesi.ist\/wp-content\/uploads\/2014\/02\/ingiliz-bakan-ab-turkiye-ile-enerji-faslini-acmali-300x204.png 300w, https:\/\/www.enerjigazetesi.ist\/wp-content\/uploads\/2014\/02\/ingiliz-bakan-ab-turkiye-ile-enerji-faslini-acmali-73x50.png 73w, https:\/\/www.enerjigazetesi.ist\/wp-content\/uploads\/2014\/02\/ingiliz-bakan-ab-turkiye-ile-enerji-faslini-acmali.png 445w\" sizes=\"(max-width: 300px) 100vw, 300px\" \/><\/a><\/p>\n<p>T\u00fcrkiye\u2019nin AB enerji politikas\u0131na uyum noktas\u0131nda \u00f6nemli geli\u015fmeler kaydetti\u011fi vurgulayan Lidington, 15. enerji fasl\u0131n\u0131n a\u00e7\u0131lmas\u0131n\u0131 istedi\u011fini s\u00f6yledi. Enerji fasl\u0131n\u0131n G\u00fcney K\u0131br\u0131s Rum y\u00f6netimi taraf\u0131ndan bloke edildi\u011fine dikkati \u00e7eken Lidington, \u015f\u00f6yle konu\u015ftu:<\/p>\n<p>\u201cEn k\u0131sa s\u00fcrede fas\u0131llar \u00fczerindeki t\u00fcm blokajlar kalkmal\u0131 ve T\u00fcrkiye\u2019nin \u00fcyeli\u011finin \u00f6n\u00fcn\u00fcn a\u00e7\u0131lmal\u0131. Ben 23. Yarg\u0131 ve Temel Haklar ve 24. Adalet, \u00d6zg\u00fcrl\u00fck ve G\u00fcvenlik fas\u0131llar\u0131n\u0131n da bir an \u00f6nce a\u00e7\u0131lmas\u0131n\u0131 istiyorum.\u201d<\/p>\n<p>\u0130ngiltere\u2019nin fas\u0131l m\u00fczakereleri i\u00e7in belirli s\u00fcreler konmas\u0131na kar\u015f\u0131 oldu\u011funu vurgulayan Lidington, T\u00fcrkiye\u2019nin m\u00fczakere kapasitesine g\u00fcvendi\u011fini, fas\u0131l a\u00e7\u0131ld\u0131ktan sonra k\u0131sa s\u00fcrede kapanaca\u011f\u0131na inand\u0131\u011f\u0131n\u0131 belirtti.<\/p>\n<p>AB Komisyonu, T\u00fcrkiye\u2019nin enerji fasl\u0131 tarama s\u00fcrecini Haziran 2006\u2032da tamamlad\u0131 ancak Mart 2007\u2032de haz\u0131rlanan tarama sonu raporu, G\u00fcney K\u0131br\u0131s Rum y\u00f6netiminin blokaj\u0131 nedeniyle hala AB Konseyi\u2019nde g\u00f6r\u00fc\u015f\u00fclemedi.<\/p>\n<p>AB\u2019nin Enerjiden Sorumlu \u00dcyesi G\u00fcnther Oettinger a\u00e7\u0131klamalar\u0131nda, enerji fasl\u0131n\u0131n m\u00fczakerelere a\u00e7\u0131labilecek fas\u0131llar aras\u0131nda oldu\u011funu de\u011ferlendiriyor. Enerji Bakanl\u0131\u011f\u0131 yetkilileri de fasl\u0131n a\u00e7\u0131lmas\u0131 halinde ayn\u0131 g\u00fcn dahi kapanabilece\u011fini belirtiyor.<\/p>\n<p>T\u00fcrkiye, 3 y\u0131ll\u0131k aradan sonra Kas\u0131m 2013\u2032te 22. B\u00f6lgesel Politikalar ve Yap\u0131sal Ara\u00e7lar\u0131n Koordinasyonu fasl\u0131n\u0131 m\u00fczakereye a\u00e7m\u0131\u015ft\u0131.<\/p>\n<p>Kaynak: <a href=\"http:\/\/www.stargundem.com\/gundem\/1386682-ab-turkiye-ile-enerji-faslini-acmali.html\" target=\"_blank\">Star G\u00fcndem<\/a><\/p>","protected":false},"excerpt":{"rendered":"<p>Sorry, this entry is only available in Turkish. For the sake of viewer convenience, the content is shown below in the alternative language. You may click the link to switch the active language.\u0130ngiltere\u2019nin Avrupa Bakan\u0131 Lidington, \u201cAB\u2019nin 15. enerji fasl\u0131n\u0131 T\u00fcrkiye ile m\u00fczakereye a\u00e7mas\u0131n\u0131 istiyorum\u201d dedi. Lidington, \u0130ngiltere Ticaret ve Yat\u0131r\u0131m Kurumu (UKTI) taraf\u0131ndan, n\u00fckleer [&hellip;]<\/p>\n","protected":false},"author":1,"featured_media":23179,"comment_status":"open","ping_status":"open","sticky":false,"template":"","format":"standard","meta":[],"categories":[53],"tags":[13118,1192,13120,63,67,1009,165,5457,13119],"views":743,"_links":{"self":[{"href":"https:\/\/www.enerjigazetesi.ist\/en\/wp-json\/wp\/v2\/posts\/23178"}],"collection":[{"href":"https:\/\/www.enerjigazetesi.ist\/en\/wp-json\/wp\/v2\/posts"}],"about":[{"href":"https:\/\/www.enerjigazetesi.ist\/en\/wp-json\/wp\/v2\/types\/post"}],"author":[{"embeddable":true,"href":"https:\/\/www.enerjigazetesi.ist\/en\/wp-json\/wp\/v2\/users\/1"}],"replies":[{"embeddable":true,"href":"https:\/\/www.enerjigazetesi.ist\/en\/wp-json\/wp\/v2\/comments?post=23178"}],"version-history":[{"count":2,"href":"https:\/\/www.enerjigazetesi.ist\/en\/wp-json\/wp\/v2\/posts\/23178\/revisions"}],"predecessor-version":[{"id":23181,"href":"https:\/\/www.enerjigazetesi.ist\/en\/wp-json\/wp\/v2\/posts\/23178\/revisions\/23181"}],"wp:featuredmedia":[{"embeddable":true,"href":"https:\/\/www.enerjigazetesi.ist\/en\/wp-json\/wp\/v2\/media\/23179"}],"wp:attachment":[{"href":"https:\/\/www.enerjigazetesi.ist\/en\/wp-json\/wp\/v2\/media?parent=23178"}],"wp:term":[{"taxonomy":"category","embeddable":true,"href":"https:\/\/www.enerjigazetesi.ist\/en\/wp-json\/wp\/v2\/categories?post=23178"},{"taxonomy":"post_tag","embeddable":true,"href":"https:\/\/www.enerjigazetesi.ist\/en\/wp-json\/wp\/v2\/tags?post=23178"}],"curies":[{"name":"wp","href":"https:\/\/api.w.org\/{rel}","templated":true}]}}