{"id":23120,"date":"2014-02-25T15:31:07","date_gmt":"2014-02-25T12:31:07","guid":{"rendered":"https:\/\/www.enerjigazetesi.ist\/?p=23120"},"modified":"2014-02-25T15:59:34","modified_gmt":"2014-02-25T12:59:34","slug":"japonya-nukleer-enerjide-karar-asamasinda","status":"publish","type":"post","link":"https:\/\/www.enerjigazetesi.ist\/en\/japonya-nukleer-enerjide-karar-asamasinda\/","title":{"rendered":"(Turkish) Japonya N\u00fckleer Enerjide Karar A\u015famas\u0131nda!"},"content":{"rendered":"<p class=\"qtranxs-available-languages-message qtranxs-available-languages-message-en\">Sorry, this entry is only available in <a href=\"https:\/\/www.enerjigazetesi.ist\/tr\/wp-json\/wp\/v2\/posts\/23120\" class=\"qtranxs-available-language-link qtranxs-available-language-link-tr\" title=\"Turkish\">Turkish<\/a>. For the sake of viewer convenience, the content is shown below in the alternative language. You may click the link to switch the active language.<\/p><p><strong>Japonya \u2018da Fuku\u015fima n\u00fckleer kazas\u0131n\u0131n ard\u0131ndan haz\u0131rlanan ilk enerji politikas\u0131 tasar\u0131s\u0131 onaylanmak \u00fczere kabineye sunuldu. Tasar\u0131da \u00fclkenin n\u00fckleer enerjiye ba\u011f\u0131ml\u0131\u011f\u0131n\u0131n \u2018m\u00fcmk\u00fcn oldu\u011funca\u2019 azalt\u0131<a href=\"https:\/\/www.enerjigazetesi.ist\/wp-content\/uploads\/2014\/02\/japonya-nukleer-enerjide-karar-asamasinda.jpg\"><img loading=\"lazy\" class=\"alignright size-medium wp-image-23121\" title=\"japonya-nukleer-enerjide-karar-asamasinda\" src=\"https:\/\/www.enerjigazetesi.ist\/wp-content\/uploads\/2014\/02\/japonya-nukleer-enerjide-karar-asamasinda-300x183.jpg\" alt=\"\" width=\"300\" height=\"183\" srcset=\"https:\/\/www.enerjigazetesi.ist\/wp-content\/uploads\/2014\/02\/japonya-nukleer-enerjide-karar-asamasinda-300x183.jpg 300w, https:\/\/www.enerjigazetesi.ist\/wp-content\/uploads\/2014\/02\/japonya-nukleer-enerjide-karar-asamasinda-80x48.jpg 80w, https:\/\/www.enerjigazetesi.ist\/wp-content\/uploads\/2014\/02\/japonya-nukleer-enerjide-karar-asamasinda.jpg 383w\" sizes=\"(max-width: 300px) 100vw, 300px\" \/><\/a>lece\u011fi belirtildi. Ancak 2011 y\u0131l\u0131ndan bu yana kapal\u0131 olan n\u00fckleer santrallardan yeni g\u00fcvenlik standartlar\u0131na uyanlar\u0131n yeniden a\u00e7\u0131lmas\u0131 gerekti\u011fi savunuldu.<\/strong><\/p>\n<p>Tasar\u0131da Japonya\u2019n\u0131n 2020 y\u0131l\u0131na kadar enerji ihtiyac\u0131n\u0131 n\u00fckleer, yenilenebilir ve fosil kaynaklardan sa\u011flayaca\u011f\u0131 yer ald\u0131. Ancak oranlar belirtilmedi. Japonya\u2019n\u0131n 48 ticari reakt\u00f6r\u00fcn 48\u2019i de 2011\u2019de ya\u015fanan Fuku\u015fima n\u00fckleer kazas\u0131n\u0131n ard\u0131ndan g\u00fcvenlik denetimleri gerek\u00e7esiyle kapal\u0131.<\/p>\n<p>2011\u2019de ya\u015fanan deprem ve tsunaminin ard\u0131ndan Fu\u015fu\u015fima Dai\u00e7i n\u00fckleer santral\u0131n\u0131n 3 reakt\u00f6r\u00fc hasar g\u00f6rd\u00fc. 1000 tank i\u00e7inde tutulan y\u00fcksek oranda radyoaktif at\u0131k sular \u00e7evreye yay\u0131ld\u0131. Zaman zaman Pasifik Okyanusu\u2019na da kar\u0131\u015fan radyoaktif kirlilik 3 y\u0131ld\u0131r engellenemedi. N\u00fckleer santral\u0131 i\u015fleten TEPCO bu 20 \u015eubat\u2019ta santralda n\u00fckleer s\u0131z\u0131nt\u0131 oldu\u011funu ancak s\u0131z\u0131nt\u0131n\u0131n Pasifik Okyanusu\u2019na ula\u015fmadan engellendi\u011fini a\u00e7\u0131klad\u0131.<\/p>\n<p>Kaynak: <a href=\"http:\/\/www.radikal.com.tr\/cevre\/japonya_nukleerde_karar_asamasinda-1178402\" target=\"_blank\">Radikal<\/a><\/p>","protected":false},"excerpt":{"rendered":"<p>Sorry, this entry is only available in Turkish. For the sake of viewer convenience, the content is shown below in the alternative language. You may click the link to switch the active language.Japonya \u2018da Fuku\u015fima n\u00fckleer kazas\u0131n\u0131n ard\u0131ndan haz\u0131rlanan ilk enerji politikas\u0131 tasar\u0131s\u0131 onaylanmak \u00fczere kabineye sunuldu. Tasar\u0131da \u00fclkenin n\u00fckleer enerjiye ba\u011f\u0131ml\u0131\u011f\u0131n\u0131n \u2018m\u00fcmk\u00fcn oldu\u011funca\u2019 azalt\u0131lece\u011fi [&hellip;]<\/p>\n","protected":false},"author":1,"featured_media":23121,"comment_status":"open","ping_status":"open","sticky":false,"template":"","format":"standard","meta":[],"categories":[53,43],"tags":[3370,63,67,1009,93,13076,165,13079,9396,1547,71,21,13077,13078,13080,4198],"views":690,"_links":{"self":[{"href":"https:\/\/www.enerjigazetesi.ist\/en\/wp-json\/wp\/v2\/posts\/23120"}],"collection":[{"href":"https:\/\/www.enerjigazetesi.ist\/en\/wp-json\/wp\/v2\/posts"}],"about":[{"href":"https:\/\/www.enerjigazetesi.ist\/en\/wp-json\/wp\/v2\/types\/post"}],"author":[{"embeddable":true,"href":"https:\/\/www.enerjigazetesi.ist\/en\/wp-json\/wp\/v2\/users\/1"}],"replies":[{"embeddable":true,"href":"https:\/\/www.enerjigazetesi.ist\/en\/wp-json\/wp\/v2\/comments?post=23120"}],"version-history":[{"count":2,"href":"https:\/\/www.enerjigazetesi.ist\/en\/wp-json\/wp\/v2\/posts\/23120\/revisions"}],"predecessor-version":[{"id":23134,"href":"https:\/\/www.enerjigazetesi.ist\/en\/wp-json\/wp\/v2\/posts\/23120\/revisions\/23134"}],"wp:featuredmedia":[{"embeddable":true,"href":"https:\/\/www.enerjigazetesi.ist\/en\/wp-json\/wp\/v2\/media\/23121"}],"wp:attachment":[{"href":"https:\/\/www.enerjigazetesi.ist\/en\/wp-json\/wp\/v2\/media?parent=23120"}],"wp:term":[{"taxonomy":"category","embeddable":true,"href":"https:\/\/www.enerjigazetesi.ist\/en\/wp-json\/wp\/v2\/categories?post=23120"},{"taxonomy":"post_tag","embeddable":true,"href":"https:\/\/www.enerjigazetesi.ist\/en\/wp-json\/wp\/v2\/tags?post=23120"}],"curies":[{"name":"wp","href":"https:\/\/api.w.org\/{rel}","templated":true}]}}