{"id":23099,"date":"2014-02-25T10:38:51","date_gmt":"2014-02-25T07:38:51","guid":{"rendered":"https:\/\/www.enerjigazetesi.ist\/?p=23099"},"modified":"2014-02-25T10:38:51","modified_gmt":"2014-02-25T07:38:51","slug":"yildiz-artan-kuraklik-riski-heslerin-elektrik-uretimini-de-etkileyecek","status":"publish","type":"post","link":"https:\/\/www.enerjigazetesi.ist\/en\/yildiz-artan-kuraklik-riski-heslerin-elektrik-uretimini-de-etkileyecek\/","title":{"rendered":"(Turkish) Y\u0131ld\u0131z: \u2018Artan Kurakl\u0131k Riski HES\u2019lerin Elektrik \u00dcretimini de Etkileyecek!\u2019"},"content":{"rendered":"<p class=\"qtranxs-available-languages-message qtranxs-available-languages-message-en\">Sorry, this entry is only available in <a href=\"https:\/\/www.enerjigazetesi.ist\/tr\/wp-json\/wp\/v2\/posts\/23099\" class=\"qtranxs-available-language-link qtranxs-available-language-link-tr\" title=\"Turkish\">Turkish<\/a>. For the sake of viewer convenience, the content is shown below in the alternative language. You may click the link to switch the active language.<\/p><p><strong>Artan kurakl\u0131k riskinin elektrik \u00fcretimini olumsuz etkileyece\u011fini s\u00f6yleyen Enerji ve Tabi Kaynaklar Bakan\u0131 Taner Y\u0131ld\u0131z, \u201cT\u00fcketti\u011fimiz enerjinin d\u00f6rtte birini HES\u2019lerden elde ediyoruz. O barajlarda biriken sulardan elde ediyoruz.\u201d dedi. Y\u0131ld\u0131z, artan kurakl\u0131k riskinin HES\u2019lerin elektrik \u00fcretimini etkileyece\u011fini s\u00f6yledi.<\/strong><\/p>\n<p>Enerji Piyasas\u0131 D\u00fczenleme Kurulu\u2019nun (EPDK) yeni ba\u015fkan ve \u00fcyeleri a\u011f\u0131rlayan Enerji ve Tabi Kaynakl<a href=\"https:\/\/www.enerjigazetesi.ist\/wp-content\/uploads\/2014\/01\/bakan-yildiz-subat-ayinda-dogalgaza-zam-yapilmayacak.jpg\"><img loading=\"lazy\" class=\"alignright size-medium wp-image-21115\" title=\"bakan-yildiz\" src=\"https:\/\/www.enerjigazetesi.ist\/wp-content\/uploads\/2014\/01\/bakan-yildiz-subat-ayinda-dogalgaza-zam-yapilmayacak-300x181.jpg\" alt=\"\" width=\"300\" height=\"181\" srcset=\"https:\/\/www.enerjigazetesi.ist\/wp-content\/uploads\/2014\/01\/bakan-yildiz-subat-ayinda-dogalgaza-zam-yapilmayacak-300x181.jpg 300w, https:\/\/www.enerjigazetesi.ist\/wp-content\/uploads\/2014\/01\/bakan-yildiz-subat-ayinda-dogalgaza-zam-yapilmayacak-500x301.jpg 500w, https:\/\/www.enerjigazetesi.ist\/wp-content\/uploads\/2014\/01\/bakan-yildiz-subat-ayinda-dogalgaza-zam-yapilmayacak-80x48.jpg 80w, https:\/\/www.enerjigazetesi.ist\/wp-content\/uploads\/2014\/01\/bakan-yildiz-subat-ayinda-dogalgaza-zam-yapilmayacak.jpg 505w\" sizes=\"(max-width: 300px) 100vw, 300px\" \/><\/a>ar Bakan\u0131 Taner Y\u0131ld\u0131z, kar ve ya\u011fmurun istenilen oranda ya\u011fmamas\u0131ndan dolay\u0131 do\u011fal gaz t\u00fcketiminin bir \u00f6nceki y\u0131llara oranla daha az kullan\u0131ld\u0131\u011f\u0131n\u0131 s\u00f6yledi. Kar ve ya\u011fmurun az olmas\u0131n\u0131n enerji sekt\u00f6r\u00fcne olumsuz yans\u0131d\u0131\u011f\u0131n\u0131 s\u00f6yleyen Y\u0131ld\u0131z, t\u00fcketilen enerjinin d\u00f6rtte birinin barajlarda biriken sulardan (HES) elde edildi\u011finin bilgisini verdi.<\/p>\n<p>Enerjinin zaman\u0131nda temininin \u00f6nemli oldu\u011fu vurgusunu yapan Y\u0131ld\u0131z, yaz\u0131n do\u011fal gaz t\u00fcketiminin artabilece\u011fini ve bu sebepten dolay\u0131 gerek termik santrallerden gerekse yerel kaynaklardan; g\u00fcne\u015f, r\u00fczg\u00e2r, HES her birinin kullan\u0131laca\u011f\u0131n\u0131 s\u00f6yledi.<\/p>\n<p>Y\u0131ld\u0131z, \u201c Yaz\u0131n do\u011falgaz t\u00fcketimimiz artabilir. Gerek termik santrallerimizin gerek yerel kaynaklar\u0131m\u0131z\u0131n, g\u00fcne\u015fin, r\u00fczg\u00e2r\u0131n HES\u2019in her birinin hayata ge\u00e7irilmesi laz\u0131m. Her g\u00fcn bir gazeteyi a\u00e7t\u0131\u011f\u0131m\u0131zda bir HES\u2019le ilgili durdurulma karar\u0131 al\u0131nd\u0131\u011f\u0131, \u00e7evre ile beraber davranmam\u0131\u015f olmam\u0131za ra\u011fmen, \u00e7evre ile beraber davranmam\u0131za ra\u011fmen, bir \u00e7evre ile ilgili haberin bir yat\u0131r\u0131m\u0131m\u0131z\u0131 engelledi\u011fini g\u00f6r\u00fcyoruz. Kendi aya\u011f\u0131m\u0131za s\u0131kmayal\u0131m. Bu kaynaklar hepimizin. Mart ay\u0131ndaki ya\u011f\u0131\u015flar, in\u015fallah bizim \u00f6ng\u00f6r\u00fclerimizi olumlu y\u00f6nde etkiler.\u201d<\/p>\n<p>Kaynak: <a href=\"http:\/\/www.zaman.com.tr\/ekonomi_kuraklik-var-elektrik-fiyatlari-artacak_2201671.html\" target=\"_blank\">Zaman<\/a><\/p>","protected":false},"excerpt":{"rendered":"<p>Sorry, this entry is only available in Turkish. For the sake of viewer convenience, the content is shown below in the alternative language. You may click the link to switch the active language.Artan kurakl\u0131k riskinin elektrik \u00fcretimini olumsuz etkileyece\u011fini s\u00f6yleyen Enerji ve Tabi Kaynaklar Bakan\u0131 Taner Y\u0131ld\u0131z, \u201cT\u00fcketti\u011fimiz enerjinin d\u00f6rtte birini HES\u2019lerden elde ediyoruz. O [&hellip;]<\/p>\n","protected":false},"author":1,"featured_media":21115,"comment_status":"open","ping_status":"open","sticky":false,"template":"","format":"standard","meta":[],"categories":[51,53,47],"tags":[710,19,63,67,1009,165,35370,1090,12313,667],"views":689,"_links":{"self":[{"href":"https:\/\/www.enerjigazetesi.ist\/en\/wp-json\/wp\/v2\/posts\/23099"}],"collection":[{"href":"https:\/\/www.enerjigazetesi.ist\/en\/wp-json\/wp\/v2\/posts"}],"about":[{"href":"https:\/\/www.enerjigazetesi.ist\/en\/wp-json\/wp\/v2\/types\/post"}],"author":[{"embeddable":true,"href":"https:\/\/www.enerjigazetesi.ist\/en\/wp-json\/wp\/v2\/users\/1"}],"replies":[{"embeddable":true,"href":"https:\/\/www.enerjigazetesi.ist\/en\/wp-json\/wp\/v2\/comments?post=23099"}],"version-history":[{"count":1,"href":"https:\/\/www.enerjigazetesi.ist\/en\/wp-json\/wp\/v2\/posts\/23099\/revisions"}],"predecessor-version":[{"id":23100,"href":"https:\/\/www.enerjigazetesi.ist\/en\/wp-json\/wp\/v2\/posts\/23099\/revisions\/23100"}],"wp:featuredmedia":[{"embeddable":true,"href":"https:\/\/www.enerjigazetesi.ist\/en\/wp-json\/wp\/v2\/media\/21115"}],"wp:attachment":[{"href":"https:\/\/www.enerjigazetesi.ist\/en\/wp-json\/wp\/v2\/media?parent=23099"}],"wp:term":[{"taxonomy":"category","embeddable":true,"href":"https:\/\/www.enerjigazetesi.ist\/en\/wp-json\/wp\/v2\/categories?post=23099"},{"taxonomy":"post_tag","embeddable":true,"href":"https:\/\/www.enerjigazetesi.ist\/en\/wp-json\/wp\/v2\/tags?post=23099"}],"curies":[{"name":"wp","href":"https:\/\/api.w.org\/{rel}","templated":true}]}}