{"id":23013,"date":"2014-02-23T14:21:25","date_gmt":"2014-02-23T11:21:25","guid":{"rendered":"https:\/\/www.enerjigazetesi.ist\/?p=23013"},"modified":"2014-02-23T14:21:25","modified_gmt":"2014-02-23T11:21:25","slug":"bakanlik-elektrik-uretiminde-bahar-yagislarina-guveniyor","status":"publish","type":"post","link":"https:\/\/www.enerjigazetesi.ist\/en\/bakanlik-elektrik-uretiminde-bahar-yagislarina-guveniyor\/","title":{"rendered":"(Turkish) Bakanl\u0131k, Elektrik \u00dcretiminde Bahar Ya\u011f\u0131\u015flar\u0131na G\u00fcveniyor&#8230;"},"content":{"rendered":"<p class=\"qtranxs-available-languages-message qtranxs-available-languages-message-en\">Sorry, this entry is only available in <a href=\"https:\/\/www.enerjigazetesi.ist\/tr\/wp-json\/wp\/v2\/posts\/23013\" class=\"qtranxs-available-language-link qtranxs-available-language-link-tr\" title=\"Turkish\">Turkish<\/a>. For the sake of viewer convenience, the content is shown below in the alternative language. You may click the link to switch the active language.<\/p><p><strong>Enerji ve Tabii Kaynaklar Bakan Yard\u0131mc\u0131s\u0131 Hasan Murat Mercan, kurakl\u0131ktan dolay\u0131 barajlardaki elektrik \u00fcretiminde bir aksakl\u0131k ya\u015fanmad\u0131\u011f\u0131n\u0131 belirterek, \u201c\u0130n\u015fallah \u00f6n\u00fcm\u00fczdeki ya\u011fmurlarda doluluk oranlar\u0131 tekrar arzu edilen seviyeye \u00e7\u0131kar\u201d dedi.21 \u015eubat 2014 Cuma, 18:06:26 E<a href=\"https:\/\/www.enerjigazetesi.ist\/wp-content\/uploads\/2014\/02\/bakanlik-elektrik-uretiminde-bahar-yagislarina-guveniyor.jpg\"><img loading=\"lazy\" class=\"alignleft size-medium wp-image-23016\" title=\"bakanlik-elektrik-uretiminde-bahar-yagislarina-guveniyor\" src=\"https:\/\/www.enerjigazetesi.ist\/wp-content\/uploads\/2014\/02\/bakanlik-elektrik-uretiminde-bahar-yagislarina-guveniyor-300x215.jpg\" alt=\"\" width=\"300\" height=\"215\" srcset=\"https:\/\/www.enerjigazetesi.ist\/wp-content\/uploads\/2014\/02\/bakanlik-elektrik-uretiminde-bahar-yagislarina-guveniyor-300x215.jpg 300w, https:\/\/www.enerjigazetesi.ist\/wp-content\/uploads\/2014\/02\/bakanlik-elektrik-uretiminde-bahar-yagislarina-guveniyor-69x50.jpg 69w, https:\/\/www.enerjigazetesi.ist\/wp-content\/uploads\/2014\/02\/bakanlik-elektrik-uretiminde-bahar-yagislarina-guveniyor.jpg 378w\" sizes=\"(max-width: 300px) 100vw, 300px\" \/><\/a>nerji Bakan Yard\u0131mc\u0131s\u0131 Mercan, kurakl\u0131k konusunu de\u011ferlendirdi.<\/strong><\/p>\n<p>Hasan Murat Mercan, T\u00fcrkiye Ta\u015fk\u00f6m\u00fcr\u00fc Kurumu(TTK) Kozlu M\u00fcessesesi\u2019ne gelerek M\u00fcessese M\u00fcd\u00fcr\u00fc Kaz\u0131m Ero\u011flu\u2019dan maden oca\u011f\u0131 hakk\u0131nda bilgi ald\u0131. Maden elbiseleri giyip ba\u015f\u0131na madenci, bareti takan Mercan\u2019a ocak g\u00fcvenli\u011fi ve gaz maskesi kullan\u0131m\u0131 hakk\u0131nda bilgi verildi.<\/p>\n<h2>BARAJLARIN DOLULUK ORANI<\/h2>\n<p>Enerji ve Tabii Kaynaklar Bakan Yard\u0131mc\u0131s\u0131 Hasan Murat Mercan, bir gazetecinin \u2018T\u00fcrkiye\u2019de g\u00f6r\u00fclen kurakl\u0131k, enerji konusunda etkiler mi?\u2019 sorusuna \u015fu cevab\u0131 verdi: \u201c\u015eu anda enerji a\u00e7\u0131m\u0131z\u0131 s\u00f6z konusu de\u011fil. Enerji a\u00e7\u0131\u011f\u0131n\u0131n ileride ya\u011fan ya\u011fmurlarla ne olaca\u011f\u0131n\u0131 bilemiyoruz. \u00d6zellikle T\u00fcrkiye\u2019de mart ve nisan aylar\u0131nda bahar ya\u011fmurlar\u0131 ya\u011f\u0131yor. \u015eu a\u015famada bir \u015fey s\u00f6ylemek m\u00fcmk\u00fcn de\u011fil; ancak barajlar\u0131m\u0131zdaki elektrik \u00fcretimi devam ediyor. \u0130n\u015fallah \u00f6n\u00fcm\u00fczdeki ya\u011fmurlarda doluluk oranlar\u0131 tekrar arzu edilen seviyeye \u00e7\u0131kar\u201d dedi.<\/p>\n<p>Kaynak: <a href=\"http:\/\/enerjienstitusu.com\/2014\/02\/22\/enerji-bakan-yardimcisi-mercan-kuraklik-konusunu-degerlendirdi\/\" target=\"_blank\">Enerji Enstit\u00fcs\u00fc<\/a><\/p>","protected":false},"excerpt":{"rendered":"<p>Sorry, this entry is only available in Turkish. For the sake of viewer convenience, the content is shown below in the alternative language. You may click the link to switch the active language.Enerji ve Tabii Kaynaklar Bakan Yard\u0131mc\u0131s\u0131 Hasan Murat Mercan, kurakl\u0131ktan dolay\u0131 barajlardaki elektrik \u00fcretiminde bir aksakl\u0131k ya\u015fanmad\u0131\u011f\u0131n\u0131 belirterek, \u201c\u0130n\u015fallah \u00f6n\u00fcm\u00fczdeki ya\u011fmurlarda doluluk oranlar\u0131 [&hellip;]<\/p>\n","protected":false},"author":1,"featured_media":23016,"comment_status":"open","ping_status":"open","sticky":false,"template":"","format":"standard","meta":[],"categories":[51,53],"tags":[13018,19,63,67,1009,165,6902],"views":660,"_links":{"self":[{"href":"https:\/\/www.enerjigazetesi.ist\/en\/wp-json\/wp\/v2\/posts\/23013"}],"collection":[{"href":"https:\/\/www.enerjigazetesi.ist\/en\/wp-json\/wp\/v2\/posts"}],"about":[{"href":"https:\/\/www.enerjigazetesi.ist\/en\/wp-json\/wp\/v2\/types\/post"}],"author":[{"embeddable":true,"href":"https:\/\/www.enerjigazetesi.ist\/en\/wp-json\/wp\/v2\/users\/1"}],"replies":[{"embeddable":true,"href":"https:\/\/www.enerjigazetesi.ist\/en\/wp-json\/wp\/v2\/comments?post=23013"}],"version-history":[{"count":2,"href":"https:\/\/www.enerjigazetesi.ist\/en\/wp-json\/wp\/v2\/posts\/23013\/revisions"}],"predecessor-version":[{"id":23018,"href":"https:\/\/www.enerjigazetesi.ist\/en\/wp-json\/wp\/v2\/posts\/23013\/revisions\/23018"}],"wp:featuredmedia":[{"embeddable":true,"href":"https:\/\/www.enerjigazetesi.ist\/en\/wp-json\/wp\/v2\/media\/23016"}],"wp:attachment":[{"href":"https:\/\/www.enerjigazetesi.ist\/en\/wp-json\/wp\/v2\/media?parent=23013"}],"wp:term":[{"taxonomy":"category","embeddable":true,"href":"https:\/\/www.enerjigazetesi.ist\/en\/wp-json\/wp\/v2\/categories?post=23013"},{"taxonomy":"post_tag","embeddable":true,"href":"https:\/\/www.enerjigazetesi.ist\/en\/wp-json\/wp\/v2\/tags?post=23013"}],"curies":[{"name":"wp","href":"https:\/\/api.w.org\/{rel}","templated":true}]}}