{"id":22978,"date":"2014-02-21T10:49:32","date_gmt":"2014-02-21T07:49:32","guid":{"rendered":"https:\/\/www.enerjigazetesi.ist\/?p=22978"},"modified":"2014-02-21T10:49:32","modified_gmt":"2014-02-21T07:49:32","slug":"bagdat-ve-erbilden-kuzey-irak-petrolu-satisiyla-ilgili-farkli-aciklamalar","status":"publish","type":"post","link":"https:\/\/www.enerjigazetesi.ist\/en\/bagdat-ve-erbilden-kuzey-irak-petrolu-satisiyla-ilgili-farkli-aciklamalar\/","title":{"rendered":"(Turkish) Ba\u011fdat ve Erbil\u2019den Kuzey Irak Petrol\u00fc Sat\u0131\u015f\u0131yla \u0130lgili Farkl\u0131 A\u00e7\u0131klamalar&#8230;"},"content":{"rendered":"<p class=\"qtranxs-available-languages-message qtranxs-available-languages-message-en\">Sorry, this entry is only available in <a href=\"https:\/\/www.enerjigazetesi.ist\/tr\/wp-json\/wp\/v2\/posts\/22978\" class=\"qtranxs-available-language-link qtranxs-available-language-link-tr\" title=\"Turkish\">Turkish<\/a>. For the sake of viewer convenience, the content is shown below in the alternative language. You may click the link to switch the active language.<\/p><p><strong>Irak Ba\u015fbakan Yard\u0131mc\u0131s\u0131 \u015eehristani, Kuzey Irak petrol\u00fcn\u00fcn Ba\u011fdat \u00fczerinden sat\u0131\u015f\u0131 konusunda anla\u015ft\u0131klar\u0131n\u0131 a\u00e7\u0131klad\u0131. Ancak K\u00fcrt B\u00f6lgesi anla\u015fma olmad\u0131\u011f\u0131n\u0131 duyurdu.<\/strong><\/p>\n<p>Irak K\u00fcrdistan B\u00f6lgesel Y\u00f6netimi Ba\u015fbakan\u0131 Ne\u00e7irvan Barzani\u2019yle hafta ba\u015f\u0131nda g\u00f6r\u00fc\u015fen Irak Ba\u015fbakan Yard\u0131mc\u0131s\u0131 H\u00fcseyin \u015eehristani\u2019nin taraflar\u0131n petrol sat\u0131\u015f\u0131n\u0131n Ba\u011fdat \u00fczerinden ger\u00e7ekle\u015ftirilmesi konusunda anla\u015fmaya vard\u0131klar\u0131n\u0131 duyurdu. \u015eehristani\u2019nin a\u00e7\u0131klamas\u0131na g\u00f6re Erbil, T\u00fcrkiye topraklar\u0131na in\u015fa edilen yeni petrol boru hatt\u0131 \u00fcze<a href=\"https:\/\/www.enerjigazetesi.ist\/wp-content\/uploads\/2014\/02\/bagdat-ve-erbilden-kuzey-irak-petrolu-satisiyla-ilgili-farkli-aciklamalar.jpg\"><img loading=\"lazy\" class=\"alignright size-medium wp-image-22979\" title=\"bagdat-ve-erbilden-kuzey-irak-petrolu-satisiyla-ilgili-farkli-aciklamalar\" src=\"https:\/\/www.enerjigazetesi.ist\/wp-content\/uploads\/2014\/02\/bagdat-ve-erbilden-kuzey-irak-petrolu-satisiyla-ilgili-farkli-aciklamalar-300x202.jpg\" alt=\"\" width=\"300\" height=\"202\" srcset=\"https:\/\/www.enerjigazetesi.ist\/wp-content\/uploads\/2014\/02\/bagdat-ve-erbilden-kuzey-irak-petrolu-satisiyla-ilgili-farkli-aciklamalar-300x202.jpg 300w, https:\/\/www.enerjigazetesi.ist\/wp-content\/uploads\/2014\/02\/bagdat-ve-erbilden-kuzey-irak-petrolu-satisiyla-ilgili-farkli-aciklamalar-74x50.jpg 74w, https:\/\/www.enerjigazetesi.ist\/wp-content\/uploads\/2014\/02\/bagdat-ve-erbilden-kuzey-irak-petrolu-satisiyla-ilgili-farkli-aciklamalar.jpg 410w\" sizes=\"(max-width: 300px) 100vw, 300px\" \/><\/a>rinden ihracat yapabilecek. Irak Devlet Televizyonu\u2019na konu\u015fan \u015eehristani, \u201cSaatler s\u00fcren g\u00f6r\u00fc\u015fmelerin ard\u0131ndan, karde\u015flerimizle anla\u015ft\u0131k. Irak Petrol Pazarlama Dairesi petrol sat\u0131\u015f\u0131ndan sorumlu tek milli kurum olacak. Bu ileriye do\u011fru bir ad\u0131m\u201d dedi.<\/p>\n<h2>Erbil: Anla\u015fma yok<\/h2>\n<p>\u015eehristani, petrol gelirlerinin nas\u0131l payla\u015f\u0131laca\u011f\u0131 konusunda g\u00f6r\u00fc\u015f ayr\u0131l\u0131klar\u0131n\u0131n s\u00fcrd\u00fc\u011f\u00fcn\u00fc anlat\u0131rken, \u201cErbil, petrol gelirlerinin New York\u2019taki Irak Geli\u015fim Fonu\u2019ndaki \u00f6zel bir hesaba yatmas\u0131n\u0131 istiyor. Bu sorun hala \u00e7\u00f6z\u00fclmeyi bekliyor\u201d diye konu\u015ftu.<\/p>\n<p>Ancak Irak K\u00fcrdistan \u00d6zerk Y\u00f6netimi S\u00f6zc\u00fcs\u00fc Safin Dizayi, b\u00f6lge petrol\u00fcn\u00fcn\u00fc Irak Petrol Pazarlama Dairesi \u00fczerinden sat\u0131\u015f\u0131 konusunda anla\u015fma olmad\u0131\u011f\u0131n\u0131 a\u00e7\u0131klad\u0131. \u015eark-\u00fcl Evsat gazetesine konu\u015fan Dizayi, Ba\u011fdat\u2019\u0131n pozisyonunda olumlu bir de\u011fi\u015fim oldu\u011funu vurgularken \u201cAs\u0131l \u00f6nemli sorunlar hala \u00e7\u00f6z\u00fclemedi\u201d dedi.<\/p>\n<p>Ba\u011fdat, daha \u00f6nce s\u0131k s\u0131k Kuzey Irak B\u00f6lgesel K\u00fcrt Y\u00f6netimi\u2019nin Irak Petrol Pazarlama Kurumu\u2019ndan ba\u011f\u0131ms\u0131z kendi ba\u015f\u0131na petrol sat\u0131\u015f yapmas\u0131 halinde \u00f6zerk b\u00f6lgeye verece\u011fi petrol pay\u0131n\u0131 kesme tehdidinde bulundu.<\/p>\n<p>Erbil\u2019in, petrol\u00fcn\u00fc T\u00fcrkiye\u2019nin Ceyhan liman\u0131na ta\u015f\u0131yan boru hatt\u0131 in\u015fas\u0131n\u0131n tamamlamas\u0131n\u0131n ard\u0131ndan, Kuzey Irak\u2019tan test ama\u00e7l\u0131 petrol pompalanmaya ba\u015flam\u0131\u015f, ancak Ba\u011fdat ve Erbil aras\u0131nda anla\u015fma sa\u011flanamay\u0131nca petrol sat\u0131\u015f\u0131 ger\u00e7ekle\u015fmemi\u015fti. T\u00fcrkiye ise \u00fc\u00e7l\u00fc mekanizma \u00f6nerdi, Ba\u011fdat ve Erbil anla\u015fana dek Kuzey Irak petrol gelirlerinin T\u00fcrkiye\u2019de toplanmas\u0131n\u0131, anla\u015fma olunca iki taraf\u0131n da kendi paylar\u0131n\u0131 T\u00fcrkiye\u2019deki hesaptan \u00e7ekmesini teklif etti.<\/p>\n<p>Kaynak: <a href=\"http:\/\/www.aljazeera.com.tr\/haber\/bagdat-ve-erbilden-farkli-aciklamalar\" target=\"_blank\">aljazeera<\/a><\/p>","protected":false},"excerpt":{"rendered":"<p>Sorry, this entry is only available in Turkish. For the sake of viewer convenience, the content is shown below in the alternative language. You may click the link to switch the active language.Irak Ba\u015fbakan Yard\u0131mc\u0131s\u0131 \u015eehristani, Kuzey Irak petrol\u00fcn\u00fcn Ba\u011fdat \u00fczerinden sat\u0131\u015f\u0131 konusunda anla\u015ft\u0131klar\u0131n\u0131 a\u00e7\u0131klad\u0131. Ancak K\u00fcrt B\u00f6lgesi anla\u015fma olmad\u0131\u011f\u0131n\u0131 duyurdu. Irak K\u00fcrdistan B\u00f6lgesel Y\u00f6netimi [&hellip;]<\/p>\n","protected":false},"author":1,"featured_media":22979,"comment_status":"open","ping_status":"open","sticky":false,"template":"","format":"standard","meta":[],"categories":[53,44],"tags":[13001,63,67,1009,165,10476,10081,7732,746,7373,877],"views":700,"_links":{"self":[{"href":"https:\/\/www.enerjigazetesi.ist\/en\/wp-json\/wp\/v2\/posts\/22978"}],"collection":[{"href":"https:\/\/www.enerjigazetesi.ist\/en\/wp-json\/wp\/v2\/posts"}],"about":[{"href":"https:\/\/www.enerjigazetesi.ist\/en\/wp-json\/wp\/v2\/types\/post"}],"author":[{"embeddable":true,"href":"https:\/\/www.enerjigazetesi.ist\/en\/wp-json\/wp\/v2\/users\/1"}],"replies":[{"embeddable":true,"href":"https:\/\/www.enerjigazetesi.ist\/en\/wp-json\/wp\/v2\/comments?post=22978"}],"version-history":[{"count":1,"href":"https:\/\/www.enerjigazetesi.ist\/en\/wp-json\/wp\/v2\/posts\/22978\/revisions"}],"predecessor-version":[{"id":22980,"href":"https:\/\/www.enerjigazetesi.ist\/en\/wp-json\/wp\/v2\/posts\/22978\/revisions\/22980"}],"wp:featuredmedia":[{"embeddable":true,"href":"https:\/\/www.enerjigazetesi.ist\/en\/wp-json\/wp\/v2\/media\/22979"}],"wp:attachment":[{"href":"https:\/\/www.enerjigazetesi.ist\/en\/wp-json\/wp\/v2\/media?parent=22978"}],"wp:term":[{"taxonomy":"category","embeddable":true,"href":"https:\/\/www.enerjigazetesi.ist\/en\/wp-json\/wp\/v2\/categories?post=22978"},{"taxonomy":"post_tag","embeddable":true,"href":"https:\/\/www.enerjigazetesi.ist\/en\/wp-json\/wp\/v2\/tags?post=22978"}],"curies":[{"name":"wp","href":"https:\/\/api.w.org\/{rel}","templated":true}]}}