{"id":22937,"date":"2014-02-20T18:20:50","date_gmt":"2014-02-20T15:20:50","guid":{"rendered":"https:\/\/www.enerjigazetesi.ist\/?p=22937"},"modified":"2014-02-20T18:22:10","modified_gmt":"2014-02-20T15:22:10","slug":"enerji-verimliligi-ve-tasarrufu-ile-elektrik-faturasi-dusurecek","status":"publish","type":"post","link":"https:\/\/www.enerjigazetesi.ist\/en\/enerji-verimliligi-ve-tasarrufu-ile-elektrik-faturasi-dusurecek\/","title":{"rendered":"(Turkish) Devlet Enerji Verimlili\u011fi ve Tasarrufu \u0130le Elektrik Faturas\u0131n\u0131 D\u00fc\u015f\u00fcrecek&#8230;"},"content":{"rendered":"<p class=\"qtranxs-available-languages-message qtranxs-available-languages-message-en\">Sorry, this entry is only available in <a href=\"https:\/\/www.enerjigazetesi.ist\/tr\/wp-json\/wp\/v2\/posts\/22937\" class=\"qtranxs-available-language-link qtranxs-available-language-link-tr\" title=\"Turkish\">Turkish<\/a>. For the sake of viewer convenience, the content is shown below in the alternative language. You may click the link to switch the active language.<\/p><p><strong>Yenilenebilir Enerji Genel M\u00fcd\u00fcrl\u00fc\u011f\u00fc, 166 kamu binas\u0131n\u0131n enerji verimlili\u011fi et\u00fcd\u00fcn\u00fcn yap\u0131lmas\u0131 hizmet al\u0131m\u0131 i\u015fine y\u00f6nelik olarak yar\u0131n ihale d\u00fczenleyecek. \u0130hale kapsam\u0131nda aralar\u0131nda \u00fcniversiteler, hastaneler, okullar, hava limanlar\u0131, cezaevleri, belediyeler, yurtlar ve adliyelerin bulundu\u011fu kamu binalar\u0131nda yap\u0131lacak et\u00fct \u00e7al\u0131\u015fmalar\u0131yla enerji verimlili\u011fi ve tasarrufunu art\u0131racak uygulamalar belirlenecek.<\/strong><\/p>\n<p>\u0130hale komisyonu taraf\u0131ndan, a\u015f\u0131r\u0131 d\u00fc\u015f\u00fck tekliflerin tespiti, de\u011ferlendirilmesi ve ekonomik a\u00e7\u0131dan en avantajl\u0131 teklifin belirlenmesinde, Kamu \u0130hale Kurumu taraf\u0131ndan belirlenen kriterler esas al\u0131nacak. \u0130hale kapsam\u0131ndaki i\u015flemler 190 g\u00fcn i\u00e7inde tamamlanacak. Tekliflerin de\u011ferlendirilm<a href=\"https:\/\/www.enerjigazetesi.ist\/wp-content\/uploads\/2014\/02\/devlet-enerji-verimliligi-ve-tasarrufunu-artirarak-elektrik-faturasini-dusurecek.jpg\"><img loading=\"lazy\" class=\"alignleft size-medium wp-image-22938\" title=\"devlet-enerji-verimliligi-ve-tasarrufunu-artirarak-elektrik-faturasini-dusurecek\" src=\"https:\/\/www.enerjigazetesi.ist\/wp-content\/uploads\/2014\/02\/devlet-enerji-verimliligi-ve-tasarrufunu-artirarak-elektrik-faturasini-dusurecek-300x193.jpg\" alt=\"\" width=\"300\" height=\"193\" srcset=\"https:\/\/www.enerjigazetesi.ist\/wp-content\/uploads\/2014\/02\/devlet-enerji-verimliligi-ve-tasarrufunu-artirarak-elektrik-faturasini-dusurecek-300x193.jpg 300w, https:\/\/www.enerjigazetesi.ist\/wp-content\/uploads\/2014\/02\/devlet-enerji-verimliligi-ve-tasarrufunu-artirarak-elektrik-faturasini-dusurecek-77x50.jpg 77w, https:\/\/www.enerjigazetesi.ist\/wp-content\/uploads\/2014\/02\/devlet-enerji-verimliligi-ve-tasarrufunu-artirarak-elektrik-faturasini-dusurecek.jpg 455w\" sizes=\"(max-width: 300px) 100vw, 300px\" \/><\/a>esinde yerli istekliler lehine fiyat avantaj\u0131 uygulanmayacak.<\/p>\n<p>\u0130hale kapsam\u0131ndaki binalarda enerji verimlili\u011finin art\u0131r\u0131lmas\u0131na y\u00f6nelik imkanlar\u0131n ortaya \u00e7\u0131kar\u0131lmas\u0131 i\u00e7in bilgi toplama, \u00f6l\u00e7\u00fcm, de\u011ferlendirme ve raporlama a\u015famalar\u0131ndan olu\u015fan et\u00fct \u00e7al\u0131\u015fmalar\u0131 yap\u0131lacak. Bu \u00e7al\u0131\u015fmalar sonucunda enerji tasarruf potansiyelleri ve bu potansiyellerin geri kazan\u0131lmas\u0131na y\u00f6nelik \u00f6nlemler, mali etkileri ile birlikte \u00f6l\u00e7\u00fcm, hesap ve piyasa ara\u015ft\u0131rmalar\u0131 ile belirlenecek ve et\u00fct edilen binalar i\u00e7in Enerji Kimlik Belgesi d\u00fczenlenecek.<\/p>\n<p>\u00c7al\u0131\u015fma yap\u0131lacak kamu binalar\u0131 aras\u0131nda \u00fcniversiteler, hastaneler, okullar, hava limanlar\u0131, cezaevleri, belediyeler, yurtlar ve adliyeler yer alacak. Anayasa Mahkemesi Ba\u015fkanl\u0131\u011f\u0131, G\u0131da Tar\u0131m ve Hayvanc\u0131l\u0131k Bakanl\u0131\u011f\u0131, Hazine M\u00fcste\u015farl\u0131\u011f\u0131, Esenbo\u011fa Havaliman\u0131, BOTA\u015e Genel M\u00fcd\u00fcrl\u00fc\u011f\u00fc, Ankara Cumhuriyet Ba\u015fsavc\u0131l\u0131\u011f\u0131, Ankara Emniyet M\u00fcd\u00fcrl\u00fc\u011f\u00fc, Bilgi Teknolojileri ve \u0130leti\u015fim Kurumu (BTK), Bankac\u0131l\u0131k D\u00fczenleme ve Denetleme Kurumu (BDDK), N\u00fcfus ve Vatanda\u015fl\u0131k \u0130\u015fleri Genel M\u00fcd\u00fcrl\u00fc\u011f\u00fc, Devlet Meteoroloji \u0130\u015fleri Genel M\u00fcd\u00fcrl\u00fc\u011f\u00fc, \u0130SK\u0130 ve T\u00dcB\u0130TAK gibi kurumlarda yap\u0131lacak et\u00fctler sonunda binalara Enerji Kimlik Belgesi verilecek.<\/p>\n<p>\u0130hale kapsam\u0131ndaki i\u015fler \u00e7er\u00e7evesinde, mimari, mekanik tesisat, elektrik ve ayd\u0131nlatma projeleri mevcut olmayan binalar i\u00e7in ihtiya\u00e7 duyulmas\u0131 veya proje farkl\u0131l\u0131klar\u0131 olmas\u0131 durumunda r\u00f6leve \u00e7al\u0131\u015fmas\u0131 yap\u0131larak, r\u00f6leve projeleri haz\u0131rlanacak.<\/p>\n<h2>Binalardaki et\u00fct \u00e7al\u0131\u015fmas\u0131 kapsam\u0131nda \u015fu i\u015flemler ger\u00e7ekle\u015ftirilecek:<\/h2>\n<p>&#8211; Binaya giren enerji t\u00fcrleri, birim enerji b\u00fcy\u00fckl\u00fckleri, kullan\u0131m miktar\u0131-zaman grafikleri haz\u0131rlanacak ve bunlarla ilgili analizler yap\u0131lacak.<\/p>\n<p>&#8211; Is\u0131tma\/so\u011futma sistemlerinden, enerji \u00e7evirim sistemlerinden \u00e7\u0131kan, de\u011ferlendirilebilir enerji at\u0131klar\u0131n\u0131n, t\u00fcrleri, olu\u015fum nedenleri, miktar-zaman grafikleri haz\u0131rlanacak ve bunlarla ilgili analizler yap\u0131lacak.<\/p>\n<p>&#8211; Bina ve ekipmanlardaki \u0131s\u0131 yal\u0131t\u0131m\u0131 yetersizlikleri, ekipmanlardaki buhar, gaz, su, yak\u0131t ka\u00e7aklar\u0131, s\u0131z\u0131nt\u0131lar\u0131 ve elektrik sistemlerindeki uyumsuzluklar nedeniyle kaybedilen ve \u00f6nlenmesi m\u00fcmk\u00fcn olan enerji miktarlar\u0131 analiz edilecek.<\/p>\n<p>&#8211; Enerji verimsiz ekipman veya i\u015flem uygulamas\u0131 nedeniyle bo\u015fa harcanan ve \u00f6nlenmesi m\u00fcmk\u00fcn olan enerji miktar\u0131 analiz edilecek.<\/p>\n<p>&#8211; Is\u0131tma, so\u011futma, ayd\u0131nlatma, ofis ihtiya\u00e7lar\u0131 ve benzeri alanlarda gere\u011finden fazla kullan\u0131lan, beklemede olan veya bo\u015fa \u00e7al\u0131\u015fan ekipmanlar \u00fczerinden veya davran\u0131\u015f bi\u00e7imlerinden dolay\u0131 israf edilen enerji miktarlar\u0131 analiz edilecek.<\/p>\n<p>&#8211; Girdi profilindeki enerji t\u00fcrleri baz\u0131nda sera gaz\u0131 miktarlar\u0131 hesaplanacak ve analiz edilecek.<\/p>\n<p>&#8211; Binada uygulanan enerji y\u00f6netimi sistemi, enerji y\u00f6neticisinin g\u00f6rev ve sorumluluklar\u0131, uygulanan i\u015f, i\u015flem ve prosed\u00fcrler, \u00e7al\u0131\u015fanlar\u0131n bilin\u00e7 d\u00fczeyi ve enerji y\u00f6netimine \u00fcst y\u00f6netimin bak\u0131\u015f\u0131 analiz edilecek.<\/p>\n<h2>Son 3 y\u0131ll\u0131k enerji t\u00fcketimi incelenecek<\/h2>\n<p>Ayr\u0131ca binan\u0131n et\u00fct yap\u0131lan y\u0131ldan \u00f6nceki 3 mali y\u0131la ait enerji t\u00fcketimleri ve maliyetleri incelenecek ve enerji t\u00fcketimleri, kullan\u0131m amac\u0131na ve yak\u0131t t\u00fcr\u00fcne g\u00f6re kilovatsaat ve ton e\u015fde\u011fer petrol cinsinden, y\u0131ll\u0131k ve ayl\u0131k bazda ayr\u0131 ayr\u0131 analiz edilecek. Enerji kullan\u0131m\u0131n\u0131n analiz edilmesinde \u0131s\u0131tma, so\u011futma, ayd\u0131nlatma ve s\u0131cak su i\u00e7in kullan\u0131lan enerjiler ayr\u0131 ayr\u0131 ele al\u0131nacak.<\/p>\n<p>Elektrik tarife analizi yap\u0131lacak ve en ekonomik tarife modeli ortaya konulacak.<\/p>\n<p>Binan\u0131n yal\u0131t\u0131m durumu ortaya konulacak, bina zarf\u0131nda olan \u0131s\u0131 kay\u0131plar\u0131, \u0131s\u0131 kazan\u00e7lar\u0131 ve \u0131s\u0131 k\u00f6pr\u00fcleri belirlenecek, termal kamera \u00e7al\u0131\u015fmalar\u0131 veya uygun y\u00f6ntemler ile gerekli tespitlerde bulunulacak.<\/p>\n<p>Binan\u0131n mevcut durumu ve \u00f6nerilen yal\u0131t\u0131m \u00f6nermeleri i\u00e7in TS 825 Binalarda Is\u0131 Yal\u0131t\u0131m\u0131 Kurallar\u0131 Standard\u0131\u2019na g\u00f6re y\u0131ll\u0131k \u0131s\u0131tma enerjisi ihtiyac\u0131 hesaplanacak.<\/p>\n<p>Ayd\u0131nlatma sistemi enerji verimlili\u011fi a\u00e7\u0131s\u0131ndan incelenerek ayd\u0131nlatma seviyesi ve enerji \u00f6l\u00e7\u00fcmleri yap\u0131lacak.<\/p>\n<h2>Asans\u00f6r ve y\u00fcr\u00fcyen merdivenlerin verimlili\u011fi masaya yat\u0131r\u0131lacak<\/h2>\n<p>Elektrik ve mekanik sistemlerde termal kamera ile \u00e7ekimler yap\u0131lacak, a\u015f\u0131r\u0131 \u0131s\u0131nma ve \u0131s\u0131 kay\u0131plar\u0131n\u0131n oldu\u011fu k\u0131s\u0131mlar tespit edilecek ve gerekli \u00f6neriler yap\u0131lacak.<\/p>\n<p>Tesis ve binalar\u0131n, \u0131s\u0131tma, so\u011futma, havaland\u0131rma, s\u0131hhi s\u0131cak su, elektrik ve ayd\u0131nlatma enerjisi ihtiya\u00e7lar\u0131n\u0131n tamamen veya k\u0131smen kar\u015f\u0131lanmas\u0131 amac\u0131yla yenilenebilir enerji kaynaklar\u0131 kullan\u0131m\u0131, hava, toprak veya su kaynakl\u0131 \u0131s\u0131 pompas\u0131, kojenerasyon ve mikrokojenerasyon gibi sistem \u00e7\u00f6z\u00fcmlerinden birinin veya birka\u00e7\u0131n\u0131n uygulanmas\u0131 konusunda analizler yap\u0131lacak ve en ekonomik \u00e7\u00f6z\u00fcm yolu \u00f6nerilecek.<\/p>\n<p>Elektrikli cihazlar\u0131n ve ofis ekipmanlar\u0131n\u0131n, varsa asans\u00f6r ve y\u00fcr\u00fcyen merdivenlerin verimli kullan\u0131lmas\u0131na y\u00f6nelik de\u011ferlendirmeler ve analizler yap\u0131lacak.<\/p>\n<p>Et\u00fct \u00e7al\u0131\u015fmalar\u0131 sonucunda \u00f6nerilen \u00f6nlemlere y\u00f6nelik olarak geri \u00f6deme s\u00fcreleri hesaplanacak. Geri \u00f6deme s\u00fcreleri ile ilgili gruplar, hi\u00e7 maliyetsiz \u00f6demeler, geri \u00f6deme s\u00fcresi 2 y\u0131ldan az olan \u00f6nlemler, geri \u00f6deme s\u00fcresi 2-5 y\u0131l aras\u0131nda olan \u00f6nlemler ve geri \u00f6deme s\u00fcresi 5 y\u0131ldan fazla olan \u00f6nlemler \u015feklinde olu\u015fturulacak.<\/p>\n<p>Et\u00fct kapsam\u0131nda belirlenen \u00f6nlemlerin uygulanmas\u0131na ili\u015fkin olarak yenilenebilir enerji gibi konular\u0131 da i\u00e7erecek \u015fekilde, enerji verimlili\u011fi \u00f6nlemleri \u00f6nceliklendirilecek, uygulamaya ili\u015fkin s\u00fcre\u00e7ler, 1 y\u0131l i\u00e7inde uygulanabilecekler i\u00e7in k\u0131sa, 2 y\u0131l i\u00e7inde uygulanabilecekler i\u00e7in orta veya 5 y\u0131l i\u00e7inde uygulanabilecekler i\u00e7in uzun vade \u015feklinde tan\u0131mlanacak.<\/p>\n<p>Kaynak: <a href=\"http:\/\/ekonomi.haber7.com\/turkiye-ekonomisi\/haber\/1129849-devlet-elektrik-faturasini-dusurecek\" target=\"_blank\">Haber 7<\/a><\/p>","protected":false},"excerpt":{"rendered":"<p>Sorry, this entry is only available in Turkish. For the sake of viewer convenience, the content is shown below in the alternative language. You may click the link to switch the active language.Yenilenebilir Enerji Genel M\u00fcd\u00fcrl\u00fc\u011f\u00fc, 166 kamu binas\u0131n\u0131n enerji verimlili\u011fi et\u00fcd\u00fcn\u00fcn yap\u0131lmas\u0131 hizmet al\u0131m\u0131 i\u015fine y\u00f6nelik olarak yar\u0131n ihale d\u00fczenleyecek. \u0130hale kapsam\u0131nda aralar\u0131nda \u00fcniversiteler, [&hellip;]<\/p>\n","protected":false},"author":1,"featured_media":22938,"comment_status":"open","ping_status":"open","sticky":false,"template":"","format":"standard","meta":[],"categories":[51,53,52],"tags":[12967,12969,63,626,67,1009,12970,165,12972,103,12971,12,12966,10113,2054,12965,12968,12973,2168],"views":1114,"_links":{"self":[{"href":"https:\/\/www.enerjigazetesi.ist\/en\/wp-json\/wp\/v2\/posts\/22937"}],"collection":[{"href":"https:\/\/www.enerjigazetesi.ist\/en\/wp-json\/wp\/v2\/posts"}],"about":[{"href":"https:\/\/www.enerjigazetesi.ist\/en\/wp-json\/wp\/v2\/types\/post"}],"author":[{"embeddable":true,"href":"https:\/\/www.enerjigazetesi.ist\/en\/wp-json\/wp\/v2\/users\/1"}],"replies":[{"embeddable":true,"href":"https:\/\/www.enerjigazetesi.ist\/en\/wp-json\/wp\/v2\/comments?post=22937"}],"version-history":[{"count":5,"href":"https:\/\/www.enerjigazetesi.ist\/en\/wp-json\/wp\/v2\/posts\/22937\/revisions"}],"predecessor-version":[{"id":22943,"href":"https:\/\/www.enerjigazetesi.ist\/en\/wp-json\/wp\/v2\/posts\/22937\/revisions\/22943"}],"wp:featuredmedia":[{"embeddable":true,"href":"https:\/\/www.enerjigazetesi.ist\/en\/wp-json\/wp\/v2\/media\/22938"}],"wp:attachment":[{"href":"https:\/\/www.enerjigazetesi.ist\/en\/wp-json\/wp\/v2\/media?parent=22937"}],"wp:term":[{"taxonomy":"category","embeddable":true,"href":"https:\/\/www.enerjigazetesi.ist\/en\/wp-json\/wp\/v2\/categories?post=22937"},{"taxonomy":"post_tag","embeddable":true,"href":"https:\/\/www.enerjigazetesi.ist\/en\/wp-json\/wp\/v2\/tags?post=22937"}],"curies":[{"name":"wp","href":"https:\/\/api.w.org\/{rel}","templated":true}]}}