{"id":22912,"date":"2014-02-20T10:53:17","date_gmt":"2014-02-20T07:53:17","guid":{"rendered":"https:\/\/www.enerjigazetesi.ist\/?p=22912"},"modified":"2014-02-20T10:53:17","modified_gmt":"2014-02-20T07:53:17","slug":"antalyanin-tum-elektrik-ihtiyaci-ruzgardan-cikti","status":"publish","type":"post","link":"https:\/\/www.enerjigazetesi.ist\/en\/antalyanin-tum-elektrik-ihtiyaci-ruzgardan-cikti\/","title":{"rendered":"(Turkish) Antalya`n\u0131n T\u00fcm Elektrik \u0130htiyac\u0131 R\u00fczgardan \u00c7\u0131kt\u0131!"},"content":{"rendered":"<p class=\"qtranxs-available-languages-message qtranxs-available-languages-message-en\">Sorry, this entry is only available in <a href=\"https:\/\/www.enerjigazetesi.ist\/tr\/wp-json\/wp\/v2\/posts\/22912\" class=\"qtranxs-available-language-link qtranxs-available-language-link-tr\" title=\"Turkish\">Turkish<\/a>. For the sake of viewer convenience, the content is shown below in the alternative language. You may click the link to switch the active language.<\/p><p><strong>Enerji ve Tabii Kaynaklar Bakan\u0131 Taner Y\u0131ld\u0131z, r\u00fczgar santrallerinin elektrik \u00fcretimindeki y\u00fczde 3.5`e yakla\u015ft\u0131\u011f\u0131n\u0131 belirterek, &#8220;Ge\u00e7ti\u011fimiz y\u0131l r\u00fczgar santrallerinden elde etti\u011fimiz enerji, Antalya`n\u0131n 1 y\u0131lda t\u00fcketti\u011fi enerjiye denk geliyor&#8221; dedi.<\/strong><\/p>\n<p>Bakan Y\u0131ld\u0131z, T\u00fcrkiye R\u00fczgar Enerjisi Sekt\u00f6r Toplant\u0131s\u0131`na kat\u0131ld\u0131. R\u00fczgar\u0131n \u00e7evreyle dost ve ideal bir enerji kayna\u011f\u0131 oldu\u011funu belirten Bakan Y\u0131ld\u0131z, T\u00fcrkiye`nin, r\u00fczgarda, kendi kayna\u011f\u0131n\u0131 ba\u015fka \u00fclkelerin teknolojisiyle birle\u015ftirebilme avantaj\u0131na sahip oldu\u011funu da ifade etti.<\/p>\n<p><strong>R\u00dcZGARA KAR\u015eI \u00c7IKMAK \u0130ZAH ED\u0130LEMEZ<\/strong><\/p>\n<p>G\u00fcvenilir ve s\u00fcrd\u00fcr\u00fclebilir olu\u015fu nedeniyle r<a href=\"https:\/\/www.enerjigazetesi.ist\/wp-content\/uploads\/2014\/02\/antalyanin-tum-elektrik-ihtiyaci-ruzgardan-cikti.jpg\"><img loading=\"lazy\" class=\"alignleft size-medium wp-image-22913\" title=\"antalyanin-tum-elektrik-ihtiyaci-ruzgardan-cikti\" src=\"https:\/\/www.enerjigazetesi.ist\/wp-content\/uploads\/2014\/02\/antalyanin-tum-elektrik-ihtiyaci-ruzgardan-cikti-300x213.jpg\" alt=\"\" width=\"300\" height=\"213\" srcset=\"https:\/\/www.enerjigazetesi.ist\/wp-content\/uploads\/2014\/02\/antalyanin-tum-elektrik-ihtiyaci-ruzgardan-cikti-300x213.jpg 300w, https:\/\/www.enerjigazetesi.ist\/wp-content\/uploads\/2014\/02\/antalyanin-tum-elektrik-ihtiyaci-ruzgardan-cikti-500x355.jpg 500w, https:\/\/www.enerjigazetesi.ist\/wp-content\/uploads\/2014\/02\/antalyanin-tum-elektrik-ihtiyaci-ruzgardan-cikti-70x50.jpg 70w, https:\/\/www.enerjigazetesi.ist\/wp-content\/uploads\/2014\/02\/antalyanin-tum-elektrik-ihtiyaci-ruzgardan-cikti.jpg 600w\" sizes=\"(max-width: 300px) 100vw, 300px\" \/><\/a>\u00fczgar\u0131n \u00f6zellikle \u015fu g\u00fcnlerde su kaynaklar\u0131na oranla daha avantajl\u0131 oldu\u011funu belirten Y\u0131ld\u0131z &#8220;\u00c7\u00fcnk\u00fc T\u00fcrkiye`nin r\u00fczgar\u0131 s\u00fcrd\u00fcr\u00fclebilir bir durumda&#8221; dedi. Baz\u0131 kesimlerin r\u00fczg\u00e2ra kar\u015f\u0131 baz\u0131 arg\u00fcmanlar geli\u015ftirdi\u011fini belirten Bakan Y\u0131ld\u0131z, r\u00fczgar gibi masum bir kayna\u011fa kar\u015f\u0131 \u00e7\u0131kman\u0131n izah edilemeyece\u011fini s\u00f6yledi.<\/p>\n<p><strong>10 B\u0130N KU\u015e \u00d6L\u00dcM\u00dcNDEN B\u0130R\u0130 R\u00dcZGARLA \u0130LG\u0130L\u0130<\/strong><\/p>\n<p>R\u00fczgar enerjisinin \u00e7evresel etkilerine de\u011finen Y\u0131ld\u0131z, \u0130ngiltere`de Kraliyet Ku\u015flar\u0131 Koruma Derne\u011fi`nin \u00e7al\u0131\u015fmalar\u0131na g\u00f6re, r\u00fczgar \u00e7iftliklerinin ku\u015flar \u00fczerinde \u00f6nemli bir etkisinin olmad\u0131\u011f\u0131n\u0131 vurgulad\u0131. Ara\u015ft\u0131rmalara g\u00f6re ku\u015f \u00f6l\u00fcmlerinin yaln\u0131z onbinde birinin do\u011frudan r\u00fczgar santrallerinden kaynakland\u0131\u011f\u0131n\u0131 ifade eden Y\u0131ld\u0131z, r\u00fczgar santrallerine ili\u015fkin yanl\u0131\u015f alg\u0131n\u0131n de\u011fi\u015ftirilmesi gerekti\u011fini anlatt\u0131.<\/p>\n<p><strong>YEN\u0130LENEB\u0130L\u0130R KAYNAKLAR Y\u00dcK\u00dc HAF\u0130FLET\u0130R<\/strong><\/p>\n<p>Yenilebilir enerji kaynaklar\u0131ndan kar\u015f\u0131lanamayan enerjinin \u00fclke ekonomisi i\u00e7in a\u011f\u0131r y\u00fck oldu\u011funu vurgulayan Y\u0131ld\u0131z, \u015funlar\u0131 kaydetti:<br \/>\n&#8220;T\u00fcrkiye, son 11 y\u0131l i\u00e7erisinde enerji politikalar\u0131n\u0131 yerli ve yenilenebilir enerji kaynaklar\u0131 \u00fczerine kurdu ve bunlar\u0131n \u00e7evreyle birlikte yap\u0131lmas\u0131n\u0131 \u00f6n plana ald\u0131. 11 y\u0131l \u00f6nce r\u00fczgar enerjisi kullan\u0131m\u0131 hemen hemen yok denecek kadard\u0131 ve 11 y\u0131lda 7,5 milyar liral\u0131k yat\u0131r\u0131mla 3 bin megavatlar civar\u0131nda bir rakam yakaland\u0131.<\/p>\n<p><strong>ANTALYA`NIN \u0130HT\u0130YACI KADAR R\u00dcZGAR ELEKTR\u0130\u011e\u0130<\/strong><\/p>\n<p>R\u00fczgar santrallerinin kurulu g\u00fc\u00e7teki pay\u0131n\u0131n y\u00fczde 4.5, \u00fcretimdeki pay\u0131n\u0131n ise y\u00fczde 3.5 seviyesine yakla\u015ft\u0131\u011f\u0131n\u0131 kaydeden Taner Y\u0131ld\u0131z, &#8220;Yaln\u0131zca ge\u00e7en y\u0131l r\u00fczgardan elde etti\u011feimiz elektrik miktar\u0131 7.5 milyar kilovatsaat. Bu Antalya`n\u0131n 1 y\u0131lda t\u00fcketti\u011fi enerjiye denk&#8221; dedi. Bakan Y\u0131ld\u0131z, r\u00fczgar santrallerinden elde edilen elektri\u011fin, konut abonelerinin yar\u0131s\u0131ndan fazlas\u0131n\u0131n 1 y\u0131ll\u0131k elektrik ihtiyac\u0131n\u0131 kar\u015f\u0131lad\u0131\u011f\u0131na dikkati \u00e7ekti.<\/p>\n<p><strong>DO\u011eALGAZDAN 2.5 M\u0130LYAR DOLARLIK AVANTAJ<\/strong><\/p>\n<p>T\u00fcrkiye`nin r\u00fczg\u00e2r santrallerinden 11 y\u0131lda yakla\u015f\u0131k 24 milyar kilovatsaat elektrik \u00fcretti\u011fini anlatan Y\u0131ld\u0131z, \u015f\u00f6yle konu\u015ftu:<br \/>\n&#8220;Bu enerjinin yar\u0131s\u0131 son 2 y\u0131lda \u00fcretildi. Bu sayede yakla\u015f\u0131k 2.5 milyar dolarl\u0131k do\u011fal gaz ithalat\u0131n\u0131 \u00f6nledik. Bu do\u011fal gaz konut abonelerimizin 1 y\u0131ll\u0131k ihtiyac\u0131n\u0131n yar\u0131s\u0131na kar\u015f\u0131l\u0131k geliyor. Yakla\u015f\u0131k 4 milyon kombi ve do\u011fal gaz abonesine kar\u015f\u0131l\u0131k geliyor. \u00dclkemizin ovalar\u0131n\u0131n 5 y\u0131l sulamas\u0131nda kullan\u0131lan elektri\u011fe denk geliyor.&#8221;<\/p>\n<p><strong>ORMAN \u0130Z\u0130NLER\u0130 \u0130\u00c7\u0130N YOL HAR\u0130TASI HAZIRLANIYOR<\/strong><\/p>\n<p>R\u00fczgar sanayinin geli\u015fmesine y\u00f6nelik destekler sayesinde kanat \u00fcreticisi say\u0131s\u0131n\u0131n 2`ye, kule \u00fcreticisi say\u0131s\u0131n\u0131n da 6`ya \u00e7\u0131kt\u0131\u011f\u0131n\u0131 anlatan Y\u0131ld\u0131z, t\u00fcm bu geli\u015fmelerin cari a\u00e7\u0131\u011fa da olumlu yans\u0131yaca\u011f\u0131n\u0131 bildirdi. R\u00fczgar yat\u0131r\u0131mlar\u0131n\u0131n kolayla\u015ft\u0131r\u0131lmas\u0131 i\u00e7in ilgili kurumlar aras\u0131nda koordinasyonun sa\u011flanmas\u0131 ve problemlerin \u00e7\u00f6z\u00fclmesine t\u00fcm taraflar\u0131n katk\u0131 koymas\u0131 gerekti\u011fini dile getiren Y\u0131ld\u0131z, &#8220;Orman ve Su \u0130\u015fleri Bakan\u0131m\u0131z Veysel Ero\u011flu ile de g\u00f6r\u00fc\u015ft\u00fcm. Gelibolu Yar\u0131madas\u0131 gibi baz\u0131 yerlerde bir tak\u0131m \u015ferhleri var. Onlarla alakal\u0131 orman arazilerine kar\u015f\u0131l\u0131k gelebilecek bir k\u0131s\u0131m yerlerde \u015ferhleri var. Bunlarla alakal\u0131 da mutlaka \u00e7\u00f6z\u00fcmleri \u00fcretmemiz laz\u0131m. Kendisiyle bunun yol haritas\u0131n\u0131 da konu\u015ftuk in\u015fallah bunu sa\u011flam\u0131\u015f olaca\u011f\u0131z&#8221; diye konu\u015ftu.<\/p>\n<p><strong>YATIRIMCILAR YATIRIMLARINA DEVAM ETS\u0130N<\/strong><\/p>\n<p>T\u00fcrkiye`nin siyasi olarak b\u00fcy\u00fck s\u0131k\u0131nt\u0131lar\u0131 atlatt\u0131\u011f\u0131n\u0131 ifade eden Y\u0131ld\u0131z, bu konuda ciddi bir s\u0131k\u0131nt\u0131 g\u00f6rmediklerini, yat\u0131r\u0131mc\u0131lara, yat\u0131r\u0131mlar\u0131na devam etmelerini tavsiye etti. Taner Y\u0131ld\u0131z, 2014 y\u0131l\u0131 i\u00e7inde 1000 megavata yak\u0131n r\u00fczgar santralinin devreye girmesini beklediklerini dile getirdi. Y\u0131ld\u0131z, T\u00fcrkiye`nin sahip oldu\u011fu co\u011frafi avantajlarla r\u00fczgar, do\u011fal gaz ve petrolde merkez haline gelebilece\u011fini vurgulayarak, siyasi istikrar\u0131n g\u00fcven veren yap\u0131s\u0131n\u0131n da herkes taraf\u0131ndan g\u00f6r\u00fclece\u011fini s\u00f6yledi.<\/p>\n<p>Kaynak: <a href=\"http:\/\/www.enerjigunlugu.net\/antalyanin-tum-elektrik-ihtiyaci-ruzgardan-cikti_7203.html\" target=\"_blank\">Enerji G\u00fcnl\u00fc\u011f\u00fc<\/a><\/p>","protected":false},"excerpt":{"rendered":"<p>Sorry, this entry is only available in Turkish. For the sake of viewer convenience, the content is shown below in the alternative language. You may click the link to switch the active language.Enerji ve Tabii Kaynaklar Bakan\u0131 Taner Y\u0131ld\u0131z, r\u00fczgar santrallerinin elektrik \u00fcretimindeki y\u00fczde 3.5`e yakla\u015ft\u0131\u011f\u0131n\u0131 belirterek, &#8220;Ge\u00e7ti\u011fimiz y\u0131l r\u00fczgar santrallerinden elde etti\u011fimiz enerji, Antalya`n\u0131n [&hellip;]<\/p>\n","protected":false},"author":1,"featured_media":22913,"comment_status":"open","ping_status":"open","sticky":false,"template":"","format":"standard","meta":[],"categories":[51,53,50],"tags":[5201,710,19,63,67,1009,165,474,69,8326,16,5132,667,1534],"views":528,"_links":{"self":[{"href":"https:\/\/www.enerjigazetesi.ist\/en\/wp-json\/wp\/v2\/posts\/22912"}],"collection":[{"href":"https:\/\/www.enerjigazetesi.ist\/en\/wp-json\/wp\/v2\/posts"}],"about":[{"href":"https:\/\/www.enerjigazetesi.ist\/en\/wp-json\/wp\/v2\/types\/post"}],"author":[{"embeddable":true,"href":"https:\/\/www.enerjigazetesi.ist\/en\/wp-json\/wp\/v2\/users\/1"}],"replies":[{"embeddable":true,"href":"https:\/\/www.enerjigazetesi.ist\/en\/wp-json\/wp\/v2\/comments?post=22912"}],"version-history":[{"count":2,"href":"https:\/\/www.enerjigazetesi.ist\/en\/wp-json\/wp\/v2\/posts\/22912\/revisions"}],"predecessor-version":[{"id":22920,"href":"https:\/\/www.enerjigazetesi.ist\/en\/wp-json\/wp\/v2\/posts\/22912\/revisions\/22920"}],"wp:featuredmedia":[{"embeddable":true,"href":"https:\/\/www.enerjigazetesi.ist\/en\/wp-json\/wp\/v2\/media\/22913"}],"wp:attachment":[{"href":"https:\/\/www.enerjigazetesi.ist\/en\/wp-json\/wp\/v2\/media?parent=22912"}],"wp:term":[{"taxonomy":"category","embeddable":true,"href":"https:\/\/www.enerjigazetesi.ist\/en\/wp-json\/wp\/v2\/categories?post=22912"},{"taxonomy":"post_tag","embeddable":true,"href":"https:\/\/www.enerjigazetesi.ist\/en\/wp-json\/wp\/v2\/tags?post=22912"}],"curies":[{"name":"wp","href":"https:\/\/api.w.org\/{rel}","templated":true}]}}