{"id":2286,"date":"2020-04-27T14:10:47","date_gmt":"2020-04-27T11:10:47","guid":{"rendered":"https:\/\/www.enerjigazetesi.ist\/?p=2286"},"modified":"2020-04-27T20:31:47","modified_gmt":"2020-04-27T17:31:47","slug":"turkiye-enve-ile-enerji-verimliligi-nde-hep-bir-adim-onde","status":"publish","type":"post","link":"https:\/\/www.enerjigazetesi.ist\/en\/turkiye-enve-ile-enerji-verimliligi-nde-hep-bir-adim-onde\/","title":{"rendered":"(Turkish) &#8217;T\u00fcrkiye&#8217; Enve ile Enerji Verimlili\u011fi&#8217;nde Hep Bir Ad\u0131m \u00d6nde!"},"content":{"rendered":"<p class=\"qtranxs-available-languages-message qtranxs-available-languages-message-en\">Sorry, this entry is only available in <a href=\"https:\/\/www.enerjigazetesi.ist\/tr\/wp-json\/wp\/v2\/posts\/2286\" class=\"qtranxs-available-language-link qtranxs-available-language-link-tr\" title=\"Turkish\">Turkish<\/a>. For the sake of viewer convenience, the content is shown below in the alternative language. You may click the link to switch the active language.<\/p><p><\/p>\n<h1><strong>2009 y\u0131l\u0131ndan g\u00fcn\u00fcm\u00fcze EVD firmas\u0131 olarak faaliyetlerini s\u00fcrd\u00fcren Enve Enerji T\u00fcrkiye&#8217;nin her b\u00f6lgesinde bir\u00e7ok end\u00fcstriyel i\u015fletmenin enerji et\u00fcd\u00fcn\u00fc hayata ge\u00e7irmeyi s\u00fcrd\u00fcrmektedir.<\/strong><\/h1>\n<p><strong>End\u00fcstriyel i\u015fletmelerin<\/strong>\u00a0verimlili\u011finin bilincinde <strong>anahtar rol \u00fcstlendi\u011finin<\/strong> bilincine sahip bir \u00e7izgide <img loading=\"lazy\" class=\"alignright wp-image-112232\" src=\"https:\/\/www.enerjigazetesi.ist\/wp-content\/uploads\/2020\/04\/turkiye-enve-ile-enerji-verimliligi-nde-hep-bir-adim-onde.jpg\" alt=\"\" width=\"320\" height=\"176\" srcset=\"https:\/\/www.enerjigazetesi.ist\/wp-content\/uploads\/2020\/04\/turkiye-enve-ile-enerji-verimliligi-nde-hep-bir-adim-onde.jpg 455w, https:\/\/www.enerjigazetesi.ist\/wp-content\/uploads\/2020\/04\/turkiye-enve-ile-enerji-verimliligi-nde-hep-bir-adim-onde-300x165.jpg 300w, https:\/\/www.enerjigazetesi.ist\/wp-content\/uploads\/2020\/04\/turkiye-enve-ile-enerji-verimliligi-nde-hep-bir-adim-onde-80x44.jpg 80w\" sizes=\"(max-width: 320px) 100vw, 320px\" \/>ilerleyi\u015fini s\u00fcrd\u00fcren\u00a0<strong>Enve Enerji<\/strong>\u00a0g\u00fcn\u00fcm\u00fczde de bir\u00e7ok firman\u0131n tercihi olarak \u00f6ne \u00e7\u0131kmaktad\u0131r.<\/p>\n<p>Dan\u0131\u015fmanl\u0131k faaliyetlerinin Enve Enerji taraf\u0131ndan ger\u00e7ekle\u015ftirildi\u011fi bir\u00e7ok <strong>end\u00fcstriyel i\u015fletmede<\/strong> <em>g\u00fcncel bilimsel, teknik ve ekonomik veriler, i\u015fletmenin \u00fcretim hareketleri ve i\u015fletme \u015fartlar\u0131 ile birle\u015ftirilmekte ve yeni teknolojiler rehberli\u011fi<\/em>nde \u00e7al\u0131\u015fmalar yap\u0131lmaktad\u0131r.<\/p>\n<p>B\u00f6ylece<strong> en yeni metotlar<\/strong> ile\u00a0hem<strong> i\u015fletme<\/strong> hem de <strong>\u00fclke ekonomisi<\/strong> \u00fczerinde de <strong>verimlilik ve tasarruf<\/strong> odakl\u0131 <strong>etkin sonu\u00e7lar<\/strong> meydana getirilmektedir.<\/p>\n<div><b>Daha Detayl\u0131 Bilgi \u0130\u00e7in:<\/b>\u00a0<a href=\"mailto:info@enve.com.tr\" target=\"_blank\" rel=\"nofollow noopener\">info@enve.com.tr<\/a>\u00a0mail adresinden ileti\u015fime ge\u00e7ebilir\u00a0<a href=\"http:\/\/www.enve.com.tr\/\" target=\"_blank\" rel=\"nofollow noopener\">www.enve.com.tr<\/a> web adresini ziyaret edebilirsiniz.<\/div>\n<p><\/p>","protected":false},"excerpt":{"rendered":"<p>Sorry, this entry is only available in Turkish. For the sake of viewer convenience, the content is shown below in the alternative language. You may click the link to switch the active language. 2009 y\u0131l\u0131ndan g\u00fcn\u00fcm\u00fcze EVD firmas\u0131 olarak faaliyetlerini s\u00fcrd\u00fcren Enve Enerji T\u00fcrkiye&#8217;nin her b\u00f6lgesinde bir\u00e7ok end\u00fcstriyel i\u015fletmenin enerji et\u00fcd\u00fcn\u00fc hayata ge\u00e7irmeyi s\u00fcrd\u00fcrmektedir. End\u00fcstriyel [&hellip;]<\/p>\n","protected":false},"author":1,"featured_media":112232,"comment_status":"open","ping_status":"open","sticky":false,"template":"","format":"standard","meta":[],"categories":[53,52],"tags":[2155,626,697,67,52259,103,12,58103,47827,10190,57125,37032,793],"views":148,"_links":{"self":[{"href":"https:\/\/www.enerjigazetesi.ist\/en\/wp-json\/wp\/v2\/posts\/2286"}],"collection":[{"href":"https:\/\/www.enerjigazetesi.ist\/en\/wp-json\/wp\/v2\/posts"}],"about":[{"href":"https:\/\/www.enerjigazetesi.ist\/en\/wp-json\/wp\/v2\/types\/post"}],"author":[{"embeddable":true,"href":"https:\/\/www.enerjigazetesi.ist\/en\/wp-json\/wp\/v2\/users\/1"}],"replies":[{"embeddable":true,"href":"https:\/\/www.enerjigazetesi.ist\/en\/wp-json\/wp\/v2\/comments?post=2286"}],"version-history":[{"count":17,"href":"https:\/\/www.enerjigazetesi.ist\/en\/wp-json\/wp\/v2\/posts\/2286\/revisions"}],"predecessor-version":[{"id":112231,"href":"https:\/\/www.enerjigazetesi.ist\/en\/wp-json\/wp\/v2\/posts\/2286\/revisions\/112231"}],"wp:featuredmedia":[{"embeddable":true,"href":"https:\/\/www.enerjigazetesi.ist\/en\/wp-json\/wp\/v2\/media\/112232"}],"wp:attachment":[{"href":"https:\/\/www.enerjigazetesi.ist\/en\/wp-json\/wp\/v2\/media?parent=2286"}],"wp:term":[{"taxonomy":"category","embeddable":true,"href":"https:\/\/www.enerjigazetesi.ist\/en\/wp-json\/wp\/v2\/categories?post=2286"},{"taxonomy":"post_tag","embeddable":true,"href":"https:\/\/www.enerjigazetesi.ist\/en\/wp-json\/wp\/v2\/tags?post=2286"}],"curies":[{"name":"wp","href":"https:\/\/api.w.org\/{rel}","templated":true}]}}