{"id":22850,"date":"2014-02-19T10:39:39","date_gmt":"2014-02-19T07:39:39","guid":{"rendered":"https:\/\/www.enerjigazetesi.ist\/?p=22850"},"modified":"2014-02-19T10:39:50","modified_gmt":"2014-02-19T07:39:50","slug":"filli-boya-yalitim-enerji-yi-dogru-kullanmanin-onemini-anlatacak","status":"publish","type":"post","link":"https:\/\/www.enerjigazetesi.ist\/en\/filli-boya-yalitim-enerji-yi-dogru-kullanmanin-onemini-anlatacak\/","title":{"rendered":"(Turkish) Filli Boya Yal\u0131t\u0131m, Enerjiyi Do\u011fru Kullanman\u0131n \u00d6nemini Anlatacak&#8230;"},"content":{"rendered":"<p class=\"qtranxs-available-languages-message qtranxs-available-languages-message-en\">Sorry, this entry is only available in <a href=\"https:\/\/www.enerjigazetesi.ist\/tr\/wp-json\/wp\/v2\/posts\/22850\" class=\"qtranxs-available-language-link qtranxs-available-language-link-tr\" title=\"Turkish\">Turkish<\/a>. For the sake of viewer convenience, the content is shown below in the alternative language. You may click the link to switch the active language.<\/p><p><strong>Gaziantep Enerji Zirvesi&#8217;ne kat\u0131lacak olan Filli Boya Yal\u0131t\u0131m, Enerjiyi do\u011fru kullanman\u0131n \u00f6nemini anlatacak.\u00a021 \u015eubat Cuma g\u00fcn\u00fc Gaziantep\u2019te d\u00fczenlenecek olan Enerji Zirvesi\u2019nde \u00a0Filli Boya Yal\u0131t\u0131m Gurubu \u00a0&#8216;Binalarda \u00a0enerji verimlili\u011fi d\u00f6n\u00fc\u015f\u00fcm\u00fc i\u00e7in yap\u0131lmas\u0131 gerekenleri\u2019\u2019 anlatacak.<\/strong><\/p>\n<div>Kamu ve \u00f6zel sekt\u00f6rden konu\u015fmac\u0131lar\u0131n kat\u0131laca\u011f\u0131 zirvede i\u015f d\u00fcnyas\u0131 i\u00e7in yeni yol haritalar\u0131 belirlenecek ve bunun yan\u0131 s\u0131ra sanayide enerjiyi do\u011fru kullanan kurumlar \u00a0\u201cSanayide Enerji Verimlili\u011fi \u00d6d\u00fclleri\u201d verilecek.<\/div>\n<div>\u00a0<a href=\"https:\/\/www.enerjigazetesi.ist\/wp-content\/uploads\/2014\/02\/filli-boya-yalitim-enerji-yi-dogru-kullanmanin-onemini-anlatacak.jpg\"><img loading=\"lazy\" class=\"alignleft size-medium wp-image-22851\" title=\"filli-boya-yalitim-enerji-yi-dogru-kullanmanin-onemini-anlatacak\" src=\"https:\/\/www.enerjigazetesi.ist\/wp-content\/uploads\/2014\/02\/filli-boya-yalitim-enerji-yi-dogru-kullanmanin-onemini-anlatacak-300x215.jpg\" alt=\"\" width=\"300\" height=\"215\" srcset=\"https:\/\/www.enerjigazetesi.ist\/wp-content\/uploads\/2014\/02\/filli-boya-yalitim-enerji-yi-dogru-kullanmanin-onemini-anlatacak-300x215.jpg 300w, https:\/\/www.enerjigazetesi.ist\/wp-content\/uploads\/2014\/02\/filli-boya-yalitim-enerji-yi-dogru-kullanmanin-onemini-anlatacak-500x359.jpg 500w, https:\/\/www.enerjigazetesi.ist\/wp-content\/uploads\/2014\/02\/filli-boya-yalitim-enerji-yi-dogru-kullanmanin-onemini-anlatacak-69x50.jpg 69w, https:\/\/www.enerjigazetesi.ist\/wp-content\/uploads\/2014\/02\/filli-boya-yalitim-enerji-yi-dogru-kullanmanin-onemini-anlatacak.jpg 616w\" sizes=\"(max-width: 300px) 100vw, 300px\" \/><\/a><\/div>\n<div>Filli Boya Pazarlama Genel M\u00fcd\u00fcr Yard\u0131mc\u0131s\u0131 G\u00fclay Dindoruk\u2019un da konu\u015fmac\u0131 olarak kat\u0131laca\u011f\u0131 zirvede, \u201cBinalarda Enerji Y\u00f6netimi ve Enerjinin Verimli Kullan\u0131m\u0131, Enerji Projelerinin Finansman\u0131, Yenilenebilir Enerji Sekt\u00f6r\u00fcnde F\u0131rsatlar ve Riskler, Enerji Verimlili\u011fi ve Sanayide Enerji Verimlili\u011fi\u201d gibi konular konu\u015fulacak.<\/div>\n<div><\/div>\n<div>\n<div>Zirve, \u00a0enerji konusunda ba\u015far\u0131l\u0131 bir \u00fcs olarak, s\u00fcrd\u00fcr\u00fclebilir kalk\u0131nma hedefleri do\u011frultusunda b\u00f6lgede yarat\u0131lmakta olan katma de\u011ferin milliekonomimizeb\u00fcy\u00fck katk\u0131 sa\u011flamas\u0131na destek vermeyi hedefliyor. B\u00f6lgenin enerji alan\u0131ndaki bu en b\u00fcy\u00fck organizasyonu karar vericileri ve kanaat \u00f6nderlerini bulu\u015fturarak enerji yol haritas\u0131n\u0131 \u00e7iziyor.<\/div>\n<div><\/div>\n<div>Kalk\u0131nmada lider \u015fehir Gaziantep\u2019te B\u00fcy\u00fck\u015fehir Belediyesi ve S\u00fcrd\u00fcr\u00fclebilirlik Akademisi i\u015f birli\u011fi ile ilki ge\u00e7ti\u011fimiz y\u0131l T.C. Enerji ve Tabii Kaynaklar Bakan\u0131 Taner Y\u0131ld\u0131z\u2019\u0131n kat\u0131l\u0131m\u0131yla ger\u00e7ekle\u015ftirilen Enerji Zirvesi, bu y\u0131l da T.C.Bilim, Sanayi ve Teknoloji Bakan\u0131 Say\u0131n Fikri I\u015f\u0131k\u2019\u0131n kat\u0131l\u0131m\u0131yla \u015eehit Kamil K\u00fclt\u00fcrve Kongre Merkezi\u2019nde ger\u00e7ekle\u015fecek. D\u00fcnyan\u0131n en h\u0131zl\u0131 b\u00fcy\u00fcyen ilk 10 \u015fehri aras\u0131nda yer alan ve Capatect\u2019in Daha \u0130yi Bir D\u00fcnya Projesinde de \u00f6nemli duraklar\u0131ndan biri olan Gaziantep 2. Enerji Zirvesi ile i\u015f d\u00fcnyas\u0131n\u0131 bulu\u015fturuyor.<\/div>\n<div><\/div>\n<div>Kaynak: <a href=\"http:\/\/haber.rotahaber.com\/filli-boya-yalitim-enerjiyi-dogru-kullanmanin-onemini-anlatacak_438551.html\" target=\"_blank\">Rotahaber<\/a><\/div>\n<\/div>\n<p><\/p>","protected":false},"excerpt":{"rendered":"<p>Sorry, this entry is only available in Turkish. For the sake of viewer convenience, the content is shown below in the alternative language. You may click the link to switch the active language.Gaziantep Enerji Zirvesi&#8217;ne kat\u0131lacak olan Filli Boya Yal\u0131t\u0131m, Enerjiyi do\u011fru kullanman\u0131n \u00f6nemini anlatacak.\u00a021 \u015eubat Cuma g\u00fcn\u00fc Gaziantep\u2019te d\u00fczenlenecek olan Enerji Zirvesi\u2019nde \u00a0Filli Boya [&hellip;]<\/p>\n","protected":false},"author":1,"featured_media":22851,"comment_status":"open","ping_status":"open","sticky":false,"template":"","format":"standard","meta":[],"categories":[53,52],"tags":[63,67,1009,165,103,12,996,9128,1246,10019,1423,793],"views":1037,"_links":{"self":[{"href":"https:\/\/www.enerjigazetesi.ist\/en\/wp-json\/wp\/v2\/posts\/22850"}],"collection":[{"href":"https:\/\/www.enerjigazetesi.ist\/en\/wp-json\/wp\/v2\/posts"}],"about":[{"href":"https:\/\/www.enerjigazetesi.ist\/en\/wp-json\/wp\/v2\/types\/post"}],"author":[{"embeddable":true,"href":"https:\/\/www.enerjigazetesi.ist\/en\/wp-json\/wp\/v2\/users\/1"}],"replies":[{"embeddable":true,"href":"https:\/\/www.enerjigazetesi.ist\/en\/wp-json\/wp\/v2\/comments?post=22850"}],"version-history":[{"count":3,"href":"https:\/\/www.enerjigazetesi.ist\/en\/wp-json\/wp\/v2\/posts\/22850\/revisions"}],"predecessor-version":[{"id":22854,"href":"https:\/\/www.enerjigazetesi.ist\/en\/wp-json\/wp\/v2\/posts\/22850\/revisions\/22854"}],"wp:featuredmedia":[{"embeddable":true,"href":"https:\/\/www.enerjigazetesi.ist\/en\/wp-json\/wp\/v2\/media\/22851"}],"wp:attachment":[{"href":"https:\/\/www.enerjigazetesi.ist\/en\/wp-json\/wp\/v2\/media?parent=22850"}],"wp:term":[{"taxonomy":"category","embeddable":true,"href":"https:\/\/www.enerjigazetesi.ist\/en\/wp-json\/wp\/v2\/categories?post=22850"},{"taxonomy":"post_tag","embeddable":true,"href":"https:\/\/www.enerjigazetesi.ist\/en\/wp-json\/wp\/v2\/tags?post=22850"}],"curies":[{"name":"wp","href":"https:\/\/api.w.org\/{rel}","templated":true}]}}