{"id":2282,"date":"2012-09-24T09:22:54","date_gmt":"2012-09-24T06:22:54","guid":{"rendered":"https:\/\/www.enerjigazetesi.ist\/?p=2282"},"modified":"2012-09-24T09:22:54","modified_gmt":"2012-09-24T06:22:54","slug":"nobel-odullu-siyasetci-al-gore-turkiyeye-ve-turkcelle-ovguler-yagdirdi","status":"publish","type":"post","link":"https:\/\/www.enerjigazetesi.ist\/en\/nobel-odullu-siyasetci-al-gore-turkiyeye-ve-turkcelle-ovguler-yagdirdi\/","title":{"rendered":"(Turkish) Nobel \u00d6d\u00fcll\u00fc Siyaset\u00e7i Al Gore, T\u00fcrkiye\u2019ye ve Turkcell\u2019e \u00d6vg\u00fcler Ya\u011fd\u0131rd\u0131"},"content":{"rendered":"<p class=\"qtranxs-available-languages-message qtranxs-available-languages-message-en\">Sorry, this entry is only available in <a href=\"https:\/\/www.enerjigazetesi.ist\/tr\/wp-json\/wp\/v2\/posts\/2282\" class=\"qtranxs-available-language-link qtranxs-available-language-link-tr\" title=\"Turkish\">Turkish<\/a>. For the sake of viewer convenience, the content is shown below in the alternative language. You may click the link to switch the active language.<\/p><p><\/p>\n<p style=\"text-align: left;\" align=\"center\"><strong>Turkcell<\/strong><strong> Liderler Konferans\u0131\u201dn\u0131n bu seneki konu\u011fu ABD eski Ba\u015fkan Yard\u0131mc\u0131s\u0131, Apple Y\u00f6netim Kurulu \u00dcyesi ve Google \u00dcst D\u00fczey Dan\u0131\u015fman\u0131, Nobel \u00d6d\u00fcll\u00fc Al Gore oldu. Gore, konu\u015fmas\u0131nda T\u00fcrkiye\u2019nin d\u00fcnyada y\u00fckselen teknoloji dalgas\u0131n\u0131 tam zaman\u0131nda yakalad\u0131\u011f\u0131n\u0131 vurgulayarak Turkcell sayesinde T\u00fcrkiye\u2019nin gelece\u011fe y\u00f6n veren \u00fclkelerden biri olaca\u011f\u0131n\u0131 ifade etti. <\/strong><\/p>\n<p style=\"text-align: left;\" align=\"center\"><strong><img loading=\"lazy\" class=\"alignright size-medium wp-image-2284\" title=\"liderler-zirvesi-al-gore-i-agirladi\" src=\"https:\/\/www.enerjigazetesi.ist\/wp-content\/uploads\/2012\/09\/liderler-zirvesi-al-gore-i-agirladi-300x210.jpg\" alt=\"\" width=\"300\" height=\"210\" srcset=\"https:\/\/www.enerjigazetesi.ist\/wp-content\/uploads\/2012\/09\/liderler-zirvesi-al-gore-i-agirladi-300x210.jpg 300w, https:\/\/www.enerjigazetesi.ist\/wp-content\/uploads\/2012\/09\/liderler-zirvesi-al-gore-i-agirladi-500x351.jpg 500w, https:\/\/www.enerjigazetesi.ist\/wp-content\/uploads\/2012\/09\/liderler-zirvesi-al-gore-i-agirladi-71x50.jpg 71w, https:\/\/www.enerjigazetesi.ist\/wp-content\/uploads\/2012\/09\/liderler-zirvesi-al-gore-i-agirladi.jpg 803w\" sizes=\"(max-width: 300px) 100vw, 300px\" \/>Al Gore, T\u00fcrkiye\u2019nin ekonomik ba\u015far\u0131s\u0131na dikkat \u00e7ekerek \u201cKe\u015fke k\u00fcresel ekonomi de T\u00fcrkiye ekonomisi kadar iyiye gitseydi. \u015eu an as\u0131l AB T\u00fcrkiye\u2019ye kat\u0131lmak istemeli\u201d diye konu\u015ftu. <\/strong><\/p>\n<p style=\"text-align: left;\">T\u00fcrkiye\u2019nin lider teknoloji ve ileti\u015fim \u015firketi Turkcell, \u201cLiderler Konferans\u0131\u201d etkinli\u011fiyle,\u00a0 d\u00fcnyaca \u00fcnl\u00fc fikir adamlar\u0131n\u0131, \u00f6nde gelen i\u015fadam\u0131 ve sanayicileriyle bulu\u015fturmaya devam ediyor. Bug\u00fcn \u00c7\u0131ra\u011fan Saray\u0131\u2019nda d\u00f6rd\u00fcnc\u00fcs\u00fc ger\u00e7ekle\u015ftirilen Turkcell Liderler Konferans\u0131\u2019n\u0131n konu\u011fu, ABD eski Ba\u015fkan Yard\u0131mc\u0131s\u0131, Apple Y\u00f6netim Kurulu \u00dcyesi ve Google \u00dcst D\u00fczey Dan\u0131\u015fman\u0131 Al Gore oldu.<\/p>\n<p style=\"text-align: left;\">Nobel Bar\u0131\u015f \u00d6d\u00fcl\u00fc ve Oscar sahibi Al Gore, konu\u015fmas\u0131nda ileti\u015fim teknolojilerinin d\u00fcnyay\u0131 d\u00f6n\u00fc\u015ft\u00fcrmeyi sa\u011flad\u0131\u011f\u0131n\u0131 hat\u0131rlatarak matbaan\u0131n icad\u0131 ile bilginin da\u011f\u0131t\u0131m\u0131 s\u00fcrecinde bir devrim ya\u015fand\u0131\u011f\u0131n\u0131 ancak aslen medeniyetin be\u015fi\u011fi olan Anadolu co\u011frafyas\u0131n\u0131n bu s\u00fcreci \u0131skalad\u0131\u011f\u0131n\u0131 belirtti. Gore, Turkcell\u2019in ger\u00e7ekle\u015ftirdi\u011fi yat\u0131r\u0131mlar, altyap\u0131s\u0131 ve yenilik\u00e7i vizyonu sayesinde T\u00fcrkiye\u2019nin bu kez ileti\u015fim teknolojilerindeki ba\u015far\u0131s\u0131 ile gelece\u011fe y\u00f6n veren \u00fclkeler aras\u0131nda yer alaca\u011f\u0131n\u0131 ifade etti.<\/p>\n<p style=\"text-align: left;\"><strong>\u201cAs\u0131l AB T\u00fcrkiye\u2019ye kat\u0131lmak istemeli\u201d. <\/strong><\/p>\n<p style=\"text-align: left;\">Al Gore, T\u00fcrkiye ekonomisinin uluslararas\u0131 ba\u015far\u0131s\u0131na dikkat \u00e7ekerek \u201cKe\u015fke k\u00fcresel ekonomi de T\u00fcrkiye ekonomisi kadar iyiye gitseydi\u201d diye konu\u015ftu. Uzman siyaset\u00e7i, AB-T\u00fcrkiye ili\u015fkilerine g\u00f6ndermede bulunarak son durumda AB\u2019nin T\u00fcrkiye\u2019ye kat\u0131lmak i\u00e7in ba\u015fvurmak isteyebilece\u011fini esprili bir dille ifade etti.<\/p>\n<p style=\"text-align: left;\">Google ve Apple\u2019daki g\u00f6revlerinden \u00f6t\u00fcr\u00fc Turkcell\u2019i yak\u0131ndan takip etti\u011fini belirten Al Gore, 12 y\u0131ld\u0131r NYSE\u2019ye kote tek T\u00fcrk \u015firketi olan Turkcell\u2019in \u2018m\u00fcthi\u015f\u2019 i\u015fler ba\u015fard\u0131\u011f\u0131n\u0131, istihdam, i\u015f geli\u015ftirme, teknolojik yat\u0131r\u0131mlar ve altyap\u0131s\u0131yla ekonominin itici g\u00fcc\u00fc konumunda oldu\u011funu dile getirdi.<\/p>\n<p style=\"text-align: left;\"><strong>\u201cElimde sihirli de\u011fnek olsayd\u0131&#8230;\u201d <\/strong><\/p>\n<p style=\"text-align: left;\">Al Gore toplant\u0131y\u0131 dinleyen i\u015f d\u00fcnyas\u0131 temsilcilerine baz\u0131 \u00f6nerilerde de bulundu. ABD eski ba\u015fkanlar\u0131ndan Herry S. Truman\u2019\u0131n \u201cZaman\u0131m\u0131n y\u00fczde 95\u2019ini insanlar\u0131 kendi \u00e7\u0131karlar\u0131 i\u00e7in zaten yapmalar\u0131 gereken \u015feyleri yapmaya ikna etmeye harc\u0131yorum\u201d c\u00fcmlesini hat\u0131rlatt\u0131 ve s\u00f6zlerine \u015f\u00f6yle devam etti:<\/p>\n<p style=\"text-align: left;\">\u201cE\u011fer h\u0131zl\u0131 gitmek istiyorsan\u0131z yaln\u0131z gidin. E\u011fer uza\u011fa gitmek istiyorsan\u0131z yan\u0131n\u0131za ba\u015fkalar\u0131n\u0131 da al\u0131n denir.\u00a0 Bug\u00fcn, hem h\u0131zl\u0131 hem de uza\u011fa gitmemiz gerekiyor bu y\u00fczden i\u015f birli\u011fi \u00e7ok \u00f6nemli. Elimde bir sihirli de\u011fnek olsayd\u0131 yapaca\u011f\u0131m tek \u015fey gelece\u011fe y\u00f6n verebilmek i\u00e7in daha cesur ve g\u00f6z\u00fc kara olabilmenizi sa\u011flamak olurdu.\u201d<\/p>\n<p style=\"text-align: left;\">Son olarak Ar-Ge\u2019nin \u00f6nemine de\u011finen Al Gore, \u015firketlerin kriz d\u00f6nemlerinde bile pazar paylar\u0131n\u0131 koruyabilmeleri i\u00e7in Ar-Ge \u00e7al\u0131\u015fmalar\u0131na a\u011f\u0131rl\u0131k vermeleri ve ellerinde bir f\u0131rsat olarak mevcut olan m\u00fckemmel teknolojik altyap\u0131y\u0131 do\u011fru kullanmalar\u0131 gerekti\u011fini s\u00f6yledi.<\/p>\n<p style=\"text-align: left;\"><strong>Turkcell\u2019in \u201cLiderler Platformu\u201d hayata ge\u00e7iyor<\/strong><\/p>\n<p style=\"text-align: left;\">Turkcell Genel M\u00fcd\u00fcr\u00fc S\u00fcreyya Ciliv\u2019in ev sahipli\u011finde ger\u00e7ekle\u015fen Liderler Konferans\u0131\u2019nda, \u201cLiderler Platformu\u201dnun lansman\u0131 da yap\u0131ld\u0131. Turkcell\u2019in, i\u015f d\u00fcnyas\u0131n\u0131n tepe y\u00f6neticilerini \u201c\u00f6\u011frenen&amp;\u00f6\u011freten liderler\u201d vizyonuyla bulu\u015fturarak s\u00fcrekli geli\u015fim yolculuklar\u0131na de\u011fer katmak amac\u0131yla olu\u015fturdu\u011fu platformu tan\u0131tan Ciliv, yapt\u0131\u011f\u0131 konu\u015fmada; \u201cT\u00fcrkiye\u2019nin geli\u015fmesi ve \u015firketlerimizin b\u00fcy\u00fcmesi, i\u015f d\u00fcnyas\u0131 liderleri vizyon ve hedefleriyle paralel. Hepimizin yenili\u011fe a\u00e7\u0131k ve \u00f6\u011frenmeye hevesli olmas\u0131 gerekiyor. B\u00f6yle bir ortamda iki anahtar kavram var: \u0130\u015f birli\u011fi ve ileti\u015fim. \u0130\u015f d\u00fcnyas\u0131 liderlerinin daha fazla i\u015fbirli\u011fi yapmas\u0131 ve daha fazla ileti\u015fim i\u00e7inde olmas\u0131 i\u00e7in kurdu\u011fumuz \u201cLiderler Platformu\u201dnu da bu etkinlikle ba\u015flat\u0131yoruz. \u201cLiderler Platformu\u201d birbirimizden \u00f6\u011frenmek i\u00e7in geli\u015ftirdi\u011fimiz, i\u015f birli\u011fini bir ad\u0131m \u00f6teye g\u00f6t\u00fcrd\u00fc\u011f\u00fcm\u00fcz yeni bir a\u015fama\u2026 Turkcell bug\u00fcne kadar d\u00fcnyan\u0131n en \u00f6nemli fikir liderlerini, sizlerle bulu\u015fturdu. Bu kez, daha 70\u2019li y\u0131llarda internetin gelece\u011fin bilgi otoban\u0131 oldu\u011funu vurgulayan Say\u0131n Al Gore ile fikir jimnasti\u011fi yapma f\u0131rsat\u0131 bulduk. Liderler Platformu etkinliklerinde hep birlikte hem i\u015f d\u00fcnyas\u0131nda hem de genel olarak bir\u00e7ok soruna farkl\u0131, yarat\u0131c\u0131 \u00e7\u00f6z\u00fcmler \u00fcretece\u011fiz\u201d dedi.<\/p>\n<p style=\"text-align: left;\"><strong>\u201cLiderler Konferans\u0131\u201d daha \u00f6nce de d\u00fcnya devlerini a\u011f\u0131rlam\u0131\u015ft\u0131 <\/strong><\/p>\n<p style=\"text-align: left;\">\u201cTurkcell Liderler Konferans\u0131\u201d daha \u00f6nce de \u00e7ok \u00f6nemli fikir \u00f6nderlerini a\u011f\u0131rlam\u0131\u015ft\u0131. Virgin Group\u2019un sahibi, giri\u015fimci lider Richard Branson, General Electric eski ba\u015fkan\u0131 Jack Welch ve son olarak Harvard Business School profes\u00f6rlerinden<em> <\/em>Michael E. Porter, \u201cLiderler Konferans\u0131\u201d i\u00e7in \u0130stanbul\u2019a gelmi\u015f, g\u00f6r\u00fc\u015f ve deneyimlerini dinleyicilerle payla\u015fm\u0131\u015ft\u0131.\u00a0<\/p>\n<p style=\"text-align: left;\"><strong>Y\u0131l boyunca \u00e7e\u015fitli etkinlikler d\u00fczenlenecek<\/strong><\/p>\n<p style=\"text-align: left;\">\u00a0<\/p>\n<p style=\"text-align: left;\">\u201cTurkcell Liderler Platformu\u201d kapsam\u0131nda y\u0131l boyunca etkinlikler d\u00fczenlenecek.\u00a0 Sekt\u00f6rel ve yerel toplant\u0131larda liderler bir araya gelerek tecr\u00fcbe ve g\u00fcndemlerini payla\u015facak. Ayr\u0131ca liderlerin birlikte \u00e7al\u0131\u015fma motivasyonunu art\u0131rmak i\u00e7in m\u00fczik, sanat, spor gibi \u00f6zel ilgi alanlar\u0131na y\u00f6nelik aktiviteler ger\u00e7ekle\u015fecek.<\/p>\n<p style=\"text-align: left;\">\u00a0<strong><span style=\"text-decoration: underline;\">Al Gore Kimdir?<\/span><\/strong><\/p>\n<p style=\"text-align: left;\"><a title=\"ABD'li\" href=\"http:\/\/tr.wikipedia.org\/wiki\/ABD%27li\">ABD&#8217;li<\/a> siyaset adam\u0131, i\u015f adam\u0131, <a title=\"Belgesel film\" href=\"http:\/\/tr.wikipedia.org\/wiki\/Belgesel_film\">belgesel film<\/a> yap\u0131mc\u0131s\u0131 ve <a title=\"Nobel Bar\u0131\u015f \u00d6d\u00fcl\u00fc\" href=\"http:\/\/tr.wikipedia.org\/wiki\/Nobel_Bar%C4%B1%C5%9F_%C3%96d%C3%BCl%C3%BC\">Nobel Bar\u0131\u015f \u00d6d\u00fcl\u00fc<\/a> sahibi olan Albert Arnold Gore 1948 do\u011fumlu. 1993-2001 aras\u0131nda <a title=\"Amerika Birle\u015fik Devletleri\" href=\"http:\/\/tr.wikipedia.org\/wiki\/Amerika_Birle%C5%9Fik_Devletleri\">Amerika Birle\u015fik Devletleri<\/a>&#8216;nin ba\u015fkan yard\u0131mc\u0131l\u0131\u011f\u0131n\u0131 \u00fcstlenen Gore, <a title=\"ABD ba\u015fkanl\u0131k se\u00e7imleri 2000\" href=\"http:\/\/tr.wikipedia.org\/wiki\/ABD_ba%C5%9Fkanl%C4%B1k_se%C3%A7imleri_2000\">2000 y\u0131l\u0131ndaki ABD ba\u015fkanl\u0131k se\u00e7imleri<\/a>nde <a title=\"Demokratik Parti (ABD)\" href=\"http:\/\/tr.wikipedia.org\/wiki\/Demokratik_Parti_(ABD)\">Demokratik Parti<\/a>&#8216;den ba\u015fkan aday\u0131 oldu.\u00a0 Se\u00e7imi kaybettikten sonra siyasetten \u00e7ekildi ve \u201c<a title=\"K\u00fcresel \u0131s\u0131nma\" href=\"http:\/\/tr.wikipedia.org\/wiki\/K%C3%BCresel_%C4%B1s%C4%B1nma\">K\u00fcresel Is\u0131nma<\/a>\u201d konusunda \u00e7al\u0131\u015fmalar yapmaya ba\u015flad\u0131. Bu konu \u00fczerine yapt\u0131\u011f\u0131 <em>Uygunsuz Ger\u00e7ek<\/em> ad\u0131ndaki belgesel film <a title=\"2007\" href=\"http:\/\/tr.wikipedia.org\/wiki\/2007\">2007<\/a> y\u0131l\u0131nda <a title=\"Akademi \u00d6d\u00fcl\u00fc\" href=\"http:\/\/tr.wikipedia.org\/wiki\/Akademi_%C3%96d%C3%BCl%C3%BC\">Oscar \u00d6d\u00fcl\u00fc\u2019ne<\/a> hak kazand\u0131 ve sinema tarihinde en \u00e7ok izlenen \u00fc\u00e7\u00fcnc\u00fc belgesel \u00fcnvan\u0131n\u0131 kazand\u0131. D\u00fcnyan\u0131n d\u00f6rt bir yan\u0131nda verdi\u011fi konferanslar ve di\u011fer \u00e7al\u0131\u015fmalar sayesinde <a title=\"2007\" href=\"http:\/\/tr.wikipedia.org\/wiki\/2007\">2007<\/a> y\u0131l\u0131nda <a title=\"Nobel Bar\u0131\u015f \u00d6d\u00fcl\u00fc\" href=\"http:\/\/tr.wikipedia.org\/wiki\/Nobel_Bar%C4%B1%C5%9F_%C3%96d%C3%BCl%C3%BC\">Nobel Bar\u0131\u015f \u00d6d\u00fcl\u00fcne<\/a> uygun g\u00f6r\u00fcld\u00fc. Kendisi 2007 y\u0131l\u0131nda \u0130stanbul\u2019a gelmi\u015f ve K\u00fcresel Is\u0131nma konulu bir konu\u015fma yapm\u0131\u015ft\u0131.<\/p>\n<p style=\"text-align: left;\">Kaynak: <a href=\"https:\/\/www.enerjigazetesi.ist\" target=\"_blank\">EnerjiGazetesi<\/a><\/p>\n<p><\/p>","protected":false},"excerpt":{"rendered":"<p>Sorry, this entry is only available in Turkish. For the sake of viewer convenience, the content is shown below in the alternative language. You may click the link to switch the active language. Turkcell Liderler Konferans\u0131\u201dn\u0131n bu seneki konu\u011fu ABD eski Ba\u015fkan Yard\u0131mc\u0131s\u0131, Apple Y\u00f6netim Kurulu \u00dcyesi ve Google \u00dcst D\u00fczey Dan\u0131\u015fman\u0131, Nobel \u00d6d\u00fcll\u00fc Al [&hellip;]<\/p>\n","protected":false},"author":1,"featured_media":2284,"comment_status":"open","ping_status":"open","sticky":false,"template":"","format":"standard","meta":[],"categories":[53,157],"tags":[624,518],"views":742,"_links":{"self":[{"href":"https:\/\/www.enerjigazetesi.ist\/en\/wp-json\/wp\/v2\/posts\/2282"}],"collection":[{"href":"https:\/\/www.enerjigazetesi.ist\/en\/wp-json\/wp\/v2\/posts"}],"about":[{"href":"https:\/\/www.enerjigazetesi.ist\/en\/wp-json\/wp\/v2\/types\/post"}],"author":[{"embeddable":true,"href":"https:\/\/www.enerjigazetesi.ist\/en\/wp-json\/wp\/v2\/users\/1"}],"replies":[{"embeddable":true,"href":"https:\/\/www.enerjigazetesi.ist\/en\/wp-json\/wp\/v2\/comments?post=2282"}],"version-history":[{"count":1,"href":"https:\/\/www.enerjigazetesi.ist\/en\/wp-json\/wp\/v2\/posts\/2282\/revisions"}],"predecessor-version":[{"id":2285,"href":"https:\/\/www.enerjigazetesi.ist\/en\/wp-json\/wp\/v2\/posts\/2282\/revisions\/2285"}],"wp:featuredmedia":[{"embeddable":true,"href":"https:\/\/www.enerjigazetesi.ist\/en\/wp-json\/wp\/v2\/media\/2284"}],"wp:attachment":[{"href":"https:\/\/www.enerjigazetesi.ist\/en\/wp-json\/wp\/v2\/media?parent=2282"}],"wp:term":[{"taxonomy":"category","embeddable":true,"href":"https:\/\/www.enerjigazetesi.ist\/en\/wp-json\/wp\/v2\/categories?post=2282"},{"taxonomy":"post_tag","embeddable":true,"href":"https:\/\/www.enerjigazetesi.ist\/en\/wp-json\/wp\/v2\/tags?post=2282"}],"curies":[{"name":"wp","href":"https:\/\/api.w.org\/{rel}","templated":true}]}}