{"id":22706,"date":"2014-02-16T20:40:05","date_gmt":"2014-02-16T17:40:05","guid":{"rendered":"https:\/\/www.enerjigazetesi.ist\/?p=22706"},"modified":"2014-02-16T20:40:05","modified_gmt":"2014-02-16T17:40:05","slug":"enerjisini-arayan-turkiye","status":"publish","type":"post","link":"https:\/\/www.enerjigazetesi.ist\/en\/enerjisini-arayan-turkiye\/","title":{"rendered":"(Turkish) Enerjisini Arayan T\u00fcrkiye!"},"content":{"rendered":"<p class=\"qtranxs-available-languages-message qtranxs-available-languages-message-en\">Sorry, this entry is only available in <a href=\"https:\/\/www.enerjigazetesi.ist\/tr\/wp-json\/wp\/v2\/posts\/22706\" class=\"qtranxs-available-language-link qtranxs-available-language-link-tr\" title=\"Turkish\">Turkish<\/a>. For the sake of viewer convenience, the content is shown below in the alternative language. You may click the link to switch the active language.<\/p><p><strong>R\u00fczgardan n\u00fckleere, k\u00f6m\u00fcrden petrole, do\u011falgazdan jeotermale, T\u00fcrkiye`nin enerji konusundaki konumu, ihtiya\u00e7lar\u0131 ve hedefleri \u0130stanbul`da tart\u0131\u015f\u0131lacak.<a href=\"https:\/\/www.enerjigazetesi.ist\/wp-content\/uploads\/2014\/02\/enerjisini-arayan-turkiye.jpg\"><img loading=\"lazy\" class=\"alignleft size-medium wp-image-22707\" title=\"enerjisini-arayan-turkiye\" src=\"https:\/\/www.enerjigazetesi.ist\/wp-content\/uploads\/2014\/02\/enerjisini-arayan-turkiye-300x219.jpg\" alt=\"\" width=\"300\" height=\"219\" srcset=\"https:\/\/www.enerjigazetesi.ist\/wp-content\/uploads\/2014\/02\/enerjisini-arayan-turkiye-300x219.jpg 300w, https:\/\/www.enerjigazetesi.ist\/wp-content\/uploads\/2014\/02\/enerjisini-arayan-turkiye-500x365.jpg 500w, https:\/\/www.enerjigazetesi.ist\/wp-content\/uploads\/2014\/02\/enerjisini-arayan-turkiye-68x50.jpg 68w, https:\/\/www.enerjigazetesi.ist\/wp-content\/uploads\/2014\/02\/enerjisini-arayan-turkiye.jpg 669w\" sizes=\"(max-width: 300px) 100vw, 300px\" \/><\/a><\/strong><\/p>\n<p>\u0130stanbul Teknik \u00dcniversitesi Maden Fak\u00fcltesi ile Mimar ve M\u00fchendisler Grubu taraf\u0131ndan ortakla\u015fa d\u00fczenlenen Enerjisini Arayan T\u00fcrkiye konulu panel <strong>18 \u015eubat 2014<\/strong> tarihinde ger\u00e7ekle\u015ftirilecek.<br \/>\nPanelde, K\u00f6m\u00fcr enerjisi ve \u00e7evre; enerji, petrol, do\u011falgaz ve jeotermal; r\u00fczgar t\u00fcrbini teknolojileri ve lisanss\u0131z elektrik \u00fcretimi; T\u00fcrkiye\u2019nin enerji \u00e7e\u015fitlili\u011finde n\u00fckleer enerji; dalgadan enerji \u00fcretilmesi; s\u00fcrd\u00fcr\u00fclebilir kentsel enerjinin planlanmas\u0131 gibi ba\u015fl\u0131klar ele al\u0131nacak.<\/p>\n<p>\u0130T\u00dc Rekt\u00f6r\u00fc Mehmet Karaca ve Mimar ve M\u00fchendisler Grubu GenelBa\u015fkan\u0131 Murat \u00d6zdemir`in a\u00e7\u0131l\u0131\u015f konu\u015fmalar\u0131n\u0131 yapaca\u011f\u0131 panel, <strong>\u0130T\u00dc Ayaza\u011fa Kamp\u00fcs\u00fc<\/strong>`nde, Maden Fak\u00fcltesi \u0130hsan Metin Konferans Salonu`nda <strong>saat 13:00`te<\/strong> ba\u015flayacak.<\/p>\n<p><strong>ENERJ\u0130S\u0130 ARAYAN T\u00dcRK\u0130YE PANEL PROGRAMI:<\/strong><\/p>\n<p><strong>A\u00c7ILI\u015e KONU\u015eMALARI<\/strong><\/p>\n<p>Prof. Dr. Mehmet Karaca \/ \u0130T\u00dc Rekt\u00f6r\u00fc (13:00-13:15)<\/p>\n<p>Murat \u00d6zdemir \/ Mimar ve M\u00fchendisler Grubu Genel Ba\u015fkan\u0131 (13:15-13:30)<\/p>\n<p>Oturum Ba\u015fkan\u0131<br \/>\nProf. Dr. Fatma ARSLAN \/ \u0130T\u00dc Maden Fak\u00fcltesi Dekan\u0131 (13:30-13:40)<\/p>\n<p><strong>KONU\u015eMACILAR<\/strong><\/p>\n<p>Prof. Dr. Orhan Kural \/ \u0130T\u00dc maden Fak\u00fcltesi, Maden M\u00fchendisli\u011fi B\u00f6l\u00fcm Ba\u015fkan\u0131 \/ K\u00f6m\u00fcr D\u00fcnyan\u0131n ve T\u00fcrkiye\u2019nin En \u00d6nemli Enerji Kayna\u011f\u0131d\u0131r. \u00c7evre Dostu Olarak Kullanmak Zorunday\u0131z.<\/p>\n<p>Prof. Dr. G\u00fcnd\u00fcz ATE\u015eOK \/ \u0130T\u00dc Maden Fak\u00fcltesi, Cevher Haz\u0131rlama M\u00fchendisli\u011fi B\u00f6l\u00fcm Ba\u015fkan\u0131 \/ Geli\u015fen T\u00fcrkiye\u2019de Enerji-Enerjide K\u00f6m\u00fcr\u00fcn Yeri<\/p>\n<p>Prof. Dr. Abdurrahman SATMAN \/ \u0130T\u00dc Maden Fak\u00fcltesi, Petrol ve Do\u011fal Gaz M\u00fchendisli\u011fi B\u00f6l\u00fcm\u00fc \/ T\u00fcrkiye\u2019de ve D\u00fcnyada Enerji, Petrol, Do\u011falgaz ve Jeotermalin Durumu ve Gelece\u011fi<\/p>\n<p>Prof. Dr. \u00dcner \u00c7OLAK \/ \u0130T\u00dc Enerji Enstit\u00fcs\u00fc, Yenilenebilir Enerji Anabilim Dal\u0131 Ba\u015fkan\u0131 \/ T\u00fcrkiye\u2019nin Enerji \u00c7e\u015fitlili\u011finde N\u00fckleer Enerji<\/p>\n<p>Yrd. Do\u00e7. Dr. H\u00fcseyin \u00c7ALIK \/ \u0130stanbul \u00dcniversitesi, Teknik Bilimler Meslek Y\u00fcksekokulu \/<br \/>\nR\u00fczg\u00e2r T\u00fcrbini Teknolojileri ve Lisans\u0131z Elektrik Enerjisi \u00dcretimi<\/p>\n<p>Do\u00e7. Dr. Abd\u00fcsselam ALTUNKAYNAK\/ \u0130T\u00dc K\u0131y\u0131 Bilimleri ve M\u00fchendisli\u011fi Anabilim Dal\u0131 Ba\u015fkan\u0131 \/ Dalgadan Enerji \u00dcretilmesi<\/p>\n<p>Do\u00e7. Dr. Hatice AYATA\u00c7 \/ \u0130T\u00dc Mimarl\u0131k Fak\u00fcltesi, \u015eehir ve B\u00f6lge Planlamas\u0131 B\u00f6l\u00fcm\u00fc \/<br \/>\nS\u00fcrd\u00fcr\u00fclebilir Kentsel Enerjinin Planlanmas\u0131<\/p>\n<p>16:00 &#8211; 16:30 (Soru-Cevap)<\/p>\n<p>Kaynak: <a href=\"http:\/\/www.enerjigunlugu.net\/enerjisini-arayan-turkiye_7148.html\" target=\"_blank\">Enerji G\u00fcnl\u00fc\u011f\u00fc<\/a><\/p>","protected":false},"excerpt":{"rendered":"<p>Sorry, this entry is only available in Turkish. For the sake of viewer convenience, the content is shown below in the alternative language. You may click the link to switch the active language.R\u00fczgardan n\u00fckleere, k\u00f6m\u00fcrden petrole, do\u011falgazdan jeotermale, T\u00fcrkiye`nin enerji konusundaki konumu, ihtiya\u00e7lar\u0131 ve hedefleri \u0130stanbul`da tart\u0131\u015f\u0131lacak. \u0130stanbul Teknik \u00dcniversitesi Maden Fak\u00fcltesi ile Mimar ve [&hellip;]<\/p>\n","protected":false},"author":1,"featured_media":22707,"comment_status":"open","ping_status":"open","sticky":false,"template":"","format":"standard","meta":[],"categories":[46,53,48,44,50],"tags":[92,63,67,1009,165,7728,870,58,12881,2282,21,1384,12882],"views":1184,"_links":{"self":[{"href":"https:\/\/www.enerjigazetesi.ist\/en\/wp-json\/wp\/v2\/posts\/22706"}],"collection":[{"href":"https:\/\/www.enerjigazetesi.ist\/en\/wp-json\/wp\/v2\/posts"}],"about":[{"href":"https:\/\/www.enerjigazetesi.ist\/en\/wp-json\/wp\/v2\/types\/post"}],"author":[{"embeddable":true,"href":"https:\/\/www.enerjigazetesi.ist\/en\/wp-json\/wp\/v2\/users\/1"}],"replies":[{"embeddable":true,"href":"https:\/\/www.enerjigazetesi.ist\/en\/wp-json\/wp\/v2\/comments?post=22706"}],"version-history":[{"count":2,"href":"https:\/\/www.enerjigazetesi.ist\/en\/wp-json\/wp\/v2\/posts\/22706\/revisions"}],"predecessor-version":[{"id":22709,"href":"https:\/\/www.enerjigazetesi.ist\/en\/wp-json\/wp\/v2\/posts\/22706\/revisions\/22709"}],"wp:featuredmedia":[{"embeddable":true,"href":"https:\/\/www.enerjigazetesi.ist\/en\/wp-json\/wp\/v2\/media\/22707"}],"wp:attachment":[{"href":"https:\/\/www.enerjigazetesi.ist\/en\/wp-json\/wp\/v2\/media?parent=22706"}],"wp:term":[{"taxonomy":"category","embeddable":true,"href":"https:\/\/www.enerjigazetesi.ist\/en\/wp-json\/wp\/v2\/categories?post=22706"},{"taxonomy":"post_tag","embeddable":true,"href":"https:\/\/www.enerjigazetesi.ist\/en\/wp-json\/wp\/v2\/tags?post=22706"}],"curies":[{"name":"wp","href":"https:\/\/api.w.org\/{rel}","templated":true}]}}