{"id":22639,"date":"2014-02-14T10:53:29","date_gmt":"2014-02-14T07:53:29","guid":{"rendered":"https:\/\/www.enerjigazetesi.ist\/?p=22639"},"modified":"2014-02-14T10:53:29","modified_gmt":"2014-02-14T07:53:29","slug":"almanya-federal-cumhuriyeti-buyukelcisi-bursagazi-ziyaret-etti","status":"publish","type":"post","link":"https:\/\/www.enerjigazetesi.ist\/en\/almanya-federal-cumhuriyeti-buyukelcisi-bursagazi-ziyaret-etti\/","title":{"rendered":"(Turkish) Almanya Federal Cumhuriyeti B\u00fcy\u00fckel\u00e7isi Bursagaz\u2019\u0131 Ziyaret Etti&#8230;"},"content":{"rendered":"<p class=\"qtranxs-available-languages-message qtranxs-available-languages-message-en\">Sorry, this entry is only available in <a href=\"https:\/\/www.enerjigazetesi.ist\/tr\/wp-json\/wp\/v2\/posts\/22639\" class=\"qtranxs-available-language-link qtranxs-available-language-link-tr\" title=\"Turkish\">Turkish<\/a>. For the sake of viewer convenience, the content is shown below in the alternative language. You may click the link to switch the active language.<\/p><p><strong>Almanya Federal Cumhuriyeti B\u00fcy\u00fckel\u00e7isi Eberhard Pohl, Bursagaz\u2019\u0131 ziyaret etti. Bursagaz Genel M\u00fcd\u00fcr\u00fc Ahmet Hakan Tola\u2019n\u0131n yan\u0131 s\u0131ra, bu ziyaret i\u00e7in \u0130stanbul\u2019dan gelen EWE Turkey Holding Genel M\u00fcd\u00fcr\u00fc Dr. Frank Quante ve Bursagaz y\u00f6netim tak\u0131m\u0131n\u0131n kar\u015f\u0131lad\u0131\u011f\u0131 Almanya Federal Cumhuriyeti B\u00fcy\u00fckel\u00e7isi Eberhard Pohl ile B\u00fcy\u00fckel\u00e7ilik M\u00fcste\u015far\u0131 Christoph Hallier, Bursagaz\u2019\u0131n \u00e7al\u0131\u015fmalar\u0131 hakk\u0131nda bilgiler ald\u0131.<\/strong><\/p>\n<p>Alman Enerji Devi EWE AG\u2019nin en b\u00fcy\u00fck T\u00fcrkiye yat\u0131r\u0131m\u0131 olarak, enerji sekt\u00f6r\u00fcne ve topluma katma de\u011fer sa\u011flayan projeler ve SCADA Merkezi hakk\u0131nda bilgiler veren Bursagaz Genel M\u00fcd\u00fcr\u00fc Tola, SCADA Merkezi ile Bursa halk\u0131na kesintisiz do\u011falgaz hizmetini daha kaliteli ve g\u00fcvenli seviyede vermeyi s\u00fcrd\u00fcreceklerini belirtti.<a href=\"https:\/\/www.enerjigazetesi.ist\/wp-content\/uploads\/2014\/02\/almanya-federal-cumhuriyeti-buyukelcisi-bursagazi-ziyaret-etti.jpg\"><img loading=\"lazy\" class=\"alignright size-medium wp-image-22640\" title=\"almanya-federal-cumhuriyeti-buyukelcisi-bursagazi-ziyaret-etti\" src=\"https:\/\/www.enerjigazetesi.ist\/wp-content\/uploads\/2014\/02\/almanya-federal-cumhuriyeti-buyukelcisi-bursagazi-ziyaret-etti-300x204.jpg\" alt=\"\" width=\"300\" height=\"204\" srcset=\"https:\/\/www.enerjigazetesi.ist\/wp-content\/uploads\/2014\/02\/almanya-federal-cumhuriyeti-buyukelcisi-bursagazi-ziyaret-etti-300x204.jpg 300w, https:\/\/www.enerjigazetesi.ist\/wp-content\/uploads\/2014\/02\/almanya-federal-cumhuriyeti-buyukelcisi-bursagazi-ziyaret-etti-73x50.jpg 73w, https:\/\/www.enerjigazetesi.ist\/wp-content\/uploads\/2014\/02\/almanya-federal-cumhuriyeti-buyukelcisi-bursagazi-ziyaret-etti.jpg 422w\" sizes=\"(max-width: 300px) 100vw, 300px\" \/><\/a><\/p>\n<p>Bursagaz olarak Great Pleace to Work\u2019de T\u00fcrkiye\u2019nin en iyi 3\u2019\u00fcnc\u00fc i\u015fvereni olduklar\u0131n\u0131 ve Avrupa\u2019da da en iyi 50 \u015firket aras\u0131na girdiklerini belirten Tola, ge\u00e7en y\u0131l Avrupa\u2019da elde ettikleri ba\u015far\u0131y\u0131 bu y\u0131l daha \u00fcst \u00e7\u0131talara y\u00fckseltmeyi hedeflediklerini kaydetti. Bursa\u2019ya olan katk\u0131lar\u0131n\u0131 yeni projeler ile devam ettireceklerini dile getiren Tola, ge\u00e7en y\u0131l ald\u0131klar\u0131 T\u00fcrkiye\u2019nin 100 Koltuk Alt\u0131 En \u00d6vg\u00fcye De\u011fer \u00c7a\u011fr\u0131 Merkezi \u00d6d\u00fcl\u00fc ile de onurland\u0131klar\u0131n\u0131 vurgulad\u0131.<\/p>\n<p>Bursagaz\u2019\u0131n 2013 y\u0131l\u0131nda temelini att\u0131\u011f\u0131 ve bu y\u0131l i\u00e7inde bitirmeyi planlad\u0131\u011f\u0131 yeni Genel M\u00fcd\u00fcrl\u00fck binas\u0131 konusunda da bilgi veren Tola, ye\u015fil bina ve yenilenebilir konsepti i\u00e7in Almanya\u2019dan teknoloji transferi yaparak k\u0131ymetli bir eseri Bursa\u2019ya kazand\u0131racaklar\u0131n\u0131 ifade etti.<\/p>\n<p>Tola\u2019n\u0131n ard\u0131ndan konu\u015fan EWE Turkey Holding Genel M\u00fcd\u00fcr\u00fc Dr. Frank Quante, B\u00fcy\u00fckel\u00e7inin \u015firketlerini ziyaretlerinden onur duyduklar\u0131n\u0131 ve misafir etmekten mutluluk duyduklar\u0131n\u0131 ifade etti. Toplant\u0131da Dr. Quante EWE T\u00fcrkiye Holding hakk\u0131nda bilgi verdi ve T\u00fcrkiye\u2019deki \u015firketlerin tan\u0131t\u0131m\u0131n\u0131 yapt\u0131. Ayr\u0131ca EWE grubu olarak T\u00fcrkiye\u2019deki enerji sekt\u00f6r\u00fcne bak\u0131\u015flar\u0131n\u0131 \u00f6zetledi.<\/p>\n<p>EWE\u2019ye ait T\u00fcrkiye\u2019de bulunan \u015firketlerinin ileri d\u00fczey teknolojik altyap\u0131s\u0131 ve gen\u00e7-dinamik \u00e7al\u0131\u015fanlar\u0131yla kendilerini gururland\u0131rd\u0131\u011f\u0131n\u0131 ilave eden Dr. Quante, Almanya\u2019daki enerji sekt\u00f6r\u00fcndeki teknik birikim ve Know-how\u2019\u0131n bir program d\u00e2hilinde T\u00fcrkiye\u2019deki meslekta\u015flar\u0131yla payla\u015f\u0131ld\u0131\u011f\u0131n\u0131 ve bu sayede sistem g\u00fcvenli\u011finin daha da art\u0131r\u0131laca\u011f\u0131n\u0131 dile getirdi.<\/p>\n<p>Yap\u0131lan sunumlar\u0131 ilgili bir \u015fekilde takip eden Almanya Federal Cumhuriyeti B\u00fcy\u00fckel\u00e7isi Eberhard Pohl, Bursagaz taraf\u0131ndan yap\u0131lan SCADA merkezinin, EWE T\u00fcrkiye\u2019nin tek merkezde ve e\u015f bazl\u0131 olan IT altyap\u0131s\u0131n\u0131n ve yap\u0131lan modern binas\u0131n\u0131n etkileyici oldu\u011funu belirtti.<\/p>\n<p>Almanya Federal Cumhuriyeti B\u00fcy\u00fckel\u00e7isi Eberhard Pohl\u2019a Ahmet Hakan Tola taraf\u0131ndan g\u00fcn\u00fcn an\u0131s\u0131na \u0130znik \u00e7inisi hediye edildi.<\/p>\n<p>Kaynak: <a href=\"http:\/\/www.bugun.com.tr\/son-dakika\/almanya-federal-cumhuriyeti--haberi\/973251\" target=\"_blank\">Bug\u00fcn<\/a><\/p>","protected":false},"excerpt":{"rendered":"<p>Sorry, this entry is only available in Turkish. For the sake of viewer convenience, the content is shown below in the alternative language. You may click the link to switch the active language.Almanya Federal Cumhuriyeti B\u00fcy\u00fckel\u00e7isi Eberhard Pohl, Bursagaz\u2019\u0131 ziyaret etti. Bursagaz Genel M\u00fcd\u00fcr\u00fc Ahmet Hakan Tola\u2019n\u0131n yan\u0131 s\u0131ra, bu ziyaret i\u00e7in \u0130stanbul\u2019dan gelen EWE [&hellip;]<\/p>\n","protected":false},"author":1,"featured_media":22640,"comment_status":"open","ping_status":"open","sticky":false,"template":"","format":"standard","meta":[],"categories":[46,53],"tags":[1520,92,226,12854,12853,63,67,1009,165,5676,12090,9965],"views":526,"_links":{"self":[{"href":"https:\/\/www.enerjigazetesi.ist\/en\/wp-json\/wp\/v2\/posts\/22639"}],"collection":[{"href":"https:\/\/www.enerjigazetesi.ist\/en\/wp-json\/wp\/v2\/posts"}],"about":[{"href":"https:\/\/www.enerjigazetesi.ist\/en\/wp-json\/wp\/v2\/types\/post"}],"author":[{"embeddable":true,"href":"https:\/\/www.enerjigazetesi.ist\/en\/wp-json\/wp\/v2\/users\/1"}],"replies":[{"embeddable":true,"href":"https:\/\/www.enerjigazetesi.ist\/en\/wp-json\/wp\/v2\/comments?post=22639"}],"version-history":[{"count":2,"href":"https:\/\/www.enerjigazetesi.ist\/en\/wp-json\/wp\/v2\/posts\/22639\/revisions"}],"predecessor-version":[{"id":22644,"href":"https:\/\/www.enerjigazetesi.ist\/en\/wp-json\/wp\/v2\/posts\/22639\/revisions\/22644"}],"wp:featuredmedia":[{"embeddable":true,"href":"https:\/\/www.enerjigazetesi.ist\/en\/wp-json\/wp\/v2\/media\/22640"}],"wp:attachment":[{"href":"https:\/\/www.enerjigazetesi.ist\/en\/wp-json\/wp\/v2\/media?parent=22639"}],"wp:term":[{"taxonomy":"category","embeddable":true,"href":"https:\/\/www.enerjigazetesi.ist\/en\/wp-json\/wp\/v2\/categories?post=22639"},{"taxonomy":"post_tag","embeddable":true,"href":"https:\/\/www.enerjigazetesi.ist\/en\/wp-json\/wp\/v2\/tags?post=22639"}],"curies":[{"name":"wp","href":"https:\/\/api.w.org\/{rel}","templated":true}]}}