{"id":22616,"date":"2014-02-13T17:56:02","date_gmt":"2014-02-13T14:56:02","guid":{"rendered":"https:\/\/www.enerjigazetesi.ist\/?p=22616"},"modified":"2014-02-13T17:56:02","modified_gmt":"2014-02-13T14:56:02","slug":"bakan-yildiz-enerji-karisimimiz-degisecek","status":"publish","type":"post","link":"https:\/\/www.enerjigazetesi.ist\/en\/bakan-yildiz-enerji-karisimimiz-degisecek\/","title":{"rendered":"(Turkish) Bakan Y\u0131ld\u0131z: \u2018Enerji Kar\u0131\u015f\u0131m\u0131m\u0131z De\u011fi\u015fecek!\u2019"},"content":{"rendered":"<p class=\"qtranxs-available-languages-message qtranxs-available-languages-message-en\">Sorry, this entry is only available in <a href=\"https:\/\/www.enerjigazetesi.ist\/tr\/wp-json\/wp\/v2\/posts\/22616\" class=\"qtranxs-available-language-link qtranxs-available-language-link-tr\" title=\"Turkish\">Turkish<\/a>. For the sake of viewer convenience, the content is shown below in the alternative language. You may click the link to switch the active language.<\/p><p><strong>Enerji ve Tabii Kaynaklar Bakan\u0131 Taner Y\u0131ld\u0131z, T\u00fcrkiye\u2019nin ihtiyac\u0131 olan enerji \u00e7e\u015fitlili\u011fini art\u0131rmak i\u00e7in \u00e7al\u0131\u015fmalar\u0131n s\u00fcrd\u00fc\u011f\u00fcn\u00fc belirterek, \u201cN\u00fckleer giri\u015fimimiz, enerji kar\u0131\u015f\u0131m\u0131m\u0131z\u0131 \u00f6n\u00fcm\u00fczdeki 10 y\u0131l i\u00e7erisinde \u00e7ok ciddi olarak de\u011fi\u015ftirecek\u201d dedi. Taner Y\u0131ld\u0131z, \u201cBakanl\u0131\u011f\u0131n 2015-2019 Stratejik Plan\u0131 Haz\u0131rl\u0131k \u00c7al\u0131\u015fmalar\u0131\u201d kapsam\u0131nda d\u00fczenlenen \u201cD\u0131\u015f Payda\u015flar Ortak Ak\u0131l \u00c7al\u0131\u015ftay\u0131\u201dnda yapt\u0131\u011f\u0131 konu\u015fmada, etkinli\u011fe konu olan \u00e7al\u0131\u015fman\u0131n formel de\u011fil, i\u00e7eri\u011fe y\u00f6nelik bir \u00e7al\u0131\u015fma olmas\u0131 gerekti\u011fini \u00e7al\u0131\u015fmay\u0131 haz\u0131rlayanlara s\u00f6yledi\u011fini aktard\u0131.<\/strong><\/p>\n<p>T\u00fcrkiye\u2019nin, 11 y\u0131l \u00f6nce, enerji politikalar\u0131 ve stratejilerini belirlerken b\u00fcy\u00fcmenin nas\u0131l kar\u015f\u0131lanaca\u011f\u0131 konusunda bir karar verdi\u011fini dile getiren Y\u0131ld\u0131z, \u201cB\u00fcy\u00fcme en fazla<a href=\"https:\/\/www.enerjigazetesi.ist\/wp-content\/uploads\/2014\/02\/bakan-yildiz-enerji-karisimimiz-degisecek.jpg\"><img loading=\"lazy\" class=\"alignleft size-medium wp-image-22617\" title=\"bakan-yildiz-enerji-karisimimiz-degisecek\" src=\"https:\/\/www.enerjigazetesi.ist\/wp-content\/uploads\/2014\/02\/bakan-yildiz-enerji-karisimimiz-degisecek-300x206.jpg\" alt=\"\" width=\"300\" height=\"206\" srcset=\"https:\/\/www.enerjigazetesi.ist\/wp-content\/uploads\/2014\/02\/bakan-yildiz-enerji-karisimimiz-degisecek-300x206.jpg 300w, https:\/\/www.enerjigazetesi.ist\/wp-content\/uploads\/2014\/02\/bakan-yildiz-enerji-karisimimiz-degisecek-72x50.jpg 72w, https:\/\/www.enerjigazetesi.ist\/wp-content\/uploads\/2014\/02\/bakan-yildiz-enerji-karisimimiz-degisecek.jpg 392w\" sizes=\"(max-width: 300px) 100vw, 300px\" \/><\/a> enerji sekt\u00f6r\u00fcn\u00fc ilgilendiren, somut sonu\u00e7lar\u0131 itibar\u0131yla art\u0131lar\u0131n\u0131 ve eksilerini g\u00f6rd\u00fc\u011f\u00fcm\u00fcz bir yap\u0131 arz etmekte. O y\u00fczden bizim i\u00e7in o politika ve stratejileri belirlemek \u00e7ok \u00f6nemliydi\u201d diye konu\u015ftu.<\/p>\n<p>11 y\u0131l \u00f6nceki T\u00fcrkiye \u015fartlar\u0131nda b\u00fcy\u00fcmenin kamu finansman\u0131 ile yap\u0131lamayaca\u011f\u0131n\u0131 ifade eden Y\u0131ld\u0131z, \u00f6zel sekt\u00f6r arac\u0131l\u0131\u011f\u0131yla ve uluslararas\u0131 sermaye ile birlikte s\u00f6z konusu d\u00f6n\u00fc\u015f\u00fcm\u00fcn sa\u011flanmas\u0131 gerekti\u011fini belirtti. Y\u0131ld\u0131z, bu nedenle uluslararas\u0131 ili\u015fkiler, diplomasi, b\u00f6lge dengeleri, siyasi geli\u015fmelerin T\u00fcrkiye\u2019nin stratejileri \u00fczerinde etkili oldu\u011funu kaydetti.<\/p>\n<p>Uluslararas\u0131 Enerji Ajans\u0131n\u0131n verilerine g\u00f6re, d\u00fcnyada, 2035 ve sonras\u0131ndaki d\u00f6neme kadar petrol, do\u011fal gaz ve k\u00f6m\u00fcr\u00fcn \u00f6nemini koruyaca\u011f\u0131na i\u015faret eden Y\u0131ld\u0131z, bu kaynaklar\u0131 yerli kaynaklar haline getirmeye y\u00f6nelik \u00e7al\u0131\u015fmalar\u0131n s\u00fcrd\u00fcr\u00fclmesinin \u00f6nemini vurgulad\u0131.<\/p>\n<h2>\u201cN\u00fckleer, enerji kar\u0131\u015f\u0131m\u0131m\u0131z\u0131 de\u011fi\u015ftirecek\u201d<\/h2>\n<p>T\u00fcrkiye\u2019nin, bulundu\u011fu co\u011frafyadan kaynaklanan avantajlar\u0131 mutlaka kullanmak zorunda oldu\u011funun alt\u0131n\u0131 \u00e7izen Y\u0131ld\u0131z, Akdeniz\u2019deki do\u011fal gazla ilgili arama faaliyetlerinin, K\u0131br\u0131s\u2019la alakal\u0131 siyasi olarak tart\u0131\u015f\u0131lan alanlar\u0131n, Karadeniz\u2019de hala Romanya ve Ukrayna ekseninde bulunan ve \u00fclkenin m\u00fcnhas\u0131r ekonomik sahas\u0131na kar\u015f\u0131l\u0131k gelen yerlerin petrol kaynaklar\u0131 olarak bulunmas\u0131n\u0131 ve her kilometrekarenin ara\u015ft\u0131r\u0131lmas\u0131 gerekti\u011fini dile getirdi.<\/p>\n<p>T\u00fcrkiye\u2019nin ihtiyac\u0131 olan enerji \u00e7e\u015fitlili\u011fini art\u0131rmak i\u00e7in \u00e7al\u0131\u015fmalar\u0131n s\u00fcrd\u00fc\u011f\u00fcn\u00fc, bu anlamda n\u00fckleer enerji konusunda giri\u015fimleri bulundu\u011funu anlatan Y\u0131ld\u0131z, \u201cN\u00fckleer giri\u015fimimiz, enerji kar\u0131\u015f\u0131m\u0131m\u0131z\u0131 \u00f6n\u00fcm\u00fczdeki 10 y\u0131l i\u00e7erisinde \u00e7ok ciddi olarak de\u011fi\u015ftirecek\u201d dedi.<\/p>\n<h2>\u201cD\u00fcnyadaki dengeler g\u00f6zetilmeli\u201d<\/h2>\n<p>Stratejinin uzun vadeli bir \u00e7al\u0131\u015fma ve uygun pozisyonda kalman\u0131n tan\u0131m\u0131 oldu\u011funu anlatan Y\u0131ld\u0131z, \u201cNas\u0131l uygun pozisyonda kalacaks\u0131n\u0131z? D\u00fcnya dengelerini g\u00f6zetmek durumundas\u0131n\u0131z. D\u00fcnyada \u00fcreticilerin t\u00fcketici oldu\u011fu, bir k\u0131s\u0131m t\u00fcketicilerin \u00fcretici oldu\u011fu ve bu \u00fclkelerin yer de\u011fi\u015ftirdi\u011fini g\u00f6rebiliyoruz\u201d de\u011ferlendirmesinde bulundu.<\/p>\n<p>Avrupa\u2019da son 3 ayda 12 \u015firketin 50 bin megavatl\u0131k do\u011fal gaz santralinin devre d\u0131\u015f\u0131 b\u0131rak\u0131lmas\u0131 ile ilgili karar ald\u0131\u011f\u0131n\u0131 an\u0131msatan Y\u0131ld\u0131z, bu y\u00fczden Avrupa \u00fclkeleri taraf\u0131ndan ihra\u00e7 edilen k\u00f6m\u00fcr\u00fcn yine Avrupa\u2019da kullan\u0131lma ihtimalinin ortaya \u00e7\u0131kt\u0131\u011f\u0131n\u0131 s\u00f6yledi.<\/p>\n<p>\u201cT\u00fcrkiye \u00f6ng\u00f6r\u00fclerini do\u011fru yapabildi\u011fi oranda enerji politika ve stratejilerini do\u011fru \u00e7izecektir\u201d diyen Y\u0131ld\u0131z, \u015fu ana kadar \u00f6ng\u00f6r\u00fclerinde \u00e7ok ciddi bir sapma olmad\u0131\u011f\u0131n\u0131 ifade etti.<\/p>\n<p>Kaynak: <a href=\"http:\/\/www.haberler.com\/taner-yildiz-enerji-karisimimiz-degisecek-5663526-haberi\/\" target=\"_blank\">Haberler<\/a><\/p>","protected":false},"excerpt":{"rendered":"<p>Sorry, this entry is only available in Turkish. For the sake of viewer convenience, the content is shown below in the alternative language. You may click the link to switch the active language.Enerji ve Tabii Kaynaklar Bakan\u0131 Taner Y\u0131ld\u0131z, T\u00fcrkiye\u2019nin ihtiyac\u0131 olan enerji \u00e7e\u015fitlili\u011fini art\u0131rmak i\u00e7in \u00e7al\u0131\u015fmalar\u0131n s\u00fcrd\u00fc\u011f\u00fcn\u00fc belirterek, \u201cN\u00fckleer giri\u015fimimiz, enerji kar\u0131\u015f\u0131m\u0131m\u0131z\u0131 \u00f6n\u00fcm\u00fczdeki 10 [&hellip;]<\/p>\n","protected":false},"author":1,"featured_media":22617,"comment_status":"open","ping_status":"open","sticky":false,"template":"","format":"standard","meta":[],"categories":[53,43],"tags":[710,63,12841,67,1009,12842,165,71,21,667],"views":528,"_links":{"self":[{"href":"https:\/\/www.enerjigazetesi.ist\/en\/wp-json\/wp\/v2\/posts\/22616"}],"collection":[{"href":"https:\/\/www.enerjigazetesi.ist\/en\/wp-json\/wp\/v2\/posts"}],"about":[{"href":"https:\/\/www.enerjigazetesi.ist\/en\/wp-json\/wp\/v2\/types\/post"}],"author":[{"embeddable":true,"href":"https:\/\/www.enerjigazetesi.ist\/en\/wp-json\/wp\/v2\/users\/1"}],"replies":[{"embeddable":true,"href":"https:\/\/www.enerjigazetesi.ist\/en\/wp-json\/wp\/v2\/comments?post=22616"}],"version-history":[{"count":2,"href":"https:\/\/www.enerjigazetesi.ist\/en\/wp-json\/wp\/v2\/posts\/22616\/revisions"}],"predecessor-version":[{"id":22619,"href":"https:\/\/www.enerjigazetesi.ist\/en\/wp-json\/wp\/v2\/posts\/22616\/revisions\/22619"}],"wp:featuredmedia":[{"embeddable":true,"href":"https:\/\/www.enerjigazetesi.ist\/en\/wp-json\/wp\/v2\/media\/22617"}],"wp:attachment":[{"href":"https:\/\/www.enerjigazetesi.ist\/en\/wp-json\/wp\/v2\/media?parent=22616"}],"wp:term":[{"taxonomy":"category","embeddable":true,"href":"https:\/\/www.enerjigazetesi.ist\/en\/wp-json\/wp\/v2\/categories?post=22616"},{"taxonomy":"post_tag","embeddable":true,"href":"https:\/\/www.enerjigazetesi.ist\/en\/wp-json\/wp\/v2\/tags?post=22616"}],"curies":[{"name":"wp","href":"https:\/\/api.w.org\/{rel}","templated":true}]}}