{"id":22563,"date":"2014-02-13T10:35:46","date_gmt":"2014-02-13T07:35:46","guid":{"rendered":"https:\/\/www.enerjigazetesi.ist\/?p=22563"},"modified":"2014-02-13T10:45:06","modified_gmt":"2014-02-13T07:45:06","slug":"yildiz-yenilebilir-enerji-kaynaklari-sayesinde-12-milyar-liralik-tasarruf","status":"publish","type":"post","link":"https:\/\/www.enerjigazetesi.ist\/en\/yildiz-yenilebilir-enerji-kaynaklari-sayesinde-12-milyar-liralik-tasarruf\/","title":{"rendered":"(Turkish) Y\u0131ld\u0131z: Yenilebilir Enerji Kaynaklar\u0131 Sayesinde 12 milyar Liral\u0131k Tasarruf&#8230;"},"content":{"rendered":"<p class=\"qtranxs-available-languages-message qtranxs-available-languages-message-en\">Sorry, this entry is only available in <a href=\"https:\/\/www.enerjigazetesi.ist\/tr\/wp-json\/wp\/v2\/posts\/22563\" class=\"qtranxs-available-language-link qtranxs-available-language-link-tr\" title=\"Turkish\">Turkish<\/a>. For the sake of viewer convenience, the content is shown below in the alternative language. You may click the link to switch the active language.<\/p><p><strong>Enerji ve Tabii Kaynaklar Bakan\u0131 Taner Y\u0131ld\u0131z, son 10 y\u0131ld\u0131r devreye ald\u0131klar\u0131 yenilebilir enerji kaynaklar\u0131 sayesinde do\u011fal gaz ithalat\u0131nda y\u0131ll\u0131k 12 milyar liral\u0131k tasarruf yap\u0131ld\u0131\u011f\u0131n\u0131, s\u00f6z konusu enerji kaynaklar\u0131yla gelecek 49 y\u0131l i\u00e7inde 600 milyar liral\u0131k do\u011fal gaz ithalat\u0131n\u0131n engellenece\u011fini s\u00f6yledi.<\/strong><\/p>\n<p>Y\u0131ld\u0131z, Bakanl\u0131k binas\u0131nda d\u00fczenlenen T\u00fcrkiye Biyok\u00fctle Enerjisi Potansiyel Atlas\u0131 (BEPA) tan\u0131t\u0131m toplant\u0131s\u0131nda, ABD, \u00c7in gibi geli\u015fmi\u015f \u00fclkelerin biyok\u00fctle enerjisine yo\u011fu<a href=\"https:\/\/www.enerjigazetesi.ist\/wp-content\/uploads\/2014\/02\/yildiz-yenilebilir-enerji-kaynaklari-sayesinde-12-milyar-liralik-tasarruf.jpg\"><img loading=\"lazy\" class=\"alignleft size-medium wp-image-22564\" title=\"yildiz-yenilebilir-enerji-kaynaklari-sayesinde-12-milyar-liralik-tasarruf\" src=\"https:\/\/www.enerjigazetesi.ist\/wp-content\/uploads\/2014\/02\/yildiz-yenilebilir-enerji-kaynaklari-sayesinde-12-milyar-liralik-tasarruf-300x208.jpg\" alt=\"\" width=\"300\" height=\"208\" srcset=\"https:\/\/www.enerjigazetesi.ist\/wp-content\/uploads\/2014\/02\/yildiz-yenilebilir-enerji-kaynaklari-sayesinde-12-milyar-liralik-tasarruf-300x208.jpg 300w, https:\/\/www.enerjigazetesi.ist\/wp-content\/uploads\/2014\/02\/yildiz-yenilebilir-enerji-kaynaklari-sayesinde-12-milyar-liralik-tasarruf-500x347.jpg 500w, https:\/\/www.enerjigazetesi.ist\/wp-content\/uploads\/2014\/02\/yildiz-yenilebilir-enerji-kaynaklari-sayesinde-12-milyar-liralik-tasarruf-71x50.jpg 71w, https:\/\/www.enerjigazetesi.ist\/wp-content\/uploads\/2014\/02\/yildiz-yenilebilir-enerji-kaynaklari-sayesinde-12-milyar-liralik-tasarruf.jpg 505w\" sizes=\"(max-width: 300px) 100vw, 300px\" \/><\/a>n ilgi g\u00f6sterdi\u011fini belirtti.<\/p>\n<p>\u00dclkenin t\u00fcm kaynaklar\u0131n\u0131n etkin bir \u015fekilde de\u011ferlendirmesi gerekti\u011fini vurgulayan Y\u0131ld\u0131z, bu kapsamda son 10 y\u0131ld\u0131r devreye ald\u0131klar\u0131 yenilenebilir enerji kaynaklar\u0131 sayesinde do\u011fal gaz ithalat\u0131nda y\u0131ll\u0131k 12 milyar liral\u0131k tasarruf yap\u0131ld\u0131\u011f\u0131n\u0131, s\u00f6z konusu enerji kaynaklar\u0131yla \u00f6n\u00fcm\u00fczdeki 49 y\u0131l i\u00e7inde 600 milyar liral\u0131k do\u011fal gaz ithalat\u0131n\u0131n engelledi\u011fini belirtti.<\/p>\n<p>Elektrik \u00fcretiminde do\u011fal gaz\u0131n pay\u0131n\u0131n azald\u0131\u011f\u0131na dikkati \u00e7eken Y\u0131ld\u0131z, \u201cBu y\u0131l kural\u0131k olma ihtimali var. B\u00f6yle bir durum oldu\u011funda, \u00fcmit ediyoruz ki mart-nisan ya\u011fmurlar\u0131yla bu a\u00e7\u0131\u011f\u0131m\u0131z\u0131 kapatm\u0131\u015f oluruz. Yapamazsak do\u011fal gaz kullan\u0131m\u0131ndaki miktar biraz daha artm\u0131\u015f olacak\u201d de\u011ferlendirmesinde bulundu.<\/p>\n<h2>Ankara\u2019n\u0131n enerjisi biyok\u00fctleden<\/h2>\n<p>Y\u0131ld\u0131z, biyok\u00fctle kaynakl\u0131 \u00fcretilen elektri\u011fin Karab\u00fck\u2019\u00fcn y\u0131ll\u0131k t\u00fcketimine denk geldi\u011fini ifade ederek, \u201c\u015eu anda T\u00fcrkiye\u2019de biyok\u00fctle ile alakal\u0131 237 megawatt kurulu g\u00fc\u00e7 bulunuyor. 157 milyon tonluk hayvansal at\u0131k, 142 milyon ton da bitkisel at\u0131k , 30 milyon ton civar\u0131nda da \u00e7\u00f6plerimiz var. \u00c7\u00f6pten elektrik elde etmek, bizim \u00e7evreye olan borcumuzun da bir k\u0131sm\u0131n\u0131 \u00f6dedi\u011fimiz anlam\u0131na geliyor. B\u00fct\u00fcn \u00e7\u00f6pleri enerjiye d\u00f6nd\u00fcrd\u00fc\u011f\u00fcm\u00fczde, \u00e7evreye kar\u015f\u0131 \u00e7ok b\u00fcy\u00fck kazan\u0131m elde etmi\u015f olaca\u011f\u0131z. Hedefimiz Ankara Adana ve Eski\u015fehir\u2019in b\u00fct\u00fcn elektri\u011fini bu tip enerji kaynaklar\u0131ndan elde etmek\u201d diye konu\u015ftu.<\/p>\n<p>Ankara\u2019daki \u00e7\u00f6plerden toplamda 30 megawattl\u0131k bir enerji \u00fcretimi yap\u0131ld\u0131\u011f\u0131n\u0131 kaydeden Y\u0131ld\u0131z, \u201cDi\u011fer illerimizde de birer iki\u015fer devreye giriyor. Bununla alakal\u0131, 2023 y\u0131l\u0131na kadar bin 500 megawatt civar\u0131nda bir g\u00fcc\u00fc devreye almam\u0131z, \u00fclke i\u00e7in enerji tasarrufu, \u00e7evreyle ilgili b\u00fcy\u00fck bir temizlik olaca\u011f\u0131n\u0131 d\u00fc\u015f\u00fcn\u00fcyorum. Bunlar\u0131n her biri bizim i\u00e7in miktardan daha ziyade, yerli kaynak olmas\u0131 hasebiyle iyi olacak\u201d ifadesini kulland\u0131.<\/p>\n<h2>\u201cAtlas ile enerji potansiyeli ortaya \u00e7\u0131kacak\u201d<\/h2>\n<p>Yenilenebilir Enerji Genel M\u00fcd\u00fcr\u00fc Yusuf Yazar da BEPA hakk\u0131nda bilgi verirken, atlas ile hem \u00fclke genelinde hem de il ve il\u00e7e baz\u0131nda biyok\u00fctle enerjisi potansiyelinin g\u00f6r\u00fclebildi\u011fini ifade etti.<\/p>\n<p>Yazar, 2 atlas \u00e7al\u0131\u015fmalar\u0131n\u0131n daha oldu\u011funu belirterek, \u201cBunlar\u0131 da y\u0131lsonu itibariyle hizmete sunabilece\u011fimizi d\u00fc\u015f\u00fcn\u00fcyoruz. Bu \u00e7al\u0131\u015fmalar\u0131m\u0131z tamamlan\u0131nca b\u00fct\u00fcn yenilenebilir enerji dallar\u0131nda potansiyel atlaslar\u0131m\u0131z haz\u0131r olacak\u201d diye konu\u015ftu.<\/p>\n<p>Kaynak: <a href=\"http:\/\/www.bloomberght.com\/haberler\/haber\/1508857-yildiz-12-milyar-liralik-tasarruf-yapildi\" target=\"_blank\">BloombergHT<\/a><\/p>","protected":false},"excerpt":{"rendered":"<p>Sorry, this entry is only available in Turkish. For the sake of viewer convenience, the content is shown below in the alternative language. You may click the link to switch the active language.Enerji ve Tabii Kaynaklar Bakan\u0131 Taner Y\u0131ld\u0131z, son 10 y\u0131ld\u0131r devreye ald\u0131klar\u0131 yenilebilir enerji kaynaklar\u0131 sayesinde do\u011fal gaz ithalat\u0131nda y\u0131ll\u0131k 12 milyar liral\u0131k [&hellip;]<\/p>\n","protected":false},"author":1,"featured_media":22564,"comment_status":"open","ping_status":"open","sticky":false,"template":"","format":"standard","meta":[],"categories":[53],"tags":[2674,710,1678,11789,19,63,67,1009,165,667,566,12819],"views":837,"_links":{"self":[{"href":"https:\/\/www.enerjigazetesi.ist\/en\/wp-json\/wp\/v2\/posts\/22563"}],"collection":[{"href":"https:\/\/www.enerjigazetesi.ist\/en\/wp-json\/wp\/v2\/posts"}],"about":[{"href":"https:\/\/www.enerjigazetesi.ist\/en\/wp-json\/wp\/v2\/types\/post"}],"author":[{"embeddable":true,"href":"https:\/\/www.enerjigazetesi.ist\/en\/wp-json\/wp\/v2\/users\/1"}],"replies":[{"embeddable":true,"href":"https:\/\/www.enerjigazetesi.ist\/en\/wp-json\/wp\/v2\/comments?post=22563"}],"version-history":[{"count":2,"href":"https:\/\/www.enerjigazetesi.ist\/en\/wp-json\/wp\/v2\/posts\/22563\/revisions"}],"predecessor-version":[{"id":22592,"href":"https:\/\/www.enerjigazetesi.ist\/en\/wp-json\/wp\/v2\/posts\/22563\/revisions\/22592"}],"wp:featuredmedia":[{"embeddable":true,"href":"https:\/\/www.enerjigazetesi.ist\/en\/wp-json\/wp\/v2\/media\/22564"}],"wp:attachment":[{"href":"https:\/\/www.enerjigazetesi.ist\/en\/wp-json\/wp\/v2\/media?parent=22563"}],"wp:term":[{"taxonomy":"category","embeddable":true,"href":"https:\/\/www.enerjigazetesi.ist\/en\/wp-json\/wp\/v2\/categories?post=22563"},{"taxonomy":"post_tag","embeddable":true,"href":"https:\/\/www.enerjigazetesi.ist\/en\/wp-json\/wp\/v2\/tags?post=22563"}],"curies":[{"name":"wp","href":"https:\/\/api.w.org\/{rel}","templated":true}]}}