{"id":22545,"date":"2014-02-12T17:12:13","date_gmt":"2014-02-12T14:12:13","guid":{"rendered":"https:\/\/www.enerjigazetesi.ist\/?p=22545"},"modified":"2014-02-12T17:12:13","modified_gmt":"2014-02-12T14:12:13","slug":"yildiz-yerel-secimler-nedeniyle-yaz-saatine-gecis-bir-gun-ileri-alindi","status":"publish","type":"post","link":"https:\/\/www.enerjigazetesi.ist\/en\/yildiz-yerel-secimler-nedeniyle-yaz-saatine-gecis-bir-gun-ileri-alindi\/","title":{"rendered":"(Turkish) Y\u0131ld\u0131z: \u2018Yerel Se\u00e7imler Nedeniyle Yaz Saatine Ge\u00e7i\u015f Bir G\u00fcn \u0130leri Al\u0131nd\u0131!\u2019"},"content":{"rendered":"<p class=\"qtranxs-available-languages-message qtranxs-available-languages-message-en\">Sorry, this entry is only available in <a href=\"https:\/\/www.enerjigazetesi.ist\/tr\/wp-json\/wp\/v2\/posts\/22545\" class=\"qtranxs-available-language-link qtranxs-available-language-link-tr\" title=\"Turkish\">Turkish<\/a>. For the sake of viewer convenience, the content is shown below in the alternative language. You may click the link to switch the active language.<\/p><p><strong>Enerji ve Tabii Kaynaklar Bakan\u0131 Taner Y\u0131ld\u0131z, 30 Mart Pazar g\u00fcn\u00fc saat 03.00\u2032te ge\u00e7ilmesi planlanan yaz saati uygulamas\u0131na yerel se\u00e7imler nedeniyle 31 Mart Pazartesi g\u00fcn\u00fc ge\u00e7ilece\u011fini belirterek, Bakanlar Kurulu karar\u0131yla pazar\u0131 pazartesiye ba\u011flayan gece saatlerin 1 saat ileri al\u0131naca\u011f\u0131n\u0131 bildirdi. Y\u0131ld\u0131z, Bakanl\u0131k binas\u0131nda d\u00fczenlenen T\u00fcrkiye Biyok\u00fctle Enerjisi Potansiyel Atlas\u0131 (BEPA) tan\u0131t\u0131m toplant\u0131s\u0131nda, gazetecilerin sorular\u0131n\u0131 yan\u0131tlad\u0131.<\/strong><\/p>\n<p>Bir gazetecinin, \u201cBa\u015fbakan hakk\u0131nda kullan\u0131lan ifadelere y\u00f6nelik a\u00e7\u0131klamalar\u0131m\u0131z\u0131n oldu. Buna a\u00e7\u0131kl\u0131k getirir misiniz?\u201d sorusuna, \u201cBunu s\u00f6yleyenler \u00e7ok iyi bilirler. AK Parti kals\u0131n ama Ba\u015fbakan bulunmas\u0131n ya da hi\u00e7bir \u015fey ortada kalmas\u0131n gibi g\u00f6r\u00fc\u015fler var. Hangisi olursa olsun Ba\u015fbakan\u2019\u0131n olmad\u0131\u011f\u0131 konfig\u00fcrasyonu d\u00fc\u015f\u00fcn\u00fcyorlar. Bunu herkes g\u00f6rmeyebilir ama bunun bir vaka oldu\u011funu bilmemiz gerekiyor. \u2018Uzun adam i\u00e7in 3 y\u0131ldan beri dua ediyoruz ama hala ayakta\u2019 diyen bir grup var. Az\u0131nl\u0131k m\u0131, \u00e7o\u011funluk mu bilmem ama b\u00f6yle bir grup var<a href=\"https:\/\/www.enerjigazetesi.ist\/wp-content\/uploads\/2014\/02\/yildiz-yerel-secimler-nedeniyle-yaz-saatine-gecis-bir-gun-ileri-alindi.jpg\"><img loading=\"lazy\" class=\"alignleft size-medium wp-image-22546\" title=\"yildiz-yerel-secimler-nedeniyle-yaz-saatine-gecis-bir-gun-ileri-alindi\" src=\"https:\/\/www.enerjigazetesi.ist\/wp-content\/uploads\/2014\/02\/yildiz-yerel-secimler-nedeniyle-yaz-saatine-gecis-bir-gun-ileri-alindi-300x218.jpg\" alt=\"\" width=\"300\" height=\"218\" srcset=\"https:\/\/www.enerjigazetesi.ist\/wp-content\/uploads\/2014\/02\/yildiz-yerel-secimler-nedeniyle-yaz-saatine-gecis-bir-gun-ileri-alindi-300x218.jpg 300w, https:\/\/www.enerjigazetesi.ist\/wp-content\/uploads\/2014\/02\/yildiz-yerel-secimler-nedeniyle-yaz-saatine-gecis-bir-gun-ileri-alindi-500x363.jpg 500w, https:\/\/www.enerjigazetesi.ist\/wp-content\/uploads\/2014\/02\/yildiz-yerel-secimler-nedeniyle-yaz-saatine-gecis-bir-gun-ileri-alindi-68x50.jpg 68w, https:\/\/www.enerjigazetesi.ist\/wp-content\/uploads\/2014\/02\/yildiz-yerel-secimler-nedeniyle-yaz-saatine-gecis-bir-gun-ileri-alindi.jpg 505w\" sizes=\"(max-width: 300px) 100vw, 300px\" \/><\/a>\u201d yan\u0131t\u0131n\u0131 verdi.<\/p>\n<p>Siyasi hayatta hangi liderin ne kadar zaman y\u00f6netimde bulunaca\u011f\u0131na vatanda\u015flar\u0131n karar verdi\u011fini belirten Y\u0131ld\u0131z, \u201cE\u011fer icraatlar\u0131m\u0131z be\u011fenilmiyorsa sand\u0131k bunu belirler ve tercihlere sayg\u0131 g\u00f6steririz. Yanl\u0131\u015f usul\u00fcn hi\u00e7bir zaman i\u00e7in \u00fclkede tutmad\u0131\u011f\u0131n\u0131 g\u00f6rmemiz gerekiyor. Halk\u0131m\u0131z\u0131n bize verdi\u011fi yetkiyi kullan\u0131yoruz. Herhangi ba\u015fkas\u0131n\u0131n duygular\u0131yla olmaz bu i\u015f\u201d de\u011ferlendirmesinde bulundu.<\/p>\n<p>Bakan Y\u0131ld\u0131z, \u201cK\u0131br\u0131s\u2019taki kaynaklar\u0131n T\u00fcrkiye \u00fczerinden bat\u0131ya ta\u015f\u0131nmas\u0131 i\u00e7in herhangi bir \u00e7al\u0131\u015fma var m\u0131?\u201d sorusuna da \u201cKuzey K\u0131br\u0131s T\u00fcrk Cumhuriyeti ve G\u00fcneyK\u0131br\u0131s Yerel Y\u00f6netimi aras\u0131ndaki yumu\u015fama tabiki \u00f6nemli. Enerji a\u00e7\u0131s\u0131ndan bakt\u0131\u011f\u0131m\u0131zda her iki toplumun da vatanda\u015flar\u0131na adaletli da\u011f\u0131t\u0131lmas\u0131 gereken bir yap\u0131y\u0131 g\u00f6r\u00fcyoruz. Biz her zaman uluslararas\u0131 m\u00fcnhas\u0131r ekonomik sahada yap\u0131lacak \u00e7al\u0131\u015fman\u0131n toplumunun tamam\u0131na yay\u0131lmas\u0131 gerekti\u011fini s\u00f6yl\u00fcyoruz. Bu ortak metin \u00f6nceki sav\u0131m\u0131z\u0131 g\u00fc\u00e7lendiren bir \u00e7al\u0131\u015fmad\u0131r diye d\u00fc\u015f\u00fcn\u00fcyorum.<\/p>\n<p>Temennim Akdeniz\u2019deki olumsuz siyasi havan\u0131n da\u011f\u0131l\u0131p, enerjiyle ilgili projelerin \u00f6n\u00fcn\u00fcn a\u00e7\u0131lmas\u0131d\u0131r. Nas\u0131l ki boru hatt\u0131yla K\u0131br\u0131s\u2019a su g\u00f6t\u00fcr\u00fcyoruz; benzer \u015fekilde T\u00fcrkiye \u00fczerinden Avrupa\u2019ya aktar\u0131lacak bir boru hatt\u0131n\u0131n yap\u0131labilece\u011fine inan\u0131yorum. Yeter ki siyasi fizibilite uygun olsun. Enerji sekt\u00f6r\u00fc bunlar\u0131 hem finansman hem de teknik a\u00e7\u0131dan yetkilidir diye d\u00fc\u015f\u00fcn\u00fcyorum\u201d de\u011ferlendirmesinde bulundu.<\/p>\n<p>\u201c\u0130ran\u2019dan T\u00fcrkiye\u2019ye petrol \u015firketlerine yat\u0131r\u0131m yapma \u00e7a\u011fr\u0131s\u0131 geldi mi?\u201d \u015feklindeki soruyu yan\u0131tlayan Y\u0131ld\u0131z, \u201c\u015eu anda G\u00fcney Pars sahas\u0131yla alakal\u0131 yapt\u0131\u011f\u0131m\u0131z \u00e7al\u0131\u015fmalar\u0131m\u0131z gerek\u00e7esiyle yat\u0131r\u0131m yapmama karar\u0131 alm\u0131\u015ft\u0131k. Bunun \u00fczerinde \u0130ran\u2019\u0131n yeni teklifleri olursa bunu de\u011ferlendirebilece\u011fimizi s\u00f6ylemem laz\u0131m. \u015eu an itibariyle T\u00fcrkiye Petrolleri Anonim Ortakl\u0131\u011f\u0131 olarak herhangi bir yat\u0131r\u0131m karar\u0131 bulunmamaktad\u0131r\u201d diye konu\u015ftu.<\/p>\n<p>\u201cKuzey Irak petrol\u00fcyle ilgili herhangi bir geli\u015fme var m\u0131?\u201d sorusunu da yan\u0131tlayan Y\u0131ld\u0131z, \u201c400 bin varilleri ge\u00e7en ve Irak\u2019a ait olan petrol\u00fcn Ceyhan\u2019daki depolarda bekletildi\u011fini ve uluslararas\u0131 pazara a\u00e7\u0131lmad\u0131\u011f\u0131n\u0131 s\u00f6ylemem laz\u0131m. Ba\u015f\u0131nda ne s\u00f6z verdiysek biz onun arkas\u0131nday\u0131z. 6 y\u0131ldan beri Irak\u2019ta kurulamayan sistemin T\u00fcrkiye taraf\u0131ndan \u015feffaf olarak kurulacak olmas\u0131n\u0131 payla\u015fmak istiyorum\u201d yan\u0131t\u0131n\u0131 verdi.<\/p>\n<p>\u0130ran\u2019la ya\u015fanan tahkim konusuna ili\u015fkin de\u011ferlendirmelerde de bulunan Y\u0131ld\u0131z, \u201cTemennimiz \u015fudur ki tahkimde talep etti\u011fimiz miktar\u0131n \u0130ran taraf\u0131ndan kar\u015f\u0131lan\u0131yor olmas\u0131d\u0131r\u201d dedi.<\/p>\n<p>Tahkimin tarafs\u0131zl\u0131\u011f\u0131na her zaman g\u00fcvendiklerini kaydeden Y\u0131ld\u0131z, \u015f\u00f6yle devam etti:<\/p>\n<p>\u201c\u015eu ana kadar bizim g\u00f6rd\u00fc\u011f\u00fcm\u00fcz tahkim kararlar\u0131n\u0131n son derece isabetli oldu\u011fudur. \u0130ran\u2019dan gelen do\u011falgaz miktar\u0131 29 milyon metrek\u00fcp civar\u0131nda. Ge\u00e7en haftalarda 18 milyon metrek\u00fcpe kadar inmi\u015fti. Hamd olsun bunu vatanda\u015flar\u0131m\u0131za sirayet ettirmedik. \u0130ran\u2019\u0131n tekrar normal miktarlara bu hafta i\u00e7inde d\u00f6nece\u011fine inan\u0131yorum. \u0130ran\u2019la bizim herhangi bir fiyat revizyonu ile beraber kontratlar\u0131 yenilemeyle alakal\u0131 \u015fu anda bir teklif yok. Talebimiz, geriye d\u00f6n\u00fck de bunlar\u0131 \u00e7\u0131karmaktad\u0131r. Bunla alakal\u0131 m\u00fczakereler hen\u00fcz sonu\u00e7lanm\u0131\u015f de\u011fildir.\u201d<\/p>\n<p>Bakan Y\u0131ld\u0131z, gazetecilerin sorular\u0131n\u0131n ard\u0131ndan, 30 Mart Pazar g\u00fcn\u00fc saat 03.00\u2032te ge\u00e7ilmesi planlanan yaz saati uygulamas\u0131na yerel se\u00e7imler nedeniyle 31 Mart Pazartesi g\u00fcn\u00fc ge\u00e7ilece\u011fini belirterek, Bakanlar Kurulu karar\u0131yla pazar\u0131 pazartesiye ba\u011flayan gece saatlerin 1 saat ileri al\u0131naca\u011f\u0131n\u0131 bildirdi.<\/p>\n<p>Y\u0131ld\u0131z, \u201cSe\u00e7im bitmi\u015f, say\u0131ma ge\u00e7ilmi\u015f olacak. Bakanlar Kurulu, vatanda\u015flar\u0131m\u0131z\u0131n se\u00e7im zaman\u0131nda bundan etkilenmemesini d\u00fc\u015f\u00fcnerek b\u00f6yle bir karar ald\u0131. Belki 1 saatten dolay\u0131 herhangi bir partinin oy kayb\u0131na sebep olmaks\u0131z\u0131n bu ger\u00e7ekle\u015ftirilmi\u015f olacak\u201d diye konu\u015ftu<\/p>\n<p>Kaynak: <a href=\"http:\/\/www.sondakika.com\/haber\/haber-taner-yildiz-kibris-muzakereleri-5659017\/\" target=\"_blank\">Son Dakika<\/a><\/p>","protected":false},"excerpt":{"rendered":"<p>Sorry, this entry is only available in Turkish. For the sake of viewer convenience, the content is shown below in the alternative language. You may click the link to switch the active language.Enerji ve Tabii Kaynaklar Bakan\u0131 Taner Y\u0131ld\u0131z, 30 Mart Pazar g\u00fcn\u00fc saat 03.00\u2032te ge\u00e7ilmesi planlanan yaz saati uygulamas\u0131na yerel se\u00e7imler nedeniyle 31 Mart [&hellip;]<\/p>\n","protected":false},"author":1,"featured_media":22546,"comment_status":"open","ping_status":"open","sticky":false,"template":"","format":"standard","meta":[],"categories":[53],"tags":[710,12808,63,67,1009,165,3754,746,667,12807,109,12809],"views":631,"_links":{"self":[{"href":"https:\/\/www.enerjigazetesi.ist\/en\/wp-json\/wp\/v2\/posts\/22545"}],"collection":[{"href":"https:\/\/www.enerjigazetesi.ist\/en\/wp-json\/wp\/v2\/posts"}],"about":[{"href":"https:\/\/www.enerjigazetesi.ist\/en\/wp-json\/wp\/v2\/types\/post"}],"author":[{"embeddable":true,"href":"https:\/\/www.enerjigazetesi.ist\/en\/wp-json\/wp\/v2\/users\/1"}],"replies":[{"embeddable":true,"href":"https:\/\/www.enerjigazetesi.ist\/en\/wp-json\/wp\/v2\/comments?post=22545"}],"version-history":[{"count":2,"href":"https:\/\/www.enerjigazetesi.ist\/en\/wp-json\/wp\/v2\/posts\/22545\/revisions"}],"predecessor-version":[{"id":22548,"href":"https:\/\/www.enerjigazetesi.ist\/en\/wp-json\/wp\/v2\/posts\/22545\/revisions\/22548"}],"wp:featuredmedia":[{"embeddable":true,"href":"https:\/\/www.enerjigazetesi.ist\/en\/wp-json\/wp\/v2\/media\/22546"}],"wp:attachment":[{"href":"https:\/\/www.enerjigazetesi.ist\/en\/wp-json\/wp\/v2\/media?parent=22545"}],"wp:term":[{"taxonomy":"category","embeddable":true,"href":"https:\/\/www.enerjigazetesi.ist\/en\/wp-json\/wp\/v2\/categories?post=22545"},{"taxonomy":"post_tag","embeddable":true,"href":"https:\/\/www.enerjigazetesi.ist\/en\/wp-json\/wp\/v2\/tags?post=22545"}],"curies":[{"name":"wp","href":"https:\/\/api.w.org\/{rel}","templated":true}]}}