{"id":22535,"date":"2014-02-12T14:35:58","date_gmt":"2014-02-12T11:35:58","guid":{"rendered":"https:\/\/www.enerjigazetesi.ist\/?p=22535"},"modified":"2014-02-12T15:29:52","modified_gmt":"2014-02-12T12:29:52","slug":"enerji-ve-cevre-konferansi-eskisehirde-duzenlenecek","status":"publish","type":"post","link":"https:\/\/www.enerjigazetesi.ist\/en\/enerji-ve-cevre-konferansi-eskisehirde-duzenlenecek\/","title":{"rendered":"(Turkish) Enerji ve \u00c7evre Konferans\u0131 Eski\u015fehir&#8217;de D\u00fczenlenecek"},"content":{"rendered":"<p class=\"qtranxs-available-languages-message qtranxs-available-languages-message-en\">Sorry, this entry is only available in <a href=\"https:\/\/www.enerjigazetesi.ist\/tr\/wp-json\/wp\/v2\/posts\/22535\" class=\"qtranxs-available-language-link qtranxs-available-language-link-tr\" title=\"Turkish\">Turkish<\/a>. For the sake of viewer convenience, the content is shown below in the alternative language. You may click the link to switch the active language.<\/p><p><strong>Eski\u015fehir Osmangazi \u00dcniversitesi Enerji Verimlili\u011fi Kul\u00fcb\u00fc ve Anadolu \u00dcniversitesi Yenilebilir Enerji Kaynaklar\u0131 Kulub\u00fc&#8217;n\u00fcn ortak d\u00fczenlemi\u015f oldu\u011fu ve Eski\u015fehir&#8217;de d\u00fczenlenen en b\u00fcy\u00fck enerji ve \u00e7evre konferans\u0131 \u00f6zelli\u011fi ta\u015f\u0131yan &#8220;1. Eski\u015feh<a href=\"https:\/\/www.enerjigazetesi.ist\/wp-content\/uploads\/2014\/02\/enerji-ve-cevre-konferansi-eskisehirde-duzenleniyor.jpg\"><img loading=\"lazy\" class=\"alignleft size-medium wp-image-22536\" title=\"enerji-ve-cevre-konferansi-eskisehirde-duzenleniyor\" src=\"https:\/\/www.enerjigazetesi.ist\/wp-content\/uploads\/2014\/02\/enerji-ve-cevre-konferansi-eskisehirde-duzenleniyor-300x184.jpg\" alt=\"\" width=\"300\" height=\"184\" srcset=\"https:\/\/www.enerjigazetesi.ist\/wp-content\/uploads\/2014\/02\/enerji-ve-cevre-konferansi-eskisehirde-duzenleniyor-300x184.jpg 300w, https:\/\/www.enerjigazetesi.ist\/wp-content\/uploads\/2014\/02\/enerji-ve-cevre-konferansi-eskisehirde-duzenleniyor-500x307.jpg 500w, https:\/\/www.enerjigazetesi.ist\/wp-content\/uploads\/2014\/02\/enerji-ve-cevre-konferansi-eskisehirde-duzenleniyor-80x50.jpg 80w, https:\/\/www.enerjigazetesi.ist\/wp-content\/uploads\/2014\/02\/enerji-ve-cevre-konferansi-eskisehirde-duzenleniyor.jpg 544w\" sizes=\"(max-width: 300px) 100vw, 300px\" \/><\/a>ir Enerji ve \u00c7evre Konferans\u0131&#8221; bu y\u0131l Anadolu \u00dcniversitesi&#8217;nde d\u00fczenleniyor.<\/strong><\/p>\n<p>Bu y\u0131l birincisi d\u00fczenlenecek olan ve kendi alan\u0131nda s\u00f6z sahibi ki\u015fileri bir araya getirecek olan bu konferans enerji verimlili\u011fi ve yenilenebilir enerji kaynaklar\u0131 konular\u0131n\u0131n yan\u0131 s\u0131ra \u00e7evre ve do\u011fan\u0131n korunumu, iklim de\u011fi\u015fikli\u011finin T\u00fcrkiye \u00fczerindeki etkisi hakk\u0131nda g\u00f6r\u00fc\u015f bildirecek akademisyen, gazeteci, programc\u0131lar ve kat\u0131l\u0131mc\u0131lar\u0131n bulu\u015fma noktas\u0131 olacakt\u0131r. Eski\u015fehir\u2019de Enerji ve \u00c7evre ad\u0131na yap\u0131lm\u0131\u015f en b\u00fcy\u00fck konferans olma \u00f6zelli\u011fi ta\u015f\u0131yan etkinli\u011fe t\u00fcm akademisyen, \u00f6\u011frenciler ve ilgililer davetlidir.<\/p>\n<p><strong>A\u00e7\u0131l\u0131\u015f Konu\u015fmac\u0131lar\u0131:<\/strong><\/p>\n<p>\u00d6mer Faruk G\u00fcnay : Eski\u015fehir Vali Yard\u0131mc\u0131s\u0131<\/p>\n<p>Ayd\u0131n Band\u0131rma : ES\u0130AD ba\u015fkan\u0131<\/p>\n<p>Prof.Dr.Haydar Aras : Eski\u015fehir Osmangazi \u00dcniversitesi<\/p>\n<p>Prof.Dr.Cengiz T\u00fcre : Anadolu \u00dcniversitesi<\/p>\n<p><strong>Konu\u015fmac\u0131lar:<\/strong><\/p>\n<p>Co\u015fkun ARAL &#8211; Gazeteci, \u00c7evreci, Belgesel yap\u0131mc\u0131s\u0131<\/p>\n<p><strong>&#8220;D\u00fcnyal\u0131k de\u011fil, g\u00fczel ve temiz bir d\u00fcnya i\u00e7in&#8221;<\/strong><\/p>\n<p>Serdar KILI\u00c7 &#8211; Programc\u0131(Do\u011fada Tek Ba\u015f\u0131na), Do\u011fa Bilimci<\/p>\n<p><strong>&#8220;Do\u011fa ve \u0130nsan&#8221;<\/strong><\/p>\n<p>Prof.Dr.Mikdat KADIO\u011eLU &#8211; \u0130stanbul Teknik \u00dcniversitesi<\/p>\n<p><strong>&#8220;K\u00fcresel \u0130klim De\u011fi\u015fikli\u011fi ve T\u00fcrkiye&#8221;<\/strong><\/p>\n<p>O\u011fuz T\u00dcRKYILMAZ &#8211; TMMOB MMO Enerji Grubu Ba\u015fkan\u0131<\/p>\n<p><strong>&#8220;T\u00fcrkiye&#8217;nin Enerji G\u00f6r\u00fcn\u00fcm\u00fc ve Gelece\u011fi&#8221;<\/strong><\/p>\n<p>Yavuz AYDIN &#8211; General Electric Energy<\/p>\n<p><strong>&#8220;Ecomagination &#8211; Enerji \u00dcretiminde Sunulan \u00c7\u00f6z\u00fcm ve Yenilikler&#8221;<\/strong><\/p>\n<p>G\u00fcrol \u00d6ZER &#8211; \u00c7imSA Teknoloji Direkt\u00f6r\u00fc<\/p>\n<p><strong>&#8220;WHRPG projeleri , verimlilik ve \u00c7imsa&#8221;<\/strong><\/p>\n<p>\u0130smal BOZ \u2013 \u00c7imSA \u00c7evre ve Kaynak Y\u00f6neticisi<\/p>\n<p><strong>&#8220;At\u0131klar\u0131n \u00c7imento fabrikalar\u0131nda bertaraf\u0131 ve Eski\u015fehir \u00c7imento fabrikas\u0131n\u0131n rol\u00fc&#8221;<\/strong><\/p>\n<p>Murat SUYABATMAZ &#8211; Bisikletliler Derne\u011fi Ba\u015fkan\u0131,<\/p>\n<p><strong>&#8220;Bisikletin Potansiyel Enerjisi&#8221;<\/strong><\/p>\n<p>Serkan \u00c7ET\u0130N &#8211; Yensis Enerji,<\/p>\n<p><strong>&#8220;Ba\u015far\u0131 Hikayesi&#8221;<\/strong><\/p>\n<p><strong>Tarih:<\/strong> 9 Mart 2014<br \/>\n<strong>Yer:<\/strong> Anadolu \u00dcniversitesi \u00d6\u011frenci Merkezi Salon 2009<\/p>\n<p>Yay\u0131nc\u0131: <a href=\"https:\/\/www.enerjigazetesi.ist\" target=\"_blank\">Enerji Gazetesi<\/a><\/p>","protected":false},"excerpt":{"rendered":"<p>Sorry, this entry is only available in Turkish. For the sake of viewer convenience, the content is shown below in the alternative language. You may click the link to switch the active language.Eski\u015fehir Osmangazi \u00dcniversitesi Enerji Verimlili\u011fi Kul\u00fcb\u00fc ve Anadolu \u00dcniversitesi Yenilebilir Enerji Kaynaklar\u0131 Kulub\u00fc&#8217;n\u00fcn ortak d\u00fczenlemi\u015f oldu\u011fu ve Eski\u015fehir&#8217;de d\u00fczenlenen en b\u00fcy\u00fck enerji ve [&hellip;]<\/p>\n","protected":false},"author":1,"featured_media":22536,"comment_status":"open","ping_status":"open","sticky":false,"template":"","format":"standard","meta":[],"categories":[53],"tags":[12803,2530,12801,63,67,1009,165,12,12802,12799,12800,105],"views":804,"_links":{"self":[{"href":"https:\/\/www.enerjigazetesi.ist\/en\/wp-json\/wp\/v2\/posts\/22535"}],"collection":[{"href":"https:\/\/www.enerjigazetesi.ist\/en\/wp-json\/wp\/v2\/posts"}],"about":[{"href":"https:\/\/www.enerjigazetesi.ist\/en\/wp-json\/wp\/v2\/types\/post"}],"author":[{"embeddable":true,"href":"https:\/\/www.enerjigazetesi.ist\/en\/wp-json\/wp\/v2\/users\/1"}],"replies":[{"embeddable":true,"href":"https:\/\/www.enerjigazetesi.ist\/en\/wp-json\/wp\/v2\/comments?post=22535"}],"version-history":[{"count":5,"href":"https:\/\/www.enerjigazetesi.ist\/en\/wp-json\/wp\/v2\/posts\/22535\/revisions"}],"predecessor-version":[{"id":22544,"href":"https:\/\/www.enerjigazetesi.ist\/en\/wp-json\/wp\/v2\/posts\/22535\/revisions\/22544"}],"wp:featuredmedia":[{"embeddable":true,"href":"https:\/\/www.enerjigazetesi.ist\/en\/wp-json\/wp\/v2\/media\/22536"}],"wp:attachment":[{"href":"https:\/\/www.enerjigazetesi.ist\/en\/wp-json\/wp\/v2\/media?parent=22535"}],"wp:term":[{"taxonomy":"category","embeddable":true,"href":"https:\/\/www.enerjigazetesi.ist\/en\/wp-json\/wp\/v2\/categories?post=22535"},{"taxonomy":"post_tag","embeddable":true,"href":"https:\/\/www.enerjigazetesi.ist\/en\/wp-json\/wp\/v2\/tags?post=22535"}],"curies":[{"name":"wp","href":"https:\/\/api.w.org\/{rel}","templated":true}]}}