{"id":22526,"date":"2014-02-12T10:20:57","date_gmt":"2014-02-12T07:20:57","guid":{"rendered":"https:\/\/www.enerjigazetesi.ist\/?p=22526"},"modified":"2014-02-12T11:03:48","modified_gmt":"2014-02-12T08:03:48","slug":"ocak-ayinda-elektrik-tuketimi-yuzde-275-artis-gosterdi","status":"publish","type":"post","link":"https:\/\/www.enerjigazetesi.ist\/en\/ocak-ayinda-elektrik-tuketimi-yuzde-275-artis-gosterdi\/","title":{"rendered":"(Turkish) Ocak Ay\u0131nda Elektrik T\u00fcketimi Y\u00fczde 2,75 Art\u0131\u015f G\u00f6sterdi&#8230;"},"content":{"rendered":"<p class=\"qtranxs-available-languages-message qtranxs-available-languages-message-en\">Sorry, this entry is only available in <a href=\"https:\/\/www.enerjigazetesi.ist\/tr\/wp-json\/wp\/v2\/posts\/22526\" class=\"qtranxs-available-language-link qtranxs-available-language-link-tr\" title=\"Turkish\">Turkish<\/a>. For the sake of viewer convenience, the content is shown below in the alternative language. You may click the link to switch the active language.<\/p><p><strong>T\u00fcrkiye`de Ocak ay\u0131nda<a href=\"https:\/\/www.enerjigazetesi.ist\/wp-content\/uploads\/2014\/02\/ocak-ayinda-elektrik-tuketimi-yuzde-275-artis-gosterdi.jpg\"><img loading=\"lazy\" class=\"size-medium wp-image-22527 alignright\" title=\"ocak-ayinda-elektrik-tuketimi-yuzde-275-artis-gosterdi\" src=\"https:\/\/www.enerjigazetesi.ist\/wp-content\/uploads\/2014\/02\/ocak-ayinda-elektrik-tuketimi-yuzde-275-artis-gosterdi-300x220.jpg\" alt=\"\" width=\"300\" height=\"220\" srcset=\"https:\/\/www.enerjigazetesi.ist\/wp-content\/uploads\/2014\/02\/ocak-ayinda-elektrik-tuketimi-yuzde-275-artis-gosterdi-300x220.jpg 300w, https:\/\/www.enerjigazetesi.ist\/wp-content\/uploads\/2014\/02\/ocak-ayinda-elektrik-tuketimi-yuzde-275-artis-gosterdi-500x367.jpg 500w, https:\/\/www.enerjigazetesi.ist\/wp-content\/uploads\/2014\/02\/ocak-ayinda-elektrik-tuketimi-yuzde-275-artis-gosterdi-67x50.jpg 67w, https:\/\/www.enerjigazetesi.ist\/wp-content\/uploads\/2014\/02\/ocak-ayinda-elektrik-tuketimi-yuzde-275-artis-gosterdi.jpg 567w\" sizes=\"(max-width: 300px) 100vw, 300px\" \/><\/a> elektrik t\u00fcketimi bir \u00f6nceki y\u0131l\u0131n ayn\u0131 d\u00f6nemine g\u00f6re y\u00fczde 2,75 artarak, 21 milyar 860 milyon kilovatsaat (kWh) oldu. Ge\u00e7ti\u011fimiz ay, elektrik ithalat\u0131 da, ihracat\u0131 da art\u0131\u015f g\u00f6sterdi.<\/strong><\/p>\n<p>T\u00fcrkiye Elektrik \u0130letim A\u015e\u2019nin (TE\u0130A\u015e) ayl\u0131k ge\u00e7ici verilerine g\u00f6re, 2013 y\u0131l\u0131n\u0131n ilk ay\u0131nda 21,275 GWh olan elektrik t\u00fcketimi, 21,860 GWh seviyesinde ger\u00e7ekle\u015fti.<\/p>\n<p>Ocak ay\u0131nda d\u0131\u015f sat\u0131m y\u00fczde 176,7 artarak, 279,9 milyon kWh, d\u0131\u015f al\u0131m ise y\u00fczde 5,95 oran\u0131nda artarak, 758,8 milyon kWh seviyesinde ger\u00e7ekle\u015fti.<\/p>\n<p>Kaynak: <a href=\"http:\/\/www.enerjigunlugu.net\/ocak-ayinda-elektrik-tuketimi-yuzde-275-artti_7059.html\" target=\"_blank\">Enerji G\u00fcnl\u00fc\u011f\u00fc<\/a><\/p>","protected":false},"excerpt":{"rendered":"<p>Sorry, this entry is only available in Turkish. For the sake of viewer convenience, the content is shown below in the alternative language. You may click the link to switch the active language.T\u00fcrkiye`de Ocak ay\u0131nda elektrik t\u00fcketimi bir \u00f6nceki y\u0131l\u0131n ayn\u0131 d\u00f6nemine g\u00f6re y\u00fczde 2,75 artarak, 21 milyar 860 milyon kilovatsaat (kWh) oldu. Ge\u00e7ti\u011fimiz ay, [&hellip;]<\/p>\n","protected":false},"author":1,"featured_media":22527,"comment_status":"open","ping_status":"open","sticky":false,"template":"","format":"standard","meta":[],"categories":[51,53],"tags":[68,61,130,63,67,1009,165,1582,846,3479],"views":800,"_links":{"self":[{"href":"https:\/\/www.enerjigazetesi.ist\/en\/wp-json\/wp\/v2\/posts\/22526"}],"collection":[{"href":"https:\/\/www.enerjigazetesi.ist\/en\/wp-json\/wp\/v2\/posts"}],"about":[{"href":"https:\/\/www.enerjigazetesi.ist\/en\/wp-json\/wp\/v2\/types\/post"}],"author":[{"embeddable":true,"href":"https:\/\/www.enerjigazetesi.ist\/en\/wp-json\/wp\/v2\/users\/1"}],"replies":[{"embeddable":true,"href":"https:\/\/www.enerjigazetesi.ist\/en\/wp-json\/wp\/v2\/comments?post=22526"}],"version-history":[{"count":2,"href":"https:\/\/www.enerjigazetesi.ist\/en\/wp-json\/wp\/v2\/posts\/22526\/revisions"}],"predecessor-version":[{"id":22529,"href":"https:\/\/www.enerjigazetesi.ist\/en\/wp-json\/wp\/v2\/posts\/22526\/revisions\/22529"}],"wp:featuredmedia":[{"embeddable":true,"href":"https:\/\/www.enerjigazetesi.ist\/en\/wp-json\/wp\/v2\/media\/22527"}],"wp:attachment":[{"href":"https:\/\/www.enerjigazetesi.ist\/en\/wp-json\/wp\/v2\/media?parent=22526"}],"wp:term":[{"taxonomy":"category","embeddable":true,"href":"https:\/\/www.enerjigazetesi.ist\/en\/wp-json\/wp\/v2\/categories?post=22526"},{"taxonomy":"post_tag","embeddable":true,"href":"https:\/\/www.enerjigazetesi.ist\/en\/wp-json\/wp\/v2\/tags?post=22526"}],"curies":[{"name":"wp","href":"https:\/\/api.w.org\/{rel}","templated":true}]}}