{"id":22517,"date":"2014-02-12T10:46:04","date_gmt":"2014-02-12T07:46:04","guid":{"rendered":"https:\/\/www.enerjigazetesi.ist\/?p=22517"},"modified":"2014-02-12T10:46:04","modified_gmt":"2014-02-12T07:46:04","slug":"ardanuc-hes-icin-ced-sureci-basladi","status":"publish","type":"post","link":"https:\/\/www.enerjigazetesi.ist\/en\/ardanuc-hes-icin-ced-sureci-basladi\/","title":{"rendered":"(Turkish) Ardanu\u00e7 HES \u0130\u00e7in \u00c7ED S\u00fcreci Ba\u015flad\u0131!"},"content":{"rendered":"<p class=\"qtranxs-available-languages-message qtranxs-available-languages-message-en\">Sorry, this entry is only available in <a href=\"https:\/\/www.enerjigazetesi.ist\/tr\/wp-json\/wp\/v2\/posts\/22517\" class=\"qtranxs-available-language-link qtranxs-available-language-link-tr\" title=\"Turkish\">Turkish<\/a>. For the sake of viewer convenience, the content is shown below in the alternative language. You may click the link to switch the active language.<\/p><p><strong>MYY M\u00fchendislik Yap\u0131 M\u00fc\u015f. Taah. firmas\u0131 taraf\u0131ndan Artvin ilinde yap\u0131lmas\u0131 hedeflenen Ardanu\u00e7 7-8 HES i\u00e7in \u00c7ED s\u00fcreci ba\u015flad\u0131. Ayd\u0131n Dere \u00fczerinde kurulmas\u0131 hedeflenen ve iki b\u00f6l\u00fcmden olu\u015fan \u00c7ED projesi toplam 4,95 MWm \u2013 4,75 MWe kurulu g\u00fcc\u00fcnde olacak ve y\u0131ll\u0131k toplam 11.225.000 kWh enerji \u00fcretecek.<a href=\"https:\/\/www.enerjigazetesi.ist\/wp-content\/uploads\/2014\/02\/ardanuc-hes-icin-ced-sureci-basladi.jpg\"><img loading=\"lazy\" class=\"alignright size-full wp-image-22518\" title=\"ardanuc-hes-icin-ced-sureci-basladi\" src=\"https:\/\/www.enerjigazetesi.ist\/wp-content\/uploads\/2014\/02\/ardanuc-hes-icin-ced-sureci-basladi.jpg\" alt=\"\" width=\"273\" height=\"185\" srcset=\"https:\/\/www.enerjigazetesi.ist\/wp-content\/uploads\/2014\/02\/ardanuc-hes-icin-ced-sureci-basladi.jpg 273w, https:\/\/www.enerjigazetesi.ist\/wp-content\/uploads\/2014\/02\/ardanuc-hes-icin-ced-sureci-basladi-73x50.jpg 73w\" sizes=\"(max-width: 273px) 100vw, 273px\" \/><\/a><\/strong><\/p>\n<p><strong>YATIRIM MAL\u0130YET\u0130 12,7 M\u0130LYON TL<\/strong><\/p>\n<p>Proje\u2019nin \u00c7ED ba\u015fvuru dosyas\u0131na g\u00f6re, yat\u0131r\u0131m maliyeti 12 788 040 TL olacak. Proje iki k\u0131s\u0131mdan olu\u015fuor olup, s\u00f6z konusu k\u0131s\u0131mlar \u015f\u00f6yle;<\/p>\n<p><strong>1. K\u0131s\u0131m:<\/strong> Ardanu\u00e7 8 HES projesi kapsam\u0131nda Ayd\u0131n k\u00f6y\u2019\u00fcn 1 km bat\u0131s\u0131nda 1201,5 m talveg kotunda Ardanu\u00e7 8 Reg\u00fclat\u00f6r\u00fc d\u00fc\u015f\u00fcn\u00fclmekte. Reg\u00fclat\u00f6r arac\u0131l\u0131\u011f\u0131 ile Ayd\u0131n dereden al\u0131nan bir miktar su, sol sahilde tesis edilecek 2930,24 m\u2019lik iletim t\u00fcneli arac\u0131l\u0131\u011f\u0131 ile Ardanu\u00e7 8 santraline iletilecek.<\/p>\n<p><strong>2. K\u0131s\u0131m:<\/strong> Ardanu\u00e7 7 Reg\u00fclat\u00f6r\u00fc, Ardanu\u00e7 8 HES\u2019in devam\u0131nda 883,5 m talveg kotunda planlanmakta. Reg\u00fcl\u00e2t\u00f6r ile al\u0131nan sular1 636,49 m\u2019lik sol sahilde planlanan iletim t\u00fcneli ile Ardanu\u00e7 7 Santraline iletilecek.<\/p>\n<p>Kaynak: <a href=\"http:\/\/www.enerjigunlugu.net\/ardanuc-hes-icin-ced-sureci-basladi_7039.html\" target=\"_blank\">Enerji G\u00fcnl\u00fc\u011f\u00fc<\/a><\/p>","protected":false},"excerpt":{"rendered":"<p>Sorry, this entry is only available in Turkish. For the sake of viewer convenience, the content is shown below in the alternative language. You may click the link to switch the active language.MYY M\u00fchendislik Yap\u0131 M\u00fc\u015f. Taah. firmas\u0131 taraf\u0131ndan Artvin ilinde yap\u0131lmas\u0131 hedeflenen Ardanu\u00e7 7-8 HES i\u00e7in \u00c7ED s\u00fcreci ba\u015flad\u0131. Ayd\u0131n Dere \u00fczerinde kurulmas\u0131 hedeflenen [&hellip;]<\/p>\n","protected":false},"author":1,"featured_media":22518,"comment_status":"open","ping_status":"open","sticky":false,"template":"","format":"standard","meta":[],"categories":[53,47],"tags":[12794,12795,2878,63,67,1009,165,18,35370,1090],"views":902,"_links":{"self":[{"href":"https:\/\/www.enerjigazetesi.ist\/en\/wp-json\/wp\/v2\/posts\/22517"}],"collection":[{"href":"https:\/\/www.enerjigazetesi.ist\/en\/wp-json\/wp\/v2\/posts"}],"about":[{"href":"https:\/\/www.enerjigazetesi.ist\/en\/wp-json\/wp\/v2\/types\/post"}],"author":[{"embeddable":true,"href":"https:\/\/www.enerjigazetesi.ist\/en\/wp-json\/wp\/v2\/users\/1"}],"replies":[{"embeddable":true,"href":"https:\/\/www.enerjigazetesi.ist\/en\/wp-json\/wp\/v2\/comments?post=22517"}],"version-history":[{"count":1,"href":"https:\/\/www.enerjigazetesi.ist\/en\/wp-json\/wp\/v2\/posts\/22517\/revisions"}],"predecessor-version":[{"id":22519,"href":"https:\/\/www.enerjigazetesi.ist\/en\/wp-json\/wp\/v2\/posts\/22517\/revisions\/22519"}],"wp:featuredmedia":[{"embeddable":true,"href":"https:\/\/www.enerjigazetesi.ist\/en\/wp-json\/wp\/v2\/media\/22518"}],"wp:attachment":[{"href":"https:\/\/www.enerjigazetesi.ist\/en\/wp-json\/wp\/v2\/media?parent=22517"}],"wp:term":[{"taxonomy":"category","embeddable":true,"href":"https:\/\/www.enerjigazetesi.ist\/en\/wp-json\/wp\/v2\/categories?post=22517"},{"taxonomy":"post_tag","embeddable":true,"href":"https:\/\/www.enerjigazetesi.ist\/en\/wp-json\/wp\/v2\/tags?post=22517"}],"curies":[{"name":"wp","href":"https:\/\/api.w.org\/{rel}","templated":true}]}}