{"id":22473,"date":"2014-02-11T10:41:25","date_gmt":"2014-02-11T07:41:25","guid":{"rendered":"https:\/\/www.enerjigazetesi.ist\/?p=22473"},"modified":"2014-02-11T10:41:25","modified_gmt":"2014-02-11T07:41:25","slug":"akkuyu-projesi-cercevesinde-bu-yil-1-8-milyar-dolarlik-ihale-acilacak","status":"publish","type":"post","link":"https:\/\/www.enerjigazetesi.ist\/en\/akkuyu-projesi-cercevesinde-bu-yil-1-8-milyar-dolarlik-ihale-acilacak\/","title":{"rendered":"(Turkish) Akkuyu Projesi \u00c7er\u00e7evesinde Bu Y\u0131l 1.8 Milyar Dolarl\u0131k \u0130hale A\u00e7\u0131lacak&#8230;"},"content":{"rendered":"<p class=\"qtranxs-available-languages-message qtranxs-available-languages-message-en\">Sorry, this entry is only available in <a href=\"https:\/\/www.enerjigazetesi.ist\/tr\/wp-json\/wp\/v2\/posts\/22473\" class=\"qtranxs-available-language-link qtranxs-available-language-link-tr\" title=\"Turkish\">Turkish<\/a>. For the sake of viewer convenience, the content is shown below in the alternative language. You may click the link to switch the active language.<\/p><p><strong>T\u00fcrkiye\u2019nin ilk n\u00fckleer santral\u0131 olan Mersin Akkuyu Projesi \u00e7er\u00e7evesinde bu y\u0131l 1.8 milyar dolarl\u0131k ihale a\u00e7\u0131lacak. Saha i\u00e7i yap\u0131lar, yollar, in\u015faat malzemelerinin \u00fcretimi, n\u00fckleer buhar jenerat\u00f6r\u00fc ve a\u011f\u0131r in\u015faat vin\u00e7leri tedariki i\u00e7in 1.8 milyar dolarl\u0131k ekipman al\u0131m ihalesi a\u00e7\u0131lacak.<\/strong><\/p>\n<p>Mersin Akkuyu N\u00fckleer G\u00fc\u00e7 Santrali Projesi\u2019nin 2014 takviminde herhangi bir de\u011fi\u015fiklik bulunmad\u0131\u011f\u0131, \u00e7al\u0131\u015fmalar\u0131n i\u015f takvimine uygun y\u00fcr\u00fct\u00fcld\u00fc\u011f\u00fc ve gecikmenin s\u00f6z konusu olmad\u0131\u011f\u0131 bildirildi. Haz\u0131rlanan i\u015f takvimine g\u00f6re bu y\u0131l bir dizi ihale ve buna ba\u011fl\u0131 olarak yap\u0131m ve tedarik i\u015fleri ger\u00e7ekle\u015ftirilecek.<\/p>\n<p>Proje kapsam\u0131nda bu y\u0131l ilk olarak, saha in\u015faata haz\u0131rlanacak. Bu \u00e7er\u00e7evede sahaya enerji temini ve ba\u011flant\u0131 yollar\u0131n\u0131n yap\u0131m\u0131 ger\u00e7ekle\u015ftirilecek. Hidroteknik yap\u0131lar\u0131n tasar\u0131m\u0131, saha d\u0131\u015f\u0131 yol in\u015faat\u0131, su boru hatt\u0131 \u015febeke ve tesis in\u015faat\u0131, \u00e7al\u0131\u015fanlar i\u00e7in ge\u00e7ici ya\u015fam alan\u0131, saha i\u00e7i alt yap\u0131 tesisleri ve yol yap\u0131m\u0131, in\u015faat malzemeleri \u00fcretim tesisi yap\u0131m\u0131, n\u00fckleer buhar jenerat\u00f6r\u00fc ve a\u011f\u0131r in\u015faat vin\u00e7lerinin tedariki yap\u0131lacak.<\/p>\n<h2>Su alma yap\u0131s\u0131 i\u00e7in i<a href=\"https:\/\/www.enerjigazetesi.ist\/wp-content\/uploads\/2013\/04\/turkiye-istemese-de-nukleer-e-ced-aliriz.png\"><img loading=\"lazy\" class=\"alignleft size-medium wp-image-9539\" title=\"akkuyu-n\u00fckleer-santrali\" src=\"https:\/\/www.enerjigazetesi.ist\/wp-content\/uploads\/2013\/04\/turkiye-istemese-de-nukleer-e-ced-aliriz-300x185.png\" alt=\"\" width=\"300\" height=\"185\" srcset=\"https:\/\/www.enerjigazetesi.ist\/wp-content\/uploads\/2013\/04\/turkiye-istemese-de-nukleer-e-ced-aliriz-300x185.png 300w, https:\/\/www.enerjigazetesi.ist\/wp-content\/uploads\/2013\/04\/turkiye-istemese-de-nukleer-e-ced-aliriz-80x50.png 80w, https:\/\/www.enerjigazetesi.ist\/wp-content\/uploads\/2013\/04\/turkiye-istemese-de-nukleer-e-ced-aliriz.png 481w\" sizes=\"(max-width: 300px) 100vw, 300px\" \/><\/a>hale<\/h2>\n<p>Gerekli izinlerin al\u0131nmas\u0131n\u0131n ard\u0131ndan su alma yap\u0131s\u0131n\u0131n tesisi i\u00e7in ihaleye \u00e7\u0131k\u0131lacak. Bu i\u015f \u00e7er\u00e7evesinde, su alma tesisinden santral sahas\u0131na \u2018su boru hatt\u0131n\u0131n \u00e7ekilmesi\u2019 ve \u2018su ar\u0131tma tesisinin yap\u0131lmas\u0131\u2019 da planlan\u0131yor. Ayr\u0131ca sahay\u0131 karayollar\u0131na ba\u011flayan tali yolun uzat\u0131lmas\u0131 ve ikinci yolun yap\u0131m\u0131 \u00f6ng\u00f6r\u00fcl\u00fcyor.<\/p>\n<h2>\u00c7ED, Nisan\u2019a<\/h2>\n<p>\u201c\u00c7evresel Etki De\u011ferlendirme (\u00c7ED) Olumlu\u2019 karar\u0131n\u0131n Nisan ay\u0131nda al\u0131nmas\u0131 beklenirken, bu karar\u0131n ard\u0131ndan in\u015faatta \u00e7al\u0131\u015facaklar i\u00e7in ge\u00e7ici bir ya\u015fam alan\u0131 ve yap\u0131-montaj tesisi i\u00e7in i\u00f6ncelikli yap\u0131lar\u0131 in\u015fa edilecek.<\/p>\n<p>Ayn\u0131 d\u00f6nemde sahada yang\u0131n g\u00fcvenlik tedbirlerine ili\u015fkin \u00e7al\u0131\u015fmalara devam edilecek ve ge\u00e7ici yang\u0131n deposu ile yang\u0131n emniyet yollar\u0131 olu\u015fturulacak. Sahada kullan\u0131lacak in\u015faat malzemelerinin \u00fcretimine de devam edilecek. Yine ayn\u0131 \u015fekilde proje kapsam\u0131ndaki gerekli m\u00fchendislik et\u00fctleri ve sahan\u0131n \u00e7evresel izlemesi ile ilgili \u00e7al\u0131\u015fmalar da s\u00fcrecek.<\/p>\n<h2>3.5 Milyar dolarl\u0131k ekipman al\u0131nacak<\/h2>\n<p>Akkuyu i\u00e7in yakla\u015f\u0131k 3,5 milyar dolarl\u0131k ekipman al\u0131m\u0131 yap\u0131lmas\u0131 planlan\u0131rken, bunun 1.8 milyar dolarl\u0131k b\u00f6l\u00fcm\u00fc 2014 y\u0131l\u0131 i\u00e7inde yap\u0131lacak. Bu \u00e7er\u00e7evede a\u00e7\u0131lacak baz\u0131 ihaleler ise \u015f\u00f6yle s\u0131ralan\u0131yor:<\/p>\n<p>&#8211; Hidroteknik yap\u0131lar\u0131n tasar\u0131m\u0131 &#8211; Saha d\u0131\u015f\u0131 ula\u015f\u0131m yollar\u0131n\u0131n in\u015faat\u0131, n\u00fckleer santral su boru hatt\u0131n\u0131n d\u0131\u015f \u015febekeleri ve tesisleri, in\u015faat \u00e7al\u0131\u015fanlar\u0131 i\u00e7in ge\u00e7ici ya\u015fam alan\u0131, saha i\u00e7i altyap\u0131 tesisleri ve yollar\u0131, in\u015faat malzemelerinin \u00fcretimi &#8211; Tedariki uzun s\u00fcren ekipmanlar\u0131n imalat\u0131 ve tedariki (n\u00fckleer buhar jenerat\u00f6r\u00fc), a\u011f\u0131r in\u015faat vin\u00e7lerin tedariki Yetkililer, 20 milyar dolarl\u0131k yat\u0131r\u0131mla ger\u00e7ekle\u015ftirilecek n\u00fckleer santral i\u00e7in belirlenen \u00e7al\u0131\u015fma takviminde herhangi bir de\u011fi\u015fiklik yap\u0131lmad\u0131\u011f\u0131n\u0131 ve Nisan\u2019da al\u0131nacak olan \u00c7ED olumlu raporunun ard\u0131ndan \u00e7al\u0131\u015fmalara h\u0131z verilece\u011fini belirttiler.<\/p>\n<h2>\u0130lk \u00fcretim, 2020<\/h2>\n<p>Proje i\u00e7in in\u015faat lisans\u0131n\u0131n T\u00fcrkiye Atom Enerjisi Kurumu\u2019ndan 2015 sonunda al\u0131nmas\u0131, ilk \u00fcnite in\u015faat\u0131n\u0131n ise Ocak 2016\u2032da ba\u015flamas\u0131 \u00f6ng\u00f6r\u00fcl\u00fcyor. Herhangi bir aksilik olmaz ise ilk reakt\u00f6rde elektrik \u00fcretiminin 2020 ortas\u0131nda ba\u015flamas\u0131 planlan\u0131yor. Di\u011fer 3 \u00fcnitenin ise birer y\u0131ll\u0131k aralarla devreye girmesi ve 2023 y\u0131l\u0131nda t\u00fcm projenin bitirilmi\u015f olmas\u0131 hedefleniyor.<\/p>\n<h2>Bakan Y\u0131ld\u0131z: \u201cN\u00fckleer h\u0131zland\u0131r\u0131lacak\u201d<\/h2>\n<p>Enerji ve Tabii Kaynaklar Bakan\u0131 Taner Y\u0131ld\u0131z, So\u00e7i\u2019de yapt\u0131\u011f\u0131 a\u00e7\u0131klamada Akkuyu N\u00fckleer Santral\u0131 ile ilgili h\u0131zlan\u0131lmas\u0131 gerekti\u011fini belirterek, Fuku\u015fima\u2019dan sonra g\u00fcvenlik endekslerinin art\u0131r\u0131ld\u0131\u011f\u0131na dikkat \u00e7ekmi\u015fti. \u201cTabii bundan sonra \u00c7ED s\u00fcreci var, in\u015faat izni s\u00fcreci var, lisanslama s\u00fcreci var. Bunlar\u0131n ayr\u0131 ayr\u0131 de\u011ferlendirilmesi gerekir. Bu manada iki tane ayr\u0131 komite kurduk. O iki komite de bundan sonra daha h\u0131zl\u0131 \u00e7al\u0131\u015fman\u0131n yollar\u0131n\u0131 in\u015fallah a\u00e7m\u0131\u015f olacak\u201d demi\u015fti.<\/p>\n<p>Akkuyu Enerji Santral\u0131n\u0131n yap\u0131m\u0131n\u0131 \u00fcstlenen \u015firketin kay\u0131tl\u0131 sermayesini 2.8 milyar liraya y\u00fckseltti\u011fini vurgulayan Y\u0131ld\u0131z, \u201cBu \u00f6zellikle T\u00fcrkiye\u2019nin siyasi istikrar\u0131n\u0131n tart\u0131\u015f\u0131lmaya \u00e7al\u0131\u015f\u0131ld\u0131\u011f\u0131 bir ortamda ciddi ve \u00f6nemli bir g\u00fcven g\u00f6stergesidir. Rusya Federasyonu ile kar\u015f\u0131l\u0131kl\u0131 g\u00fcvene dayanan bir\u00e7ok projeyi geni\u015fletmeye ve ilerletmeye \u00e7al\u0131\u015f\u0131yoruz\u201d diye konu\u015fmu\u015ftu.<\/p>\n<p>Kaynak: <a href=\"http:\/\/www.hurriyet.com.tr\/ekonomi\/25777959.asp\" target=\"_blank\">H\u00fcrriyet<\/a><\/p>","protected":false},"excerpt":{"rendered":"<p>Sorry, this entry is only available in Turkish. For the sake of viewer convenience, the content is shown below in the alternative language. You may click the link to switch the active language.T\u00fcrkiye\u2019nin ilk n\u00fckleer santral\u0131 olan Mersin Akkuyu Projesi \u00e7er\u00e7evesinde bu y\u0131l 1.8 milyar dolarl\u0131k ihale a\u00e7\u0131lacak. Saha i\u00e7i yap\u0131lar, yollar, in\u015faat malzemelerinin \u00fcretimi, [&hellip;]<\/p>\n","protected":false},"author":1,"featured_media":9539,"comment_status":"open","ping_status":"open","sticky":false,"template":"","format":"standard","meta":[],"categories":[53,43],"tags":[12766,2878,12765,63,67,1009,165,2054,12764,71,21],"views":658,"_links":{"self":[{"href":"https:\/\/www.enerjigazetesi.ist\/en\/wp-json\/wp\/v2\/posts\/22473"}],"collection":[{"href":"https:\/\/www.enerjigazetesi.ist\/en\/wp-json\/wp\/v2\/posts"}],"about":[{"href":"https:\/\/www.enerjigazetesi.ist\/en\/wp-json\/wp\/v2\/types\/post"}],"author":[{"embeddable":true,"href":"https:\/\/www.enerjigazetesi.ist\/en\/wp-json\/wp\/v2\/users\/1"}],"replies":[{"embeddable":true,"href":"https:\/\/www.enerjigazetesi.ist\/en\/wp-json\/wp\/v2\/comments?post=22473"}],"version-history":[{"count":2,"href":"https:\/\/www.enerjigazetesi.ist\/en\/wp-json\/wp\/v2\/posts\/22473\/revisions"}],"predecessor-version":[{"id":22475,"href":"https:\/\/www.enerjigazetesi.ist\/en\/wp-json\/wp\/v2\/posts\/22473\/revisions\/22475"}],"wp:featuredmedia":[{"embeddable":true,"href":"https:\/\/www.enerjigazetesi.ist\/en\/wp-json\/wp\/v2\/media\/9539"}],"wp:attachment":[{"href":"https:\/\/www.enerjigazetesi.ist\/en\/wp-json\/wp\/v2\/media?parent=22473"}],"wp:term":[{"taxonomy":"category","embeddable":true,"href":"https:\/\/www.enerjigazetesi.ist\/en\/wp-json\/wp\/v2\/categories?post=22473"},{"taxonomy":"post_tag","embeddable":true,"href":"https:\/\/www.enerjigazetesi.ist\/en\/wp-json\/wp\/v2\/tags?post=22473"}],"curies":[{"name":"wp","href":"https:\/\/api.w.org\/{rel}","templated":true}]}}