{"id":22433,"date":"2014-02-10T11:26:15","date_gmt":"2014-02-10T08:26:15","guid":{"rendered":"https:\/\/www.enerjigazetesi.ist\/?p=22433"},"modified":"2014-02-10T11:26:15","modified_gmt":"2014-02-10T08:26:15","slug":"enerji-hanim-ve-enerji-cocukun-ardindan-enerji-verimli-sanayi-projesi","status":"publish","type":"post","link":"https:\/\/www.enerjigazetesi.ist\/en\/enerji-hanim-ve-enerji-cocukun-ardindan-enerji-verimli-sanayi-projesi\/","title":{"rendered":"(Turkish) Enerji Han\u0131m ve Enerji \u00c7ocuk&#8217;un Ard\u0131ndan Enerji Verimli Sanayi Projesi!"},"content":{"rendered":"<p class=\"qtranxs-available-languages-message qtranxs-available-languages-message-en\">Sorry, this entry is only available in <a href=\"https:\/\/www.enerjigazetesi.ist\/tr\/wp-json\/wp\/v2\/posts\/22433\" class=\"qtranxs-available-language-link qtranxs-available-language-link-tr\" title=\"Turkish\">Turkish<\/a>. For the sake of viewer convenience, the content is shown below in the alternative language. You may click the link to switch the active language.<\/p><p><strong>&#8220;Enerji Han\u0131m&#8221; ve &#8220;Enerji \u00c7ocuk&#8221; projelerinin ard\u0131ndan Enerji ve Tabii Kaynaklar Bakanl\u0131\u011f\u0131 ile Enerji Verimlili\u011fi Derne\u011fi enerji t\u00fcketiminin y\u00fczde 27&#8217;sinin yap\u0131ld\u0131\u011f\u0131 sanayide enerji verimlili\u011fini art\u0131rmak i\u00e7in d\u00fc\u011fmeye bast\u0131. &#8220;G\u00fc\u00e7l\u00fc Sanayi Verimli Enerji&#8221; slogan\u0131yla yola \u00e7\u0131k\u0131lan &#8220;Enerji Verimli Sanayi&#8221; projesi, sanayi kurulu\u015flar\u0131nda belirlenen 13 enerji verimlilik art\u0131r\u0131c\u0131 proje alan\u0131yla on y\u0131lda 65 milyar TL de\u011ferinde enerji tasarrufu olu\u015fturmay\u0131 hedefliyor. H\u00fck\u00fcmet, ayr\u0131ca enerji verimlili\u011fine yat\u0131r\u0131m yapan sanayicileri, yat\u0131r\u0131m\u0131n yap\u0131ld\u0131\u011f\u0131 b\u00f6lgeye bak\u0131lmaks\u0131z\u0131n 5. b\u00f6lgeye yap\u0131lan yat\u0131r\u0131mlardan faydaland\u0131racak.<\/strong><\/p>\n<p>Enerji ve Tabii Kaynaklar Bakanl\u0131\u011f\u0131 ile Enerji Verimlili\u011fi Derne\u011fi taraf\u0131ndan y\u00fcr\u00fct\u00fclen ve Organize Sanayi B\u00f6lgeleri \u00dcst Kurulu\u015fu (OSB\u00dcK) taraf\u0131ndan desteklenen Enerji Verimli Sanayi Projesi, Enerji ve Tabii Kaynaklar Bakan\u0131 Taner Y\u0131ld\u0131z&#8217;\u0131n kat\u0131l\u0131m\u0131yla Gebze&#8217;de yap\u0131lan toplant\u0131yla sanayicilere tan\u0131t\u0131ld\u0131.<a href=\"https:\/\/www.enerjigazetesi.ist\/wp-content\/uploads\/2012\/12\/sanayide-enerji-verimliligi.jpg\"><img loading=\"lazy\" class=\"alignright size-medium wp-image-4429\" title=\"sanayide-enerji-verimliligi\" src=\"https:\/\/www.enerjigazetesi.ist\/wp-content\/uploads\/2012\/12\/sanayide-enerji-verimliligi-300x161.jpg\" alt=\"\" width=\"300\" height=\"161\" srcset=\"https:\/\/www.enerjigazetesi.ist\/wp-content\/uploads\/2012\/12\/sanayide-enerji-verimliligi-300x161.jpg 300w, https:\/\/www.enerjigazetesi.ist\/wp-content\/uploads\/2012\/12\/sanayide-enerji-verimliligi-80x43.jpg 80w, https:\/\/www.enerjigazetesi.ist\/wp-content\/uploads\/2012\/12\/sanayide-enerji-verimliligi.jpg 475w\" sizes=\"(max-width: 300px) 100vw, 300px\" \/><\/a><\/p>\n<p>&#8220;G\u00fc\u00e7l\u00fc Sanayi Verimli Enerji&#8221; slogan\u0131yla yola \u00e7\u0131k\u0131lan proje, sanayi kurulu\u015flar\u0131nda belirlenen 13 enerji verimlilik art\u0131r\u0131c\u0131 proje alan\u0131yla on y\u0131lda 65 milyar TL de\u011ferinde enerji tasarrufu olu\u015fturmay\u0131 hedefliyor. Bu tasarruf; 16.000 okul, 3.200 tam te\u015fekk\u00fcll\u00fc hastane, 10 Bo\u011faz K\u00f6pr\u00fcs\u00fc, 10 havaliman\u0131, 7 Atat\u00fcrk Baraj\u0131 ve 6 \u00fcnite n\u00fckleer santral i\u00e7in gerekli olan kaynak anlam\u0131na geliyor.<\/p>\n<p>Enerji Verimlili\u011fi Derne\u011fi taraf\u0131ndan sanayicilerin en etkin verimlilik art\u0131\u015f\u0131 sa\u011flayabilece\u011fi 13 alan\u0131n belirlendi\u011fi proje kapsam\u0131nda i\u015fletmelerin enerji tasarrufu a\u00e7\u0131s\u0131ndan enerji verimlili\u011fine odaklanmalar\u0131, i\u015fletmelerine uygun projeleri hayata ge\u00e7irmeleri hedefleniyor. Bu alanlarda enerji verimlili\u011fi yat\u0131r\u0131m\u0131 yapan sanayiciler, b\u00f6lgeye bak\u0131lmaks\u0131z\u0131n be\u015finci b\u00f6lgeye verilen te\u015fviklerden faydaland\u0131r\u0131lacak.<\/p>\n<p>\u00dclke genelindeki t\u00fcm <strong>Organize Sanayi B\u00f6lgelerinde<\/strong> uygulamaya konulacak projede, <strong>Enerji Y\u00f6netim Merkezleri<\/strong> kurulacak ve bu merkezlerle ortakla\u015fa \u00e7al\u0131\u015f\u0131larak OSB&#8217;deki enerji t\u00fcketimiyle ilgili \u00f6n raporlar haz\u0131rlanacak. Bu raporlar paralelinde, sanayi kurulu\u015flar\u0131na 13 verimlilik art\u0131r\u0131c\u0131 proje uygulama alan\u0131yla ilgili e\u011fitimler verilecek ve b\u00fcnyelerinde yapma karar\u0131 ald\u0131\u011f\u0131 de\u011fi\u015fiklikler saptanacak. Kurulan Enerji Y\u00f6netim Merkezleri, sanayi kurulu\u015flar\u0131n\u0131n geli\u015fimlerini d\u00fczenli raporlarla takip edecek ve b\u00f6lgesel toplant\u0131larla aktar\u0131lacak.<\/p>\n<p>Enerji Verimli Sanayi projesinin ikinci ad\u0131m\u0131nda Bakanl\u0131\u011f\u0131n, sanayicilerin enerji verimlili\u011fi yat\u0131r\u0131mlar\u0131n\u0131 kolayla\u015ft\u0131rmak amac\u0131yla ald\u0131\u011f\u0131 bu \u00f6nemli kararlar, Gebze B\u00f6lgesindeki sanayicilerin kat\u0131l\u0131m\u0131yla ger\u00e7ekle\u015ftirilen toplant\u0131da Enerji ve Tabii Kaynaklar Bakan\u0131 Taner Y\u0131ld\u0131z taraf\u0131ndan a\u00e7\u0131kland\u0131.<\/p>\n<p>Toplant\u0131da, Enerji Verimlili\u011fi Derne\u011fi Ba\u015fkan Vekili Adnan Uluba\u015f, \u0130stanbul Sanayi Odas\u0131 Y\u00f6netim Kurulu Ba\u015fkan\u0131 Erdal Bah\u00e7\u0131van, Enerji Verimlili\u011fi Y\u00f6netim Kurulu \u00dcyesi Ali Kibar ve Enerji Verimlili\u011fi Derne\u011fi Kocaeli \u015eube Ba\u015fkan\u0131 Fuat Ey\u00fcbo\u011flu da s\u00f6z ald\u0131lar.<\/p>\n<p><strong>&#8220;PROJELER \u00dcLKEM\u0130ZE 10 YILDA 16 B\u0130N OKUL KAZANDIRACAK&#8221;<\/strong><\/p>\n<p>Enerji Verimlili\u011fi Derne\u011fi Y\u00f6netim Kurulu Ba\u015fkan Yard\u0131mc\u0131s\u0131 Adnan Ersoy Uluba\u015f, enerji verimlili\u011fini art\u0131rmak i\u00e7in Enerji ve Tabii Kaynaklar Bakanl\u0131\u011f\u0131 ile \u00fclke genelinde y\u00fcr\u00fctt\u00fckleri projeleri de\u011ferlendirdi. Enerji verimlili\u011fini Enerji Han\u0131m kapsam\u0131nda ev han\u0131mlar\u0131na, Enerji \u00c7ocuk Projesi ile de gen\u00e7 nesillere ta\u015f\u0131d\u0131klar\u0131n\u0131, \u015fimdi de Enerji Verimli Sanayi Projesi ile sanayicilere ula\u015ft\u0131klar\u0131n\u0131 aktard\u0131.<br \/>\nEnerjide Verim Art\u0131r\u0131c\u0131 Proje (EVAP) uygulamas\u0131 yap\u0131labilecek 13 alandaki iyile\u015ftirmelerle 10 y\u0131lda 65 milyar TL kazan\u00e7 sa\u011flanmas\u0131n\u0131 hedeflendi\u011fine dikkat \u00e7ekti. Bu kapsamda buhar sistemlerinde yal\u0131t\u0131ml\u0131 borulardaki kay\u0131plar, yal\u0131t\u0131ms\u0131z borulara g\u00f6re y\u00fczde 80-85 oran\u0131nda daha az oluyor ve f\u0131r\u0131n sistemlerinde at\u0131k \u0131s\u0131n\u0131n geri kazan\u0131lmas\u0131yla y\u00fczde 45&#8217;e varan enerji tasarrufu sa\u011flanabildi\u011fini vurgulayan Uluba\u015f, &#8220;10 y\u0131lda 65 milyar TL olarak saptanan enerji tasarrufu, 16 bin okul, 3 bin 200 tam te\u015fekk\u00fcll\u00fc hastane, 7 Atat\u00fcrk Baraj\u0131, 10 Havaliman\u0131 , 10 Bo\u011faz K\u00f6pr\u00fcs\u00fc, 6 \u00fcnite n\u00fckleer santral yap\u0131labilmesi anlam\u0131na geliyor&#8221; dedi.<\/p>\n<p><strong>&#8220;TASARRUF ED\u0130LEB\u0130LECE\u011e\u0130M\u0130Z ENERJ\u0130, YEN\u0130LENEB\u0130L\u0130R ENERJ\u0130 KAYNAKLARIMIZDAN \u00dcRETEB\u0130LECE\u011e\u0130M\u0130Z ENERJ\u0130DEN DAHA FAZLA&#8221;<\/strong><\/p>\n<p>T\u00fcrkiye&#8217;deki enerji a\u00e7\u0131\u011f\u0131na dikkat \u00e7eken Uluba\u015f, &#8220;2012 y\u0131l\u0131 birincil enerji t\u00fcketimimiz 120 milyon Ton Petrol E\u015fde\u011ferine (TEP) ula\u015fm\u0131\u015f, toplam birincil enerji ihtiyac\u0131m\u0131z\u0131n ancak %28&#8217;i yerli kaynaklar\u0131m\u0131z ile kar\u015f\u0131lanabilmi\u015ftir. 2012 y\u0131l\u0131 itibar\u0131yla y\u00fczde 72&#8217;si yurt d\u0131\u015f\u0131ndan gelen toplam birincil enerjimizin y\u00fczde 27&#8217;si sanayide, y\u00fczde 26&#8217;s\u0131 konut ve hizmetlerde ve %14&#8217;\u00fc ula\u015f\u0131mda harcanm\u0131\u015ft\u0131r.&#8221; dedi. Uluba\u015f; sanayide, binalarda ve ula\u015f\u0131mda enerji verimlili\u011finin iyile\u015ftirilmesiyle elde edilecek tasarrufun enerji de\u011feri, yenilenebilir enerji kaynaklar\u0131m\u0131zdan \u00fcretebilece\u011fimiz enerjiden daha fazla oldu\u011funu da vurgulad\u0131.<\/p>\n<p>Adnan Ersoy Uluba\u015f, yapt\u0131\u011f\u0131 konu\u015fmada 2020&#8217;de d\u00fcnyan\u0131n en b\u00fcy\u00fck 10 ekonomisinden biri olmaya haz\u0131rlanan \u00fclkemizin, daha az enerji ile daha \u00e7ok ekonomik fayda elde etmesi gerekti\u011fini vurgulayarak &#8220;Ki\u015fi ba\u015f\u0131na daha az enerji t\u00fcketti\u011fimiz halde, bin Dolarl\u0131k milli has\u0131lay\u0131 \u00fcretebilmek i\u00e7in geli\u015fmi\u015f \u00fclkelere g\u00f6re daha fazla enerji harc\u0131yoruz.&#8221; dedi. Uluba\u015f, Enerji Verimlili\u011fi Derne\u011fi olarak enerjiyi her noktada verimli ve etkin kullanmak ve katma de\u011feri y\u00fcksek mal ve hizmet \u00fcretimini art\u0131rmak gereklili\u011fiyle faaliyetler g\u00f6sterdiklerini belirtti.<\/p>\n<p><strong>&#8220;ENERJ\u0130DEK\u0130 YANLI\u015e KULLANIM VE A\u015eIRI T\u00dcKET\u0130M C\u0130DD\u0130 B\u0130R SORUN&#8221;<\/strong><\/p>\n<p>Enerji tedari\u011finin g\u00fcvenli\u011fi ve fosil yak\u0131tlardan elde edilen enerjinin, \u00e7evre \u00fczerindeki etkisinin daha fazla d\u00fc\u015f\u00fcn\u00fclmesi gerekti\u011fini bir d\u00f6nemde olundu\u011funu belirten \u0130stanbul Sanayi Odas\u0131 Y\u00f6netim Kurulu Ba\u015fkan\u0131 Erdal Bah\u00e7\u0131van ise, &#8220;Halk\u0131n bilin\u00e7 seviyesinde bir art\u0131\u015f olmazsa, enerjideki yanl\u0131\u015f kullan\u0131m ve a\u015f\u0131r\u0131 t\u00fcketim ciddi bir sorun olarak kar\u015f\u0131m\u0131zda durmaya devam edecek. Toplumun t\u00fcm kesimleri, enerjinin \u00fcretim ve t\u00fcketim \u015feklini de\u011fi\u015ftirmeye ba\u015flamad\u0131\u011f\u0131 takdirde telafisi m\u00fcmk\u00fcn olmayan bir \u00e7evre kriziyle kar\u015f\u0131 kar\u015f\u0131ya kalaca\u011f\u0131z. Bu, gelecekte yenilenebilir enerji kaynaklar\u0131n\u0131 \u00e7ok daha fazla kullanmam\u0131z ve enerji verimlili\u011fine daha fazla odaklanmam\u0131z\u0131 i\u015faret etmektedir&#8221; diye konu\u015ftu.<\/p>\n<p>Bu konudaki mesaj\u0131n, toplumun t\u00fcm\u00fcne yay\u0131lmas\u0131 i\u00e7in daha \u00e7ok \u00e7aba sarf edilmesi gerekti\u011fine inand\u0131\u011f\u0131n\u0131 ifade eden Bah\u00e7\u0131van, &#8220;Hem t\u00fcketicilere hem de sosyal alanda s\u00f6z sahibi olan ki\u015filere bu konuda b\u00fcy\u00fck g\u00f6revler d\u00fc\u015f\u00fcyor. Bu nedenle \u0130stanbul Sanayi Odas\u0131 olarak, Enerji Verimlili\u011fi Derne\u011fi&#8217;nin \u00e7al\u0131\u015fmalar\u0131n\u0131 \u00f6nemsiyor ve destekliyoruz.&#8221; dedi. Bah\u00e7\u0131van, Nisan ya da May\u0131s ay\u0131 i\u00e7erisinde Enerji Verimlili\u011fi Derne\u011fiyle beraber &#8220;Sanayide Enerji Verimlili\u011fi&#8221;ne y\u00f6nelik bir organizasyon yapmay\u0131 planlad\u0131klar\u0131n\u0131n da haberini verdi.<\/p>\n<p><strong>&#8220;SANAY\u0130 VE YA\u015eAMIMIZDA Y\u00dcZDE 65 VER\u0130MS\u0130Z ENERJ\u0130 KULLANIMI VAR&#8221;<\/strong><\/p>\n<p>Enerji Verimli Sanayi Projesi&#8217;nin Gebze toplant\u0131s\u0131nda s\u00f6z alan Enerji Verimlili\u011fi Derne\u011fi Y\u00f6netim Kurulu \u00dcyesi Ali Kibar, 2013 y\u0131l\u0131nda 20 kentte yap\u0131lan Enerji Han\u0131m ve bu y\u0131l ba\u015flayan Enerji \u00c7ocuk projelerinin ard\u0131ndan enerji t\u00fcketimin y\u00fczde 27&#8217;sine neden olan sanayide tasarrufa odakland\u0131klar\u0131n\u0131 ileterek Enerji Verimli Sanayi projesini tan\u0131tt\u0131.<\/p>\n<p>Kibar yapt\u0131\u011f\u0131 konu\u015fmada, toplam g\u00fcnl\u00fck t\u00fcketilen enerjinin gerek sanayi gerekse ya\u015fam\u0131m\u0131zda yakla\u015f\u0131k y\u00fczde %60-65&#8217;inin verimsiz ve kay\u0131p oldu\u011fu g\u00f6z \u00f6n\u00fcne al\u0131nd\u0131\u011f\u0131nda yap\u0131lacak tasarrufla enerji faturalar\u0131n\u0131n azalmas\u0131 y\u00f6n\u00fcnde b\u00fcy\u00fck mesafe kat edilebilece\u011fini belirtti. Kibar, &#8220;Bu da bilin\u00e7li t\u00fcketimle m\u00fcmk\u00fcn. Enerjinin en yo\u011fun kullan\u0131ld\u0131\u011f\u0131 alanlar\u0131n ba\u015f\u0131nda gelen sanayideki t\u00fcketimde ise, t\u00fcketim al\u0131\u015fkanl\u0131klar\u0131 ve t\u00fcketim \u015fekillerinin her kurum b\u00fcnyesinde detayl\u0131 olarak incelenip, tasarruf edilebilecek unsurlar\u0131n belirlenerek bunlara y\u00f6nelik aksiyon planlar\u0131n\u0131n, tedbir ve yat\u0131r\u0131mlar\u0131n yap\u0131lmas\u0131 hem i\u015fletmecilerimiz, hem de \u00fclkemizin toplam enerji faturas\u0131na olumlu y\u00f6nde yans\u0131yacakt\u0131r. T\u00fcm kurum ortaklar\u0131 ve idarecilerini duyarl\u0131 olmaya davet ediyoruz&#8221; diye konu\u015ftu.<\/p>\n<p><strong>&#8220;ENERJ\u0130 T\u00dcKET\u0130M\u0130NDE T\u00dcM \u00dcLKEDE \u0130LK \u00dc\u00c7TE YER ALAN KOCAEL\u0130 \u0130\u00c7\u0130N ENERJ\u0130Y\u0130 VER\u0130ML\u0130 KULLANMA GEREKL\u0130L\u0130\u011e\u0130 \u00d6N PLANDADIR&#8221;<\/strong><\/p>\n<p>Enerji Verimli Sanayi Projesi&#8217;nin Gebze aya\u011f\u0131nda konu\u015fma yapan Enerji Verimlili\u011fi Derne\u011fi Kocaeli \u015eube Ba\u015fkan\u0131 Ali Fuat Ey\u00fcbo\u011flu da, Kocaeli&#8217;nin enerji t\u00fcketiminde, T\u00fcrkiye genelinde ilk \u00fc\u00e7 s\u0131rada yer ald\u0131\u011f\u0131n\u0131 belirtti. T\u00fcketimin fazla olmas\u0131 sebebiyle enerjide verimlili\u011fin ve tasarrufun gereklili\u011finin daha da \u00f6n plana \u00e7\u0131kt\u0131\u011f\u0131n\u0131 ifade eden Ey\u00fcbo\u011flu, &#8220;Verimlilik hareketi enerjinin az de\u011fil, gerekli \u00f6nlemlerin al\u0131narak daha verimli kullan\u0131lmas\u0131d\u0131r.<\/p>\n<p>Bakan\u0131m\u0131z\u0131n her platformda ifade etti\u011fi &#8216;6.enerji kayna\u011f\u0131m\u0131z tasarruftur&#8217; s\u00f6z\u00fcn\u00fcn, g\u00fcn\u00fcm\u00fczde ve gelecekteki enerji problemlerini g\u00f6z \u00f6n\u00fcne ald\u0131\u011f\u0131m\u0131zda nedenli \u00f6nemli oldu\u011funuz g\u00f6rmekteyiz. Yapaca\u011f\u0131m\u0131z tasarruflar ile kendimiz i\u00e7in k\u00fc\u00e7\u00fck; fakat \u00fclkemiz i\u00e7in bu b\u00fcy\u00fck verimlilik hareketine, hem g\u00fcn\u00fcm\u00fcz d\u00fcnyas\u0131 i\u00e7in ve daha \u00f6nemlisi gelecek nesillere daha temiz ve kaliteli bir d\u00fcnya b\u0131rakmak i\u00e7in sanayici i\u015f adamlar\u0131m\u0131z\u0131n da gerekli deste\u011fi vermesini arzuluyoruz&#8221; ifadelerini kulland\u0131.<\/p>\n<p><strong>RAKAMLARLA ENERJ\u0130 VER\u0130ML\u0130 SANAY\u0130 PROJES\u0130<\/strong><br \/>\n10 y\u0131lda 65 milyar TL olarak saptanan enerji tasarrufu,<br \/>\n&#8211; 16.000 okul<br \/>\n&#8211; 3.200 tam te\u015fekk\u00fcll\u00fc hastane<br \/>\n&#8211; \u00a07 Atat\u00fcrk Baraj\u0131<br \/>\n&#8211; 10 Havaliman\u0131<br \/>\n&#8211; 10 Bo\u011faz K\u00f6pr\u00fcs\u00fc<br \/>\n&#8211; \u00a06 \u00fcnite n\u00fckleer santral yap\u0131labilmesi anlam\u0131na geliyor.<\/p>\n<p><strong>Enerji Faturalar\u0131nda Y\u00fczde 30 Azalma<\/strong><\/p>\n<p>Enerji Verimli Sanayi Projesi kapsam\u0131nda enerji verimlili\u011fi art\u0131r\u0131c\u0131 projelerin sadece bir k\u0131sm\u0131n\u0131n uygulanmas\u0131 sonucunda bile i\u015fletmelerin;<\/p>\n<p>&#8211;\u00a0% 55&#8217;inin enerji faturalar\u0131n\u0131 % 10,<br \/>\n&#8211; % 11&#8217;inin enerji faturalar\u0131n\u0131 % 20,<br \/>\n&#8211; % 8&#8217;inin enerji faturalar\u0131n\u0131 % 30,<br \/>\n&#8211; % 3&#8217;\u00fcn\u00fcn enerji faturalar\u0131n\u0131 % 40<br \/>\n&#8211; % 1&#8217;inin enerji faturalar\u0131n\u0131 % 50<br \/>\noran\u0131nda azal\u0131yor.<\/p>\n<p><strong>* Konya OSB&#8217;de yap\u0131lan anket sonu\u00e7lar\u0131na g\u00f6re.<\/strong><\/p>\n<p><strong>Sanayi kurulu\u015flar\u0131nda Enerjide Verim Art\u0131r\u0131c\u0131 Proje (EVAP) uygulamas\u0131 alanlar\u0131 ise \u015f\u00f6yle:<\/strong><\/p>\n<p>&#8211;\u00a0F\u0131r\u0131n sistemleri<br \/>\n&#8211; Kazan sistemleri<br \/>\n&#8211; Buhar sistemleri<br \/>\n&#8211;\u00a0Kurutma sistemleri<br \/>\n&#8211; \u00a0So\u011futma sistemleri<br \/>\n&#8211; \u00a0Is\u0131tma, havaland\u0131rma ve iklimlendirme<br \/>\n&#8211; \u00a0So\u011futma kulesi sistemleri<br \/>\n&#8211; \u00a0Fan sistemleri<br \/>\n&#8211; \u00a0Bas\u0131n\u00e7l\u0131 hava sistemleri<br \/>\n&#8211; \u00a0Pompa sistemleri<br \/>\n&#8211; \u00a0Elektrik sistemleri<br \/>\n&#8211; \u00a0Motor sistemleri<br \/>\n&#8211; \u00a0Ayd\u0131nlatma sistemleri<\/p>\n<p>Kaynak: <a href=\"http:\/\/www.haberflash.com\/ENERJI-HANIM-VE-ENERJI-COCUKUN-ARDINDAN-ENERJI-VERIMLI-SANAYI-PROJESI-218869.html#.UviMvsk5ldg\" target=\"_blank\">HaberFlash<\/a><\/p>","protected":false},"excerpt":{"rendered":"<p>Sorry, this entry is only available in Turkish. For the sake of viewer convenience, the content is shown below in the alternative language. You may click the link to switch the active language.&#8220;Enerji Han\u0131m&#8221; ve &#8220;Enerji \u00c7ocuk&#8221; projelerinin ard\u0131ndan Enerji ve Tabii Kaynaklar Bakanl\u0131\u011f\u0131 ile Enerji Verimlili\u011fi Derne\u011fi enerji t\u00fcketiminin y\u00fczde 27&#8217;sinin yap\u0131ld\u0131\u011f\u0131 sanayide enerji [&hellip;]<\/p>\n","protected":false},"author":1,"featured_media":4429,"comment_status":"open","ping_status":"open","sticky":false,"template":"","format":"standard","meta":[],"categories":[53,52],"tags":[4227,12742,710,63,67,1009,165,103,148,12739,12,1525,12740,12741,12402,487,667,793,12743],"views":1272,"_links":{"self":[{"href":"https:\/\/www.enerjigazetesi.ist\/en\/wp-json\/wp\/v2\/posts\/22433"}],"collection":[{"href":"https:\/\/www.enerjigazetesi.ist\/en\/wp-json\/wp\/v2\/posts"}],"about":[{"href":"https:\/\/www.enerjigazetesi.ist\/en\/wp-json\/wp\/v2\/types\/post"}],"author":[{"embeddable":true,"href":"https:\/\/www.enerjigazetesi.ist\/en\/wp-json\/wp\/v2\/users\/1"}],"replies":[{"embeddable":true,"href":"https:\/\/www.enerjigazetesi.ist\/en\/wp-json\/wp\/v2\/comments?post=22433"}],"version-history":[{"count":2,"href":"https:\/\/www.enerjigazetesi.ist\/en\/wp-json\/wp\/v2\/posts\/22433\/revisions"}],"predecessor-version":[{"id":22435,"href":"https:\/\/www.enerjigazetesi.ist\/en\/wp-json\/wp\/v2\/posts\/22433\/revisions\/22435"}],"wp:featuredmedia":[{"embeddable":true,"href":"https:\/\/www.enerjigazetesi.ist\/en\/wp-json\/wp\/v2\/media\/4429"}],"wp:attachment":[{"href":"https:\/\/www.enerjigazetesi.ist\/en\/wp-json\/wp\/v2\/media?parent=22433"}],"wp:term":[{"taxonomy":"category","embeddable":true,"href":"https:\/\/www.enerjigazetesi.ist\/en\/wp-json\/wp\/v2\/categories?post=22433"},{"taxonomy":"post_tag","embeddable":true,"href":"https:\/\/www.enerjigazetesi.ist\/en\/wp-json\/wp\/v2\/tags?post=22433"}],"curies":[{"name":"wp","href":"https:\/\/api.w.org\/{rel}","templated":true}]}}